{"id":32328,"date":"2024-07-26T17:32:32","date_gmt":"2024-07-26T21:32:32","guid":{"rendered":"https:\/\/portal.sma.gob.cl\/?p=32328"},"modified":"2024-07-26T17:32:32","modified_gmt":"2024-07-26T21:32:32","slug":"superintendenta-plumer-visita-la-region-de-nuble-para-reunirse-con-autoridades-locales","status":"publish","type":"post","link":"https:\/\/portal.sma.gob.cl\/index.php\/superintendenta-plumer-visita-la-region-de-nuble-para-reunirse-con-autoridades-locales\/","title":{"rendered":"Superintendenta Plumer visita la Regi\u00f3n de \u00d1uble para reunirse con autoridades locales"},"content":{"rendered":"<ul>\n<li><strong><em>Viaje tuvo como fin abordar distintas preocupaciones ambientales que afectan a este territorio.<\/em><\/strong><\/li>\n<\/ul>\n<p><strong>Chill\u00e1n, Regi\u00f3n de \u00d1uble, 26 de julio de 2024.-<\/strong>\u00a0La Superintendenta del Medio Ambiente,\u00a0<strong>Marie Claude Plumer<\/strong>, se traslad\u00f3 hoy hasta la ciudad de Chill\u00e1n, en el marco de una visita oficial que tuvo por objetivo sostener reuniones con distintas autoridades locales.<\/p>\n<p>Durante el despliegue, y en compa\u00f1\u00eda del jefe de la Oficina Regional de la SMA de \u00d1uble,\u00a0<strong>Cristian Lineros<\/strong>, la Superintendenta se reuni\u00f3 a primera hora con las autoridades regionales de la institucionalidad ambiental: el seremi del Medio Ambiente,\u00a0<strong>Mario Rivas<\/strong>\u00a0y con la directora regional del SEA,\u00a0<strong>Any Riveros<\/strong>. Adem\u00e1s, sostuvo reuniones con el gobernador regional,\u00a0<strong>Oscar Cris\u00f3stomo<\/strong>\u00a0y con la alcaldesa (s) de la Ilustre Municipalidad de Chill\u00e1n, Lorena Montti.\u00a0En todas estas reuniones se abordaron los principales desaf\u00edos que tiene la regi\u00f3n de \u00d1uble en materia medioambiental y acerca del rol que tiene la institucionalidad ambiental compuesta por los tres organismos.<\/p>\n<p>Luego de finalizada la visita, la <strong>Superintendenta Plumer<\/strong> relev\u00f3 que\u00a0<em>\u201cse ha tratado de un viaje muy productivo y que tuvo como objetivo abordar los principales problemas ambientales que afectan a la regi\u00f3n de \u00d1uble. El trabajo directo con los territorios a lo largo del pa\u00eds es sumamente importante\u201d<\/em>.<\/p>\n<p>Adem\u00e1s, agreg\u00f3 que\u00a0<em>\u201cconversar y establecer coordinaci\u00f3n con las autoridades locales es clave, as\u00ed como tambi\u00e9n que la autoridad central conozca de manera presencial, las preocupaciones y los avances de la gesti\u00f3n en materia ambiental que est\u00e1 desplegando la Superintendencia del Medio Ambiente\u201d<\/em>.<\/p>\n<p>Cabe indicar que la Regi\u00f3n de \u00d1uble cuenta con 616 Unidades Fiscalizables y 402 Resoluciones de Calificaci\u00f3n Ambiental (RCA).<\/p>\n","protected":false},"excerpt":{"rendered":"<p>Viaje tuvo como fin abordar distintas preocupaciones ambientales que afectan a este territorio. Chill\u00e1n, Regi\u00f3n de \u00d1uble, 26 de julio de 2024.-\u00a0La Superintendenta del Medio Ambiente,\u00a0Marie Claude Plumer, se traslad\u00f3 hoy hasta la ciudad de Chill\u00e1n, en el marco de una visita oficial que tuvo por objetivo sostener reuniones con distintas autoridades locales. Durante el despliegue, <a href=\"https:\/\/portal.sma.gob.cl\/index.php\/superintendenta-plumer-visita-la-region-de-nuble-para-reunirse-con-autoridades-locales\/\">Leer m\u00e1s<\/a><\/p>\n","protected":false},"author":8,"featured_media":32334,"comment_status":"open","ping_status":"open","sticky":false,"template":"","format":"standard","meta":{"footnotes":""},"categories":[90,107,226,235],"tags":[],"class_list":["post-32328","post","type-post","status-publish","format-standard","has-post-thumbnail","hentry","category-comunicados-noticias","category-destacado","category-macrozona-sur","category-nuble"],"_links":{"self":[{"href":"https:\/\/portal.sma.gob.cl\/index.php\/wp-json\/wp\/v2\/posts\/32328","targetHints":{"allow":["GET"]}}],"collection":[{"href":"https:\/\/portal.sma.gob.cl\/index.php\/wp-json\/wp\/v2\/posts"}],"about":[{"href":"https:\/\/portal.sma.gob.cl\/index.php\/wp-json\/wp\/v2\/types\/post"}],"author":[{"embeddable":true,"href":"https:\/\/portal.sma.gob.cl\/index.php\/wp-json\/wp\/v2\/users\/8"}],"replies":[{"embeddable":true,"href":"https:\/\/portal.sma.gob.cl\/index.php\/wp-json\/wp\/v2\/comments?post=32328"}],"version-history":[{"count":1,"href":"https:\/\/portal.sma.gob.cl\/index.php\/wp-json\/wp\/v2\/posts\/32328\/revisions"}],"predecessor-version":[{"id":32329,"href":"https:\/\/portal.sma.gob.cl\/index.php\/wp-json\/wp\/v2\/posts\/32328\/revisions\/32329"}],"wp:featuredmedia":[{"embeddable":true,"href":"https:\/\/portal.sma.gob.cl\/index.php\/wp-json\/wp\/v2\/media\/32334"}],"wp:attachment":[{"href":"https:\/\/portal.sma.gob.cl\/index.php\/wp-json\/wp\/v2\/media?parent=32328"}],"wp:term":[{"taxonomy":"category","embeddable":true,"href":"https:\/\/portal.sma.gob.cl\/index.php\/wp-json\/wp\/v2\/categories?post=32328"},{"taxonomy":"post_tag","embeddable":true,"href":"https:\/\/portal.sma.gob.cl\/index.php\/wp-json\/wp\/v2\/tags?post=32328"}],"curies":[{"name":"wp","href":"https:\/\/api.w.org\/{rel}","templated":true}]}}