{"id":32839,"date":"2024-08-16T12:54:06","date_gmt":"2024-08-16T16:54:06","guid":{"rendered":"https:\/\/portal.sma.gob.cl\/?p=32839"},"modified":"2025-07-21T15:18:25","modified_gmt":"2025-07-21T19:18:25","slug":"sma-realizo-taller-para-titulares-sujetos-a-la-norma-de-emision-en-planteles-porcinos","status":"publish","type":"post","link":"https:\/\/portal.sma.gob.cl\/index.php\/sma-realizo-taller-para-titulares-sujetos-a-la-norma-de-emision-en-planteles-porcinos\/","title":{"rendered":"SMA realiz\u00f3 taller para titulares sujetos a la norma de emisi\u00f3n en planteles porcinos"},"content":{"rendered":"<ul>\n<li><strong><em>Actividad estuvo orientada a informar sobre el estado actual de la normativa y explicar c\u00f3mo opera el sistema de reporte respectivo<\/em><\/strong><\/li>\n<\/ul>\n<p><strong>Santiago, Regi\u00f3n Metropolitana, 14 de agosto de 2023.-<\/strong> Profesionales de la Secci\u00f3n de Calidad del Aire de la Divisi\u00f3n de Fiscalizaci\u00f3n (DFZ) y del Departamento de Seguimiento e Informaci\u00f3n Ambiental (DSI) de la Superintendencia del Medio Ambiente (SMA) realizaron un taller online orientado a titulares sujetos \u00a0a la Norma de Olores para Planteles Porcinos, regulada en el Decreto Supremo N\u00b09, de 2022, del Ministerio del Medio Ambiente (MMA), y que establece par\u00e1metros de emisi\u00f3n en planteles porcinos que, en funci\u00f3n de sus olores, generan molestias y constituyen un riesgo a la calidad de vida de la poblaci\u00f3n. Taller que cont\u00f3 con la participaci\u00f3n de m\u00e1s de 50 titulares afectos a la normativa.<\/p>\n<p>La actividad se expuso sobre el estado actual de implementaci\u00f3n de la Norma, mostrando resultados de la etapa de catastro principalmente. Junto a lo anterior, se explic\u00f3 a qu\u00e9 titulares se le aplica este instrumento de gesti\u00f3n ambiental, as\u00ed como tambi\u00e9n, c\u00f3mo se fija el l\u00edmite de emisi\u00f3n de olor por tipo de planteles de cerdos (peque\u00f1os y medianos).<\/p>\n<p>Tambi\u00e9n, durante el taller se explic\u00f3 c\u00f3mo y qu\u00e9 documentaci\u00f3n debe reportarse en el Sistema de Seguimiento Atmosf\u00e9rico (SISAT). Para ello se realiz\u00f3 la carga en vivo de informaci\u00f3n sobre catastro, practicas operacionales y las tasas de emisi\u00f3n de olor cuando correspond\u00edan, de manera de mejorar el entendimiento del uso del sistema, todo esto en el marco de la facultad de asistencia al cumplimiento prevista para esta Superintendencia.<\/p>\n<p>Para conocer con m\u00e1s detalle cada exposici\u00f3n, descargar cada presentaci\u00f3n en los siguientes enlaces.<\/p>\n<ul>\n<li><span style=\"text-decoration: underline;\"><a href=\"https:\/\/portal.sma.gob.cl\/index.php\/download\/estado-norma-de-olores\/?wpdmdl=32848&amp;masterkey=In_Cf759NFIqVfeRbppvuErDxsi4-f_7iDxfCyhD-l8PgoSKrczPbQm4EFl6yR-GS7yrIi1oRj_g2wWQxpe8MzaZuScW4WlZ5Qg2wESnaAE\">Estado Norma Olores &#8211; Mauricio Grez, profesional de DFZ.<\/a><\/span><\/li>\n<li><span style=\"text-decoration: underline;\"><a href=\"https:\/\/portal.sma.gob.cl\/index.php\/download\/modulo-sisat-norma-de-olores\/?wpdmdl=32847&amp;masterkey=lI0WnnYNCTbcaTo9nDdQMb1jckoR_ElUne7pPckmCTKlG7feXIpHlMcaH1qExpKzxnKB2JT_kvbeHQxLux7C1ksv7J_ABfHd6fH4j3CZL6k\">Modulo SISAT Norma Olores &#8211; Renzo Stanley, profesional de DSI.<\/a><\/span><\/li>\n<\/ul>\n","protected":false},"excerpt":{"rendered":"<p>Actividad estuvo orientada a informar sobre el estado actual de la normativa y explicar c\u00f3mo opera el sistema de reporte respectivo Santiago, Regi\u00f3n Metropolitana, 14 de agosto de 2023.- Profesionales de la Secci\u00f3n de Calidad del Aire de la Divisi\u00f3n de Fiscalizaci\u00f3n (DFZ) y del Departamento de Seguimiento e Informaci\u00f3n Ambiental (DSI) de la Superintendencia del <a href=\"https:\/\/portal.sma.gob.cl\/index.php\/sma-realizo-taller-para-titulares-sujetos-a-la-norma-de-emision-en-planteles-porcinos\/\">Leer m\u00e1s<\/a><\/p>\n","protected":false},"author":8,"featured_media":32841,"comment_status":"open","ping_status":"open","sticky":false,"template":"","format":"standard","meta":{"footnotes":""},"categories":[225,232,94,283],"tags":[],"class_list":["post-32839","post","type-post","status-publish","format-standard","has-post-thumbnail","hentry","category-macrozona-centro","category-metropolitana","category-notas-noticias","category-sisat"],"_links":{"self":[{"href":"https:\/\/portal.sma.gob.cl\/index.php\/wp-json\/wp\/v2\/posts\/32839","targetHints":{"allow":["GET"]}}],"collection":[{"href":"https:\/\/portal.sma.gob.cl\/index.php\/wp-json\/wp\/v2\/posts"}],"about":[{"href":"https:\/\/portal.sma.gob.cl\/index.php\/wp-json\/wp\/v2\/types\/post"}],"author":[{"embeddable":true,"href":"https:\/\/portal.sma.gob.cl\/index.php\/wp-json\/wp\/v2\/users\/8"}],"replies":[{"embeddable":true,"href":"https:\/\/portal.sma.gob.cl\/index.php\/wp-json\/wp\/v2\/comments?post=32839"}],"version-history":[{"count":4,"href":"https:\/\/portal.sma.gob.cl\/index.php\/wp-json\/wp\/v2\/posts\/32839\/revisions"}],"predecessor-version":[{"id":34002,"href":"https:\/\/portal.sma.gob.cl\/index.php\/wp-json\/wp\/v2\/posts\/32839\/revisions\/34002"}],"wp:featuredmedia":[{"embeddable":true,"href":"https:\/\/portal.sma.gob.cl\/index.php\/wp-json\/wp\/v2\/media\/32841"}],"wp:attachment":[{"href":"https:\/\/portal.sma.gob.cl\/index.php\/wp-json\/wp\/v2\/media?parent=32839"}],"wp:term":[{"taxonomy":"category","embeddable":true,"href":"https:\/\/portal.sma.gob.cl\/index.php\/wp-json\/wp\/v2\/categories?post=32839"},{"taxonomy":"post_tag","embeddable":true,"href":"https:\/\/portal.sma.gob.cl\/index.php\/wp-json\/wp\/v2\/tags?post=32839"}],"curies":[{"name":"wp","href":"https:\/\/api.w.org\/{rel}","templated":true}]}}