{"id":32867,"date":"2024-08-21T17:34:43","date_gmt":"2024-08-21T21:34:43","guid":{"rendered":"https:\/\/portal.sma.gob.cl\/?p=32867"},"modified":"2024-08-21T18:21:52","modified_gmt":"2024-08-21T22:21:52","slug":"superintendenta-plumer-visita-la-region-de-antofagasta-y-participa-en-congreso-que-abordo-la-ley-rep-en-neumaticos","status":"publish","type":"post","link":"https:\/\/portal.sma.gob.cl\/index.php\/superintendenta-plumer-visita-la-region-de-antofagasta-y-participa-en-congreso-que-abordo-la-ley-rep-en-neumaticos\/","title":{"rendered":"Superintendenta Plumer visita la Regi\u00f3n de Antofagasta y participa en congreso que abord\u00f3 la Ley REP en neum\u00e1ticos"},"content":{"rendered":"<ul>\n<li><strong>En el marco de la visita oficial, la jefa del Servicio realiz\u00f3 un recorrido por las instalaciones de la Planta Desaladora Agua de Mar, la primera del pa\u00eds que abastece a una ciudad con agua potable. <\/strong><\/li>\n<\/ul>\n<p><strong>Regi\u00f3n de Antofagasta, 21 de agosto de 2024-.<\/strong> La Superintendenta del Medio Ambiente, Marie Claude Plumer, lleg\u00f3 hasta la Regi\u00f3n de Antofagasta para participar en una serie de actividades vinculadas a la labor que realiza la Superintendencia del Medio Ambiente en la zona. De esta forma, y acompa\u00f1ada por la jefa de la Oficina Regional, Sandra Cortez, la jefa del Servicio realiz\u00f3 una visita t\u00e9cnica a la Planta Desaladora de Agua de Mar, de Agua Antofagasta S.A.<\/p>\n<p>La planta se encuentra ubicada en Caleta La Chimba -al norte del n\u00facleo urbano de la ciudad- y abarca una superficie total de 5,8 hect\u00e1reas. Su construcci\u00f3n tiene como objetivo satisfacer la demanda de agua en los poblados de la regi\u00f3n, mediante el proceso de osmosis inversa.<\/p>\n<p>Esta planta cuenta con dos ampliaciones ambientalmente aprobadas, de las cuales la segunda se encuentra en plena fase de construcci\u00f3n y cuyo objetivo es alcanzar una capacidad de captaci\u00f3n de agua de mar hasta 4.209 L\/s, para producir 1.629 L\/s de agua potable.<\/p>\n<p><strong>Congreso REP<\/strong><\/p>\n<p>Por otra parte, la Superintendenta Plumer particip\u00f3 como panelista en el Congreso REP Neum\u00e1ticos 2024 organizado por Pa\u00eds Circular junto a Circular TEC, el cual convoc\u00f3 a empresas mineras, gestores, sistemas de gesti\u00f3n, autoridades y asociaciones gremiales, entre otros, con el objetivo de abordar los avances y desaf\u00edos de la Ley de Responsabilidad Extendida del Productor y Fomento al Reciclaje (Ley REP), respecto de la valorizaci\u00f3n de neum\u00e1ticos fuera de uso por parte de la industria minera y la macrozona norte.<\/p>\n<p>La Ley REP busca disminuir la generaci\u00f3n de residuos y fomentar su reutilizaci\u00f3n, reciclaje y otro tipo de valorizaci\u00f3n, a trav\u00e9s de la instauraci\u00f3n de la responsabilidad extendida del productor y otros instrumentos de gesti\u00f3n de residuos, con el objetivo de proteger la salud de las personas y el medioambiente.<\/p>\n<p>Cabe recordar que en 2023 comenzaron a regir las obligaciones de la Ley REP para neum\u00e1ticos fuera de uso, estableciendo metas de recolecci\u00f3n y valorizaci\u00f3n para este producto prioritario.<\/p>\n<p>La Superintendenta Plumer explic\u00f3 que \u201cla SMA tiene la labor de fiscalizar y asegurar el cumplimiento de la Ley REP que busca fomentar la valorizaci\u00f3n de productos para que no se transformen finalmente en residuos. O sea, se trata de una ley que tiene como objetivo mejorar la calidad de vida de las personas y proteger el medioambiente, y para eso el rol de la Superintendencia es clave\u201d.<\/p>\n<p>Para m\u00e1s informaci\u00f3n sobre el rol de la SMA en la Ley REP revisa el sitio web <a href=\"https:\/\/portal.sma.gob.cl\/index.php\/ley-rep\/\">https:\/\/portal.sma.gob.cl\/index.php\/ley-rep\/<\/a><\/p>\n","protected":false},"excerpt":{"rendered":"<p>En el marco de la visita oficial, la jefa del Servicio realiz\u00f3 un recorrido por las instalaciones de la Planta Desaladora Agua de Mar, la primera del pa\u00eds que abastece a una ciudad con agua potable. Regi\u00f3n de Antofagasta, 21 de agosto de 2024-. La Superintendenta del Medio Ambiente, Marie Claude Plumer, lleg\u00f3 hasta la Regi\u00f3n <a href=\"https:\/\/portal.sma.gob.cl\/index.php\/superintendenta-plumer-visita-la-region-de-antofagasta-y-participa-en-congreso-que-abordo-la-ley-rep-en-neumaticos\/\">Leer m\u00e1s<\/a><\/p>\n","protected":false},"author":8,"featured_media":32869,"comment_status":"open","ping_status":"open","sticky":false,"template":"","format":"standard","meta":{"footnotes":""},"categories":[90,107,275,224],"tags":[],"class_list":["post-32867","post","type-post","status-publish","format-standard","has-post-thumbnail","hentry","category-comunicados-noticias","category-destacado","category-ley-rep","category-macrozona-norte"],"_links":{"self":[{"href":"https:\/\/portal.sma.gob.cl\/index.php\/wp-json\/wp\/v2\/posts\/32867","targetHints":{"allow":["GET"]}}],"collection":[{"href":"https:\/\/portal.sma.gob.cl\/index.php\/wp-json\/wp\/v2\/posts"}],"about":[{"href":"https:\/\/portal.sma.gob.cl\/index.php\/wp-json\/wp\/v2\/types\/post"}],"author":[{"embeddable":true,"href":"https:\/\/portal.sma.gob.cl\/index.php\/wp-json\/wp\/v2\/users\/8"}],"replies":[{"embeddable":true,"href":"https:\/\/portal.sma.gob.cl\/index.php\/wp-json\/wp\/v2\/comments?post=32867"}],"version-history":[{"count":2,"href":"https:\/\/portal.sma.gob.cl\/index.php\/wp-json\/wp\/v2\/posts\/32867\/revisions"}],"predecessor-version":[{"id":32875,"href":"https:\/\/portal.sma.gob.cl\/index.php\/wp-json\/wp\/v2\/posts\/32867\/revisions\/32875"}],"wp:featuredmedia":[{"embeddable":true,"href":"https:\/\/portal.sma.gob.cl\/index.php\/wp-json\/wp\/v2\/media\/32869"}],"wp:attachment":[{"href":"https:\/\/portal.sma.gob.cl\/index.php\/wp-json\/wp\/v2\/media?parent=32867"}],"wp:term":[{"taxonomy":"category","embeddable":true,"href":"https:\/\/portal.sma.gob.cl\/index.php\/wp-json\/wp\/v2\/categories?post=32867"},{"taxonomy":"post_tag","embeddable":true,"href":"https:\/\/portal.sma.gob.cl\/index.php\/wp-json\/wp\/v2\/tags?post=32867"}],"curies":[{"name":"wp","href":"https:\/\/api.w.org\/{rel}","templated":true}]}}