{"id":32883,"date":"2024-08-22T08:50:41","date_gmt":"2024-08-22T12:50:41","guid":{"rendered":"https:\/\/portal.sma.gob.cl\/?p=32883"},"modified":"2024-08-22T08:58:26","modified_gmt":"2024-08-22T12:58:26","slug":"antofagasta-sma-formula-dos-cargos-graves-contra-la-empresa-minera-codelco-division-ministro-hales","status":"publish","type":"post","link":"https:\/\/portal.sma.gob.cl\/index.php\/antofagasta-sma-formula-dos-cargos-graves-contra-la-empresa-minera-codelco-division-ministro-hales\/","title":{"rendered":"Antofagasta: SMA formula dos cargos graves contra la empresa minera Codelco Divisi\u00f3n Ministro Hales"},"content":{"rendered":"<p><strong>Antofagasta: SMA formula dos cargos graves contra la empresa minera Codelco Divisi\u00f3n Ministro Hales<\/strong><\/p>\n<ul>\n<li><strong><em>Esto, luego de constatar que la empresa cupr\u00edfera no ejecut\u00f3 medidas ambientales vinculadas al tranque Talabre.\u00a0<\/em><\/strong><\/li>\n<\/ul>\n<p><strong>Regi\u00f3n de Antofagasta, 22 de agosto de 2024.<\/strong>\u202fLa Superintendencia del Medio Ambiente (SMA) formul\u00f3 dos cargos contra la empresa Codelco, titular de los proyectos \u201cMansa Mina\u201d (RCA N\u00b0311\/2005), \u201cModificaci\u00f3n Mina Ministro Hales\u201d (RCA N\u00b0240\/2010) y \u201cOptimizaci\u00f3n de procesamiento Divisi\u00f3n Ministro Hales\u201d (RCA N\u00b0424\/2016), asociados a la Unidad Fiscalizable \u201cMinistro Hales\u201d, localizada en camino a Chuquicamata, comuna de Calama, luego de constatar que la minera no ejecut\u00f3 medidas ambientales relacionadas al tranque Talabre.<\/p>\n<p>Dichos proyectos contemplan la explotaci\u00f3n del yacimiento de la Divisi\u00f3n Ministro Hales, cuyos relaves, en conjunto con los relaves generados por la Divisi\u00f3n Chuquicamata y por la Divisi\u00f3n Radomiro Tomic, todos pertenecientes a Codelco, son impulsados hacia el dep\u00f3sito de relaves denominado tranque Talabre.<\/p>\n<p>Este caso tiene como origen una denuncia ciudadana ingresada en 2023 sobre infiltraciones generadas en el tranque desde el a\u00f1o 2019, lo cual conllevar\u00eda la contaminaci\u00f3n del acu\u00edfero del R\u00edo Loa. La denuncia tambi\u00e9n plantea que la pluma de contaminaci\u00f3n tendr\u00eda direcci\u00f3n hacia la ciudad de Calama, como aguas abajo, afectando el acu\u00edfero protegido de Yalquincha, lo cual implicar\u00eda una expansi\u00f3n del \u00e1rea de influencia que comprendi\u00f3 originalmente la l\u00ednea base del proyecto.<\/p>\n<p>Entre las diligencias realizadas por la SMA, se desarroll\u00f3 una actividad de fiscalizaci\u00f3n en mayo de 2017 a cargo de la Oficina Regional SMA de Antofagasta, en conjunto con la DGA y SERNAGEOMIN regionales. A lo anterior, en junio de 2023 se realizaron actividades de requerimiento y examen de informaci\u00f3n relacionada con la unidad fiscalizable.<\/p>\n<p>En base a estos antecedentes, la Superintendencia formul\u00f3 dos cargos graves contra la minera. La primera infracci\u00f3n se sustenta porque la empresa no valid\u00f3 ni ejecut\u00f3 un plan de contingencias para el control de la alteraci\u00f3n progresiva de los recursos h\u00eddricos subterr\u00e1neos.<\/p>\n<p>Y la segunda infracci\u00f3n imputadas se sustenta porque la compa\u00f1\u00eda realiz\u00f3 una depositaci\u00f3n de relaves sin alcanzar el l\u00edmite inferior fijado para el porcentaje de s\u00f3lidos en estos, desde el a\u00f1o 2017 hasta el a\u00f1o 2024.<\/p>\n<p>Al respecto,\u202fla Superintendenta del Medio Ambiente, <strong>Marie Claude Plumer<\/strong> se\u00f1al\u00f3 que\u202f<em>\u201cla labor de la Superintendencia es fiscalizar e impulsar el cumplimiento ambiental por parte de todos los titulares de proyectos. En este sentido, es importante reforzar que las condiciones, normas y medidas establecidas en los permisos ambientales que se obtienen para poder operar, deben ser adoptados por las empresas\u201d.\u00a0<\/em><\/p>\n<p>En el caso de las infracciones graves, los titulares se exponen a multas de hasta 5.000 UTA, junto con la revocaci\u00f3n de la RCA o clausura. En este caso la empresa Codelco, Divisi\u00f3n Ministro Hales, arriesga una multa de hasta diez mil UTA, equivalente a m\u00e1s de $7.908 millones, a valor actual.<\/p>\n<p>Tras la notificaci\u00f3n de esta formulaci\u00f3n de cargos, la empresa cuenta con un plazo de 10 d\u00edas h\u00e1biles para presentar un Programa de Cumplimiento y de 15 d\u00edas h\u00e1biles para formular sus Descargos, ambos plazos contados desde la notificaci\u00f3n.<\/p>\n<p>M\u00e1s informaci\u00f3n en el\u202fSistema Nacional de Informaci\u00f3n de Fiscalizaci\u00f3n Ambiental (SNIFA):\u202f <a href=\"https:\/\/snifa.sma.gob.cl\/Sancionatorio\/Ficha\/3787\">https:\/\/snifa.sma.gob.cl\/Sancionatorio\/Ficha\/3787<\/a><\/p>\n","protected":false},"excerpt":{"rendered":"<p>Antofagasta: SMA formula dos cargos graves contra la empresa minera Codelco Divisi\u00f3n Ministro Hales Esto, luego de constatar que la empresa cupr\u00edfera no ejecut\u00f3 medidas ambientales vinculadas al tranque Talabre.\u00a0 Regi\u00f3n de Antofagasta, 22 de agosto de 2024.\u202fLa Superintendencia del Medio Ambiente (SMA) formul\u00f3 dos cargos contra la empresa Codelco, titular de los proyectos \u201cMansa Mina\u201d <a href=\"https:\/\/portal.sma.gob.cl\/index.php\/antofagasta-sma-formula-dos-cargos-graves-contra-la-empresa-minera-codelco-division-ministro-hales\/\">Leer m\u00e1s<\/a><\/p>\n","protected":false},"author":8,"featured_media":32887,"comment_status":"open","ping_status":"open","sticky":false,"template":"","format":"standard","meta":{"footnotes":""},"categories":[229,90,107,224],"tags":[],"class_list":["post-32883","post","type-post","status-publish","format-standard","has-post-thumbnail","hentry","category-antofagasta","category-comunicados-noticias","category-destacado","category-macrozona-norte"],"_links":{"self":[{"href":"https:\/\/portal.sma.gob.cl\/index.php\/wp-json\/wp\/v2\/posts\/32883","targetHints":{"allow":["GET"]}}],"collection":[{"href":"https:\/\/portal.sma.gob.cl\/index.php\/wp-json\/wp\/v2\/posts"}],"about":[{"href":"https:\/\/portal.sma.gob.cl\/index.php\/wp-json\/wp\/v2\/types\/post"}],"author":[{"embeddable":true,"href":"https:\/\/portal.sma.gob.cl\/index.php\/wp-json\/wp\/v2\/users\/8"}],"replies":[{"embeddable":true,"href":"https:\/\/portal.sma.gob.cl\/index.php\/wp-json\/wp\/v2\/comments?post=32883"}],"version-history":[{"count":2,"href":"https:\/\/portal.sma.gob.cl\/index.php\/wp-json\/wp\/v2\/posts\/32883\/revisions"}],"predecessor-version":[{"id":32888,"href":"https:\/\/portal.sma.gob.cl\/index.php\/wp-json\/wp\/v2\/posts\/32883\/revisions\/32888"}],"wp:featuredmedia":[{"embeddable":true,"href":"https:\/\/portal.sma.gob.cl\/index.php\/wp-json\/wp\/v2\/media\/32887"}],"wp:attachment":[{"href":"https:\/\/portal.sma.gob.cl\/index.php\/wp-json\/wp\/v2\/media?parent=32883"}],"wp:term":[{"taxonomy":"category","embeddable":true,"href":"https:\/\/portal.sma.gob.cl\/index.php\/wp-json\/wp\/v2\/categories?post=32883"},{"taxonomy":"post_tag","embeddable":true,"href":"https:\/\/portal.sma.gob.cl\/index.php\/wp-json\/wp\/v2\/tags?post=32883"}],"curies":[{"name":"wp","href":"https:\/\/api.w.org\/{rel}","templated":true}]}}