{"id":32921,"date":"2024-08-28T11:59:09","date_gmt":"2024-08-28T15:59:09","guid":{"rendered":"https:\/\/portal.sma.gob.cl\/?p=32921"},"modified":"2024-08-28T11:59:43","modified_gmt":"2024-08-28T15:59:43","slug":"superintendenta-plumer-designa-a-nueva-jefa-regional-de-la-sma-en-valparaiso","status":"publish","type":"post","link":"https:\/\/portal.sma.gob.cl\/index.php\/superintendenta-plumer-designa-a-nueva-jefa-regional-de-la-sma-en-valparaiso\/","title":{"rendered":"Superintendenta Plumer designa a nueva jefa regional de la SMA en Valpara\u00edso"},"content":{"rendered":"<ul>\n<li><strong>Se trata de la ingeniera ambiental Mar\u00eda Jos\u00e9 Silva, quien posee una amplia experiencia en el sector p\u00fablico y en materias de salud, con enfoque en aire, seguridad qu\u00edmica y residuos industriales.<\/strong><\/li>\n<\/ul>\n<p><strong>Regi\u00f3n de Valpara\u00edso, 28 de agosto de 2024<\/strong>. Desde este lunes, la Oficina de la Superintendencia de Medio Ambiente (SMA) en Valpara\u00edso cuenta con una nueva jefa regional: Mar\u00eda Jos\u00e9 Silva, ingeniera ambiental de la Universidad de Valpara\u00edso y Diplomado en Toxicolog\u00eda Ambiental y Evaluaci\u00f3n de Riesgo a la Salud, de la Pontificia Universidad Cat\u00f3lica de Chile.<\/p>\n<p>La nueva encargada de la Superintendencia en la regi\u00f3n cuenta con amplia experiencia en el sector p\u00fablico en tem\u00e1ticas asociadas a calidad del aire, seguridad qu\u00edmica, residuos industriales y del Sistema de Evaluaci\u00f3n de Impacto Ambiental (SEIA).<\/p>\n<p>Previo a su llegada a la SMA, Silva se desempe\u00f1\u00f3 por m\u00e1s de 13 a\u00f1os en la Seremi de Salud de Valpara\u00edso, espec\u00edficamente como encargada del \u00e1rea responsable de planificar, ejecutar y evaluar el Programa Operativo Anual de Fiscalizaci\u00f3n, donde implement\u00f3 estrategias con enfoque de riesgo en la salud de la poblaci\u00f3n.<\/p>\n<p>Junto con lo anterior, estuvo a cargo de enfrentar y coordinar emergencias ambientales, asesorando t\u00e9cnicamente a la Instituci\u00f3n o Servicios P\u00fablicos de la regi\u00f3n, as\u00ed como tambi\u00e9n responder requerimientos ciudadanos (denuncias, consultas, solicitudes de fiscalizaci\u00f3n y reclamos).<\/p>\n<p>La Superintendenta <strong>Marie Claude Plumer<\/strong> destac\u00f3 la llegada de la nueva jefa de la SMA en Valpara\u00edso y se\u00f1al\u00f3 que \u201ces una profesional con gran experiencia en el sector p\u00fablico ligado a materias de salud, con enfoque en calidad del aire, que es hoy uno de los principales asuntos que nos ocupa en este territorio del pa\u00eds. Su llegada permitir\u00e1 reforzar la presencia de la instituci\u00f3n en la regi\u00f3n, a trav\u00e9s de todas las competencias t\u00e9cnicas que tiene para asumir el cargo\u201d.<\/p>\n<p>Por su parte, <strong>Mar\u00eda Jos\u00e9<\/strong> <strong>Silva <\/strong>se\u00f1al\u00f3 que \u201cValpara\u00edso es una regi\u00f3n de una alta complejidad y diversidad ambiental, que requiere a una instituci\u00f3n presente para verificar y fomentar el cumplimiento de los regulados que se encuentran afectos a alg\u00fan instrumento de gesti\u00f3n ambiental de competencia de la SMA\u201d. Junto con esto, agreg\u00f3 que \u201cconozco la realidad de la zona, ya que estuve por m\u00e1s de 13 a\u00f1os en la seremi de Salud regional como encargada de aire y seguridad qu\u00edmica, entre otras materias\u201d.<\/p>\n<p>En sus primeros d\u00edas, tras asumir el lunes 26 de agosto, Mar\u00eda Jos\u00e9 Silva sostuvo reuniones internas y tambi\u00e9n de coordinaci\u00f3n con autoridades regionales.<\/p>\n","protected":false},"excerpt":{"rendered":"<p>Se trata de la ingeniera ambiental Mar\u00eda Jos\u00e9 Silva, quien posee una amplia experiencia en el sector p\u00fablico y en materias de salud, con enfoque en aire, seguridad qu\u00edmica y residuos industriales. Regi\u00f3n de Valpara\u00edso, 28 de agosto de 2024. Desde este lunes, la Oficina de la Superintendencia de Medio Ambiente (SMA) en Valpara\u00edso cuenta con <a href=\"https:\/\/portal.sma.gob.cl\/index.php\/superintendenta-plumer-designa-a-nueva-jefa-regional-de-la-sma-en-valparaiso\/\">Leer m\u00e1s<\/a><\/p>\n","protected":false},"author":13,"featured_media":32922,"comment_status":"open","ping_status":"open","sticky":false,"template":"","format":"standard","meta":{"footnotes":""},"categories":[90,107,225,94],"tags":[],"class_list":["post-32921","post","type-post","status-publish","format-standard","has-post-thumbnail","hentry","category-comunicados-noticias","category-destacado","category-macrozona-centro","category-notas-noticias"],"_links":{"self":[{"href":"https:\/\/portal.sma.gob.cl\/index.php\/wp-json\/wp\/v2\/posts\/32921","targetHints":{"allow":["GET"]}}],"collection":[{"href":"https:\/\/portal.sma.gob.cl\/index.php\/wp-json\/wp\/v2\/posts"}],"about":[{"href":"https:\/\/portal.sma.gob.cl\/index.php\/wp-json\/wp\/v2\/types\/post"}],"author":[{"embeddable":true,"href":"https:\/\/portal.sma.gob.cl\/index.php\/wp-json\/wp\/v2\/users\/13"}],"replies":[{"embeddable":true,"href":"https:\/\/portal.sma.gob.cl\/index.php\/wp-json\/wp\/v2\/comments?post=32921"}],"version-history":[{"count":2,"href":"https:\/\/portal.sma.gob.cl\/index.php\/wp-json\/wp\/v2\/posts\/32921\/revisions"}],"predecessor-version":[{"id":32924,"href":"https:\/\/portal.sma.gob.cl\/index.php\/wp-json\/wp\/v2\/posts\/32921\/revisions\/32924"}],"wp:featuredmedia":[{"embeddable":true,"href":"https:\/\/portal.sma.gob.cl\/index.php\/wp-json\/wp\/v2\/media\/32922"}],"wp:attachment":[{"href":"https:\/\/portal.sma.gob.cl\/index.php\/wp-json\/wp\/v2\/media?parent=32921"}],"wp:term":[{"taxonomy":"category","embeddable":true,"href":"https:\/\/portal.sma.gob.cl\/index.php\/wp-json\/wp\/v2\/categories?post=32921"},{"taxonomy":"post_tag","embeddable":true,"href":"https:\/\/portal.sma.gob.cl\/index.php\/wp-json\/wp\/v2\/tags?post=32921"}],"curies":[{"name":"wp","href":"https:\/\/api.w.org\/{rel}","templated":true}]}}