{"id":32936,"date":"2024-09-02T11:27:28","date_gmt":"2024-09-02T15:27:28","guid":{"rendered":"https:\/\/portal.sma.gob.cl\/?p=32936"},"modified":"2024-09-02T11:28:44","modified_gmt":"2024-09-02T15:28:44","slug":"region-metropolitana-2024-es-el-tercer-ano-con-mejor-calidad-del-aire-desde-que-existe-plan-de-descontaminacion","status":"publish","type":"post","link":"https:\/\/portal.sma.gob.cl\/index.php\/region-metropolitana-2024-es-el-tercer-ano-con-mejor-calidad-del-aire-desde-que-existe-plan-de-descontaminacion\/","title":{"rendered":"Regi\u00f3n Metropolitana: 2024 es el tercer a\u00f1o con mejor calidad del aire desde que existe plan de descontaminaci\u00f3n"},"content":{"rendered":"<ul>\n<li><em>La ministra del Medio Ambiente, <strong>Maisa Rojas<\/strong>, coment\u00f3 que los buenos resultados se dan pese a condiciones meteorol\u00f3gicas m\u00e1s desafiantes para la capital. Explic\u00f3 que, gracias a las medidas del Plan de Prevenci\u00f3n y Descontaminaci\u00f3n Atmosf\u00e9rica (PPDA), se registra un 50% menos de episodios cr\u00edticos de contaminaci\u00f3n comparado con 10 a\u00f1os atr\u00e1s.<\/em><\/li>\n<li><em>La superintendenta de Medio Ambiente, <strong>Marie Claude Plumer<\/strong> destac\u00f3 que este a\u00f1o, la SMA reforz\u00f3 las actividades de fiscalizaci\u00f3n en la Regi\u00f3n Metropolitana, pasando de 108 en 2023, a 370 en 2024. &#8220;Se trata de un esfuerzo y compromiso adicional, con uso de un fuerte componente de tecnolog\u00eda, para verificar el cumplimiento ambiental por parte de los establecimientos regulados\u201d, dijo.<\/em><\/li>\n<\/ul>\n<p><em>\u00a0<\/em><\/p>\n<p><strong>02 de septiembre de 2024, Regi\u00f3n Metropolitana.<\/strong> Este 2024 se posicion\u00f3 como el tercer a\u00f1o con mejor calidad del aire en la Regi\u00f3n Metropolitana desde que comenz\u00f3 a operar el primer Plan de Prevenci\u00f3n y Descontaminaci\u00f3n Atmosf\u00e9rica (PPDA), que data de 1997, y que cuenta con medidas extraordinarias para reducir la contaminaci\u00f3n en el periodo de mala ventilaci\u00f3n en la capital.<\/p>\n<p>As\u00ed lo dio a conocer la ministra del Medio Ambiente, <strong>Maisa Rojas<\/strong>, al realizar un balance de la Gesti\u00f3n de Episodios Cr\u00edticos (GEC) -per\u00edodo entre el 1 de mayo y 31 de agosto- y que permite tomar medidas para reducir la contaminaci\u00f3n cuando se declara alerta, preemergencia o emergencia ambiental. \u201cSi consideramos s\u00f3lo el material particulado fino, el m\u00e1s da\u00f1ino para la salud de las personas, fue el tercer a\u00f1o con menor cantidad de horas en episodio cr\u00edtico. En simple, hubo menos tiempo en que los santiaguinos nos enfrentamos a mayores niveles de contaminaci\u00f3n, solo superado por el 2020 \u2013en plena pandemia- y el 2023\u201d, explic\u00f3.<\/p>\n<p>En el 2024 se registraron 322 horas en episodio por material particulado 2,5 (MP2,5). En este periodo de mala ventilaci\u00f3n en la Regi\u00f3n Metropolitana se registraron 24 episodios cr\u00edticos. En espec\u00edfico, fueron 5 Preemergencias y 19 Alertas Ambientales.<\/p>\n<p>La ministra Rojas a\u00f1adi\u00f3 que \u201cestos buenos resultados se dan pese a condiciones meteorol\u00f3gicas m\u00e1s desafiantes. Si comparamos con 10 a\u00f1os atr\u00e1s, se registra un 50% menos de episodios cr\u00edticos de contaminaci\u00f3n&#8221;.<\/p>\n<p>En la actividad, realizada en el Sky Costanera, participaron tambi\u00e9n el ministro de Transportes y Telecomunicaciones, <strong>Juan Carlos Mu\u00f1oz<\/strong>; el Delegado Presidencial RM, <strong>Gonzalo Dur\u00e1n<\/strong>; la Superintendente del Medio Ambiente, <strong>Marie Claude Plumer;<\/strong> los seremis de Medio Ambiente RM, <strong>Sonia Reyes,<\/strong> y de Transportes, <strong>Rodrigo Valladares;<\/strong>\u00a0adem\u00e1s del director regional de CONAF RM, <strong>Rodrigo Illesca<\/strong>.<\/p>\n<h3><strong>Fiscalizaciones GEC 2024<\/strong><\/h3>\n<p>Las fiscalizaciones realizadas hasta el 28 de agosto por el Sistema automatizado del Programa Nacional de Fiscalizaci\u00f3n del Ministerio de Transportes resultaron en 161.263 infracciones por no respetar la Restricci\u00f3n Vehicular.<\/p>\n<p>Al respecto el ministro de Transportes y Telecomunicaciones, Juan Carlos Mu\u00f1oz, destac\u00f3 \u201ccomo parte del per\u00edodo de Gesti\u00f3n de Episodios Cr\u00edticos del Ministerio de Medio Ambiente, nosotros como Transportes tenemos la tarea de controlar el cumplimiento de la restricci\u00f3n vehicular, cuyo objetivo es resguardar la calidad del aire.\u00a0 Y este a\u00f1o, durante los cuatro meses que rigi\u00f3 la restricci\u00f3n vehicular se cursaron 161.263 citaciones, con un cumplimiento que fue mejorando a medida que avanzaron los meses, si en un comienzo mayo cerr\u00f3 con 52.562, agosto finaliz\u00f3 con 25.778\u201d.<\/p>\n<p>Hay que destacar que las medidas estructurales aplicadas desde el a\u00f1o 2016 a la fecha, con la \u00faltima actualizaci\u00f3n del Plan de Prevenci\u00f3n y Descontaminaci\u00f3n Atmosf\u00e9rica (PPDA), ha significado una sustantiva mejora de los combustibles y con ello, que se renov\u00f3 casi todo el parque automotriz de la RM.<\/p>\n<p>Sobre los operativos de fiscalizaciones por el uso de calefactores a le\u00f1a, la Seremi de Salud RM realiz\u00f3 801 fiscalizaciones a hogares en la RM, de las cuales 282 resultaron en multas por incumplimiento de la prohibici\u00f3n de su uso.<\/p>\n<p>Cabe indicar que la Seremi de Salud, privilegi\u00f3 aquellos sectores comunales de cada Provincia donde hubo una mayor concentraci\u00f3n de domicilios con calefactores a le\u00f1a, en especial en aquellos que pudieran disponer de alternativas de calefacci\u00f3n de menor emisi\u00f3n. A la vez, focaliz\u00f3 la labor en terreno mediante patrullajes en comunas que presentaron una mayor cantidad de solicitudes de fiscalizaci\u00f3n (denuncias) presentadas ante la entidad.<\/p>\n<p>Respecto de las fiscalizaciones al sector industrial, de 61 Grandes Establecimientos que deb\u00edan presentar su Plan de Reducci\u00f3n de Emisiones de acuerdo al PPDA, 6 de ellos no cumplieron con esta medida, por lo que deb\u00edan paralizar en d\u00edas de preemergencia ambiental.<\/p>\n<p>La Superintendencia del Medio Ambiente realiz\u00f3 18 fiscalizaciones a las fuentes, donde se comprob\u00f3 un 100% de cumplimiento de la medida de paralizaci\u00f3n, as\u00ed como en las fiscalizaciones al L\u00edmite de Emisi\u00f3n y Evaluaci\u00f3n de cumplimiento de metas de Material Particulado, donde de 350 fiscalizaciones solo se registraron 4 incumplimientos.<\/p>\n<p><strong>La superintendenta de Medio Ambiente, Marie Claude Plumer<\/strong> destac\u00f3 que \u201cdurante este a\u00f1o, la Superintendencia reforz\u00f3 las actividades de fiscalizaci\u00f3n en la Regi\u00f3n Metropolitana, pasando de 108 en 2023, a 370 en 2024. Se trata de un esfuerzo y compromiso adicional, con uso de un fuerte componente de tecnolog\u00eda, para verificar el cumplimiento ambiental por parte de los establecimientos regulados\u201d. Junto con esto, agreg\u00f3 que \u201ca diferencia de a\u00f1os anteriores, en esta oportunidad no solo se fiscaliz\u00f3 a grandes establecimientos, sino que se intensific\u00f3 en otros establecimientos que, aunque son de menor tama\u00f1o, tambi\u00e9n aportan emisiones. Por esto podemos decir que la SMA se encuentra desplegada para fomentar el cumplimiento ambiental por parte de todos\u201d.<\/p>\n<p>Por otra parte, este a\u00f1o se registraron 84 quemas ilegales, 2 detectadas por SAG RM, y 82 por CONAF RM, con un total de 2,86 hect\u00e1reas afectadas. Comparando la fiscalizaci\u00f3n de CONAF con el a\u00f1o anterior, se evidencia que el n\u00famero de quemas detectadas y fiscalizadas pasaron de 115 a 82, lo que se traduce en una baja de un 20%. Mientras que, en relaci\u00f3n a la superficie, se observa una disminuci\u00f3n de un 32% (de 4.24 ha a 2.86 ha).<\/p>\n<p>El Delegado Presidencial RM, <strong>Gonzalo Dur\u00e1n<\/strong>, destac\u00f3 que \u201ces importante insistir en que los avances progresivos que ha habido en esta materia en los \u00faltimos a\u00f1os se deben a dos elementos principales: uno, por supuesto, la estrategia de fiscalizaci\u00f3n que realizan los distintos \u00f3rganos del Estado, pero otro que creo que es muy importante es la colaboraci\u00f3n de la ciudadan\u00eda. Y es que la \u00fanica posibilidad de que sigamos avanzando en esta materia se sustenta en que nosotros sigamos haciendo nuestro esfuerzo, pero tambi\u00e9n la ciudadan\u00eda\u201d.<\/p>\n<p>Asimismo, la SMA junto a CONAF RM, aumentaron sus fiscalizaciones a los lugares de venta de le\u00f1a para medir la humedad del producto y que estuvieran conforme las gu\u00edas de manejo de arbolado nativo, a lo que se agrega que gracias al Programa de Compensaci\u00f3n de Emisiones (PCE) a cargo de la Seremi del Medio Ambiente RM, se han sustituido m\u00e1s de 12 mil calefactores a le\u00f1a en los sectores rurales de la RM.<\/p>\n","protected":false},"excerpt":{"rendered":"<p>La ministra del Medio Ambiente, Maisa Rojas, coment\u00f3 que los buenos resultados se dan pese a condiciones meteorol\u00f3gicas m\u00e1s desafiantes para la capital. Explic\u00f3 que, gracias a las medidas del Plan de Prevenci\u00f3n y Descontaminaci\u00f3n Atmosf\u00e9rica (PPDA), se registra un 50% menos de episodios cr\u00edticos de contaminaci\u00f3n comparado con 10 a\u00f1os atr\u00e1s. La superintendenta de Medio <a href=\"https:\/\/portal.sma.gob.cl\/index.php\/region-metropolitana-2024-es-el-tercer-ano-con-mejor-calidad-del-aire-desde-que-existe-plan-de-descontaminacion\/\">Leer m\u00e1s<\/a><\/p>\n","protected":false},"author":13,"featured_media":32938,"comment_status":"open","ping_status":"open","sticky":false,"template":"","format":"standard","meta":{"footnotes":""},"categories":[90,107,225,94],"tags":[],"class_list":["post-32936","post","type-post","status-publish","format-standard","has-post-thumbnail","hentry","category-comunicados-noticias","category-destacado","category-macrozona-centro","category-notas-noticias"],"_links":{"self":[{"href":"https:\/\/portal.sma.gob.cl\/index.php\/wp-json\/wp\/v2\/posts\/32936","targetHints":{"allow":["GET"]}}],"collection":[{"href":"https:\/\/portal.sma.gob.cl\/index.php\/wp-json\/wp\/v2\/posts"}],"about":[{"href":"https:\/\/portal.sma.gob.cl\/index.php\/wp-json\/wp\/v2\/types\/post"}],"author":[{"embeddable":true,"href":"https:\/\/portal.sma.gob.cl\/index.php\/wp-json\/wp\/v2\/users\/13"}],"replies":[{"embeddable":true,"href":"https:\/\/portal.sma.gob.cl\/index.php\/wp-json\/wp\/v2\/comments?post=32936"}],"version-history":[{"count":2,"href":"https:\/\/portal.sma.gob.cl\/index.php\/wp-json\/wp\/v2\/posts\/32936\/revisions"}],"predecessor-version":[{"id":32943,"href":"https:\/\/portal.sma.gob.cl\/index.php\/wp-json\/wp\/v2\/posts\/32936\/revisions\/32943"}],"wp:featuredmedia":[{"embeddable":true,"href":"https:\/\/portal.sma.gob.cl\/index.php\/wp-json\/wp\/v2\/media\/32938"}],"wp:attachment":[{"href":"https:\/\/portal.sma.gob.cl\/index.php\/wp-json\/wp\/v2\/media?parent=32936"}],"wp:term":[{"taxonomy":"category","embeddable":true,"href":"https:\/\/portal.sma.gob.cl\/index.php\/wp-json\/wp\/v2\/categories?post=32936"},{"taxonomy":"post_tag","embeddable":true,"href":"https:\/\/portal.sma.gob.cl\/index.php\/wp-json\/wp\/v2\/tags?post=32936"}],"curies":[{"name":"wp","href":"https:\/\/api.w.org\/{rel}","templated":true}]}}