{"id":32961,"date":"2024-09-03T18:20:14","date_gmt":"2024-09-03T22:20:14","guid":{"rendered":"https:\/\/portal.sma.gob.cl\/?p=32961"},"modified":"2024-09-03T18:29:29","modified_gmt":"2024-09-03T22:29:29","slug":"consejo-para-la-sociedad-civil-de-la-sma-lleva-a-cabo-su-primera-sesion-y-designa-presidente-para-el-periodo-2024-2026","status":"publish","type":"post","link":"https:\/\/portal.sma.gob.cl\/index.php\/consejo-para-la-sociedad-civil-de-la-sma-lleva-a-cabo-su-primera-sesion-y-designa-presidente-para-el-periodo-2024-2026\/","title":{"rendered":"Consejo para la Sociedad Civil de la SMA lleva a cabo su primera sesi\u00f3n y designa presidente para el per\u00edodo 2024-2026"},"content":{"rendered":"<ul>\n<li><strong>Las consejeras y consejeros eligieron al abogado Crist\u00f3bal Correa, representante de Oceana, como el presidente del COSOC. <\/strong><\/li>\n<\/ul>\n<p><strong>Regi\u00f3n Metropolitana, 3 de septiembre de 2024-.<\/strong> Tras el <a href=\"https:\/\/portal.sma.gob.cl\/index.php\/superintendenta-plumer-designa-nuevo-consejo-de-la-sociedad-civil-para-el-periodo-2024-2026\/\">nombramiento de las 9 consejeras y consejeros<\/a> que forman parte del Consejo para la Sociedad Civil (COSOC) de la Superintendencia del Medio Ambiente (SMA), este lunes 2 de septiembre se llev\u00f3 a cabo la primera sesi\u00f3n, en el marco de la Ley 20.500, Sobre Asociaciones y Participaci\u00f3n Ciudadana en la Gesti\u00f3n P\u00fablica.<\/p>\n<p>Durante la primera sesi\u00f3n ordinaria, las y los consejeros realizaron la elecci\u00f3n de la presidencia del COSOC, designando en el cargo a Crist\u00f3bal Correa Yunis, abogado y representante de la ONG Oceana, quien tendr\u00e1 el rol de dirigir las sesiones, canalizar las propuestas y observaciones, y promover la asistencia y participaci\u00f3n de los miembros.<\/p>\n<p>Adem\u00e1s, durante la reuni\u00f3n encabezada por la Superintendenta Marie Claude Plumer, se explicaron las funciones de la instancia y la normativa que aplica.<\/p>\n<p>El Consejo para la Sociedad Civil es de car\u00e1cter consultivo, representativo, plural y diverso, y participa en los procesos de consulta de los planes, programas o pol\u00edticas en materia de seguimiento y fiscalizaci\u00f3n ambiental que la instituci\u00f3n estime pertinente.<\/p>\n<p><img decoding=\"async\" class=\"alignnone wp-image-32964\" src=\"https:\/\/portal.sma.gob.cl\/wp-content\/uploads\/2024\/09\/Captura-de-pantalla-2024-09-02-150829-300x175.jpg\" alt=\"\" width=\"700\" height=\"408\" srcset=\"https:\/\/portal.sma.gob.cl\/wp-content\/uploads\/2024\/09\/Captura-de-pantalla-2024-09-02-150829-200x117.jpg 200w, https:\/\/portal.sma.gob.cl\/wp-content\/uploads\/2024\/09\/Captura-de-pantalla-2024-09-02-150829-300x175.jpg 300w, https:\/\/portal.sma.gob.cl\/wp-content\/uploads\/2024\/09\/Captura-de-pantalla-2024-09-02-150829-400x234.jpg 400w, https:\/\/portal.sma.gob.cl\/wp-content\/uploads\/2024\/09\/Captura-de-pantalla-2024-09-02-150829-600x351.jpg 600w, https:\/\/portal.sma.gob.cl\/wp-content\/uploads\/2024\/09\/Captura-de-pantalla-2024-09-02-150829-768x449.jpg 768w, https:\/\/portal.sma.gob.cl\/wp-content\/uploads\/2024\/09\/Captura-de-pantalla-2024-09-02-150829-1024x599.jpg 1024w, https:\/\/portal.sma.gob.cl\/wp-content\/uploads\/2024\/09\/Captura-de-pantalla-2024-09-02-150829.jpg 1513w\" sizes=\"(max-width: 700px) 100vw, 700px\" \/><\/p>\n<p>M\u00e1s informaci\u00f3n acerca del COSOC y sus facultades en el siguiente enlace: <a href=\"https:\/\/portal.sma.gob.cl\/index.php\/consejo-de-la-sociedad-civil\/\">https:\/\/portal.sma.gob.cl\/index.php\/consejo-de-la-sociedad-civil\/<\/a><\/p>\n","protected":false},"excerpt":{"rendered":"<p>Las consejeras y consejeros eligieron al abogado Crist\u00f3bal Correa, representante de Oceana, como el presidente del COSOC. Regi\u00f3n Metropolitana, 3 de septiembre de 2024-. Tras el nombramiento de las 9 consejeras y consejeros que forman parte del Consejo para la Sociedad Civil (COSOC) de la Superintendencia del Medio Ambiente (SMA), este lunes 2 de septiembre se <a href=\"https:\/\/portal.sma.gob.cl\/index.php\/consejo-para-la-sociedad-civil-de-la-sma-lleva-a-cabo-su-primera-sesion-y-designa-presidente-para-el-periodo-2024-2026\/\">Leer m\u00e1s<\/a><\/p>\n","protected":false},"author":15,"featured_media":32565,"comment_status":"open","ping_status":"open","sticky":false,"template":"","format":"standard","meta":{"footnotes":""},"categories":[225,94],"tags":[],"class_list":["post-32961","post","type-post","status-publish","format-standard","has-post-thumbnail","hentry","category-macrozona-centro","category-notas-noticias"],"_links":{"self":[{"href":"https:\/\/portal.sma.gob.cl\/index.php\/wp-json\/wp\/v2\/posts\/32961","targetHints":{"allow":["GET"]}}],"collection":[{"href":"https:\/\/portal.sma.gob.cl\/index.php\/wp-json\/wp\/v2\/posts"}],"about":[{"href":"https:\/\/portal.sma.gob.cl\/index.php\/wp-json\/wp\/v2\/types\/post"}],"author":[{"embeddable":true,"href":"https:\/\/portal.sma.gob.cl\/index.php\/wp-json\/wp\/v2\/users\/15"}],"replies":[{"embeddable":true,"href":"https:\/\/portal.sma.gob.cl\/index.php\/wp-json\/wp\/v2\/comments?post=32961"}],"version-history":[{"count":4,"href":"https:\/\/portal.sma.gob.cl\/index.php\/wp-json\/wp\/v2\/posts\/32961\/revisions"}],"predecessor-version":[{"id":32966,"href":"https:\/\/portal.sma.gob.cl\/index.php\/wp-json\/wp\/v2\/posts\/32961\/revisions\/32966"}],"wp:featuredmedia":[{"embeddable":true,"href":"https:\/\/portal.sma.gob.cl\/index.php\/wp-json\/wp\/v2\/media\/32565"}],"wp:attachment":[{"href":"https:\/\/portal.sma.gob.cl\/index.php\/wp-json\/wp\/v2\/media?parent=32961"}],"wp:term":[{"taxonomy":"category","embeddable":true,"href":"https:\/\/portal.sma.gob.cl\/index.php\/wp-json\/wp\/v2\/categories?post=32961"},{"taxonomy":"post_tag","embeddable":true,"href":"https:\/\/portal.sma.gob.cl\/index.php\/wp-json\/wp\/v2\/tags?post=32961"}],"curies":[{"name":"wp","href":"https:\/\/api.w.org\/{rel}","templated":true}]}}