{"id":32992,"date":"2024-09-09T16:31:01","date_gmt":"2024-09-09T19:31:01","guid":{"rendered":"https:\/\/portal.sma.gob.cl\/?p=32992"},"modified":"2024-09-09T16:31:01","modified_gmt":"2024-09-09T19:31:01","slug":"posible-riesgo-ambiental-sma-ordena-medidas-contra-astillero-naval-de-puerto-montt-por-ejecutar-actividades-sin-considerar-su-rca","status":"publish","type":"post","link":"https:\/\/portal.sma.gob.cl\/index.php\/posible-riesgo-ambiental-sma-ordena-medidas-contra-astillero-naval-de-puerto-montt-por-ejecutar-actividades-sin-considerar-su-rca\/","title":{"rendered":"Posible riesgo ambiental: SMA ordena medidas contra astillero naval de Puerto Montt por ejecutar actividades sin considerar su RCA"},"content":{"rendered":"<ul>\n<li><em>Se trata del proyecto \u201cConcesi\u00f3n Mar\u00edtima Astilleros Vergara\u201d, ubicado en el sector de Chinquihue, el cu\u00e1l comprende actividades de construcci\u00f3n y reparaci\u00f3n de artefactos navales bajo techo para ser llevados a flote, posteriormente, y efectuar las terminaciones interiores para su puesta en operaci\u00f3n. <\/em><\/li>\n<li><em>Durante el primer semestre de este a\u00f1o, la SMA recibi\u00f3 antecedentes remitidos por la Gobernaci\u00f3n Mar\u00edtima y la Capitan\u00eda de Puerto de Puerto Montt, denunciando la emisi\u00f3n de ruido, polvo y contaminaci\u00f3n, originados por el proceso de carenado del proyecto con granalla de cobre, al aire libre. <\/em><\/li>\n<\/ul>\n<p><em>\u00a0<\/em><\/p>\n<p>La Superintendencia del Medio Ambiente (SMA) orden\u00f3 medidas urgentes y transitorias contra el titular Construcciones y Obras Marinas Astilleros Vergara, por la ejecuci\u00f3n de su proyecto ubicado en el sector de Chinquihue, en la comuna de Puerto Montt, debido a un posible riesgo ambiental emanado de las actividades que se encuentra desarrollando, sin contemplar las obligaciones dispuestas en su Resoluci\u00f3n de Calificaci\u00f3n Ambiental.<\/p>\n<p>El proyecto \u201cConcesi\u00f3n Mar\u00edtima Astilleros Vergara\u201d corresponde a un astillero donde se realizan actividades de construcci\u00f3n y reparaci\u00f3n de artefactos navales bajo techo, los que, una vez construidos o reparados, son llevados a flote para efectuar las terminaciones interiores, previo a su puesta en operaci\u00f3n. El proyecto fue calificado ambientalmente favorable por la RCA N\u00b058 del 2010 y cuenta, adem\u00e1s, con una concesi\u00f3n mar\u00edtima menor sobre un sector de playa, porci\u00f3n de agua y uso de mejora fiscal.<\/p>\n<p>Hay que indicar que, en mayo de 2024, la SMA recibi\u00f3 denuncias por parte de la Gobernaci\u00f3n Mar\u00edtima y la Capitan\u00eda de Puerto de Puerto Montt, relacionadas con la emisi\u00f3n de ruido, polvo y contaminaci\u00f3n resultante del proceso de carenado del proyecto. Una vez revisados los antecedentes, fiscalizadores de la Superintendencia realizaron diversas inspecciones ambientales en el lugar, donde se pudo constatar el posible incumplimiento de su permiso ambiental, debido a que el astillero no ha presentado su Programa de Vigilancia Ambiental y porque el \u00e1rea de carenado del proyecto no cuenta con un galp\u00f3n met\u00e1lico con techo como lo exige su RCA.<\/p>\n<p>Lo anterior permite sostener que, a la fecha, el titular no habr\u00eda dado cumplimiento a las condiciones de funcionamiento que fueron definidas durante la evaluaci\u00f3n ambiental de su proyecto, lo que implica la existencia de un riesgo para su entorno y los componentes ambientales identificados como susceptibles en el proceso de evaluaci\u00f3n. Esta situaci\u00f3n, adem\u00e1s, estar\u00eda afectando a los vecinos del lugar, quienes han informado en reiteradas oportunidades el malestar que sienten por el polvo y los ruidos que emanan de las instalaciones.<\/p>\n<p>Por otra parte, es relevante se\u00f1alar que la granalla utilizada por el titular para el proceso de carenado contiene cobre, producto que no ha sido testeado en su toxicidad ambiental, lo que genera una incertidumbre y un riesgo asociados a los posibles efectos adversos de esta actividad. Junto con lo anterior, los residuos que caen del casco de las embarcaciones -granalla y pintura- son arrastrados por las mareas hacia el canal Tenglo, introduciendo estos contaminantes a los sedimentos, columna de agua y biota.<\/p>\n<h3>Medidas<\/h3>\n<p>Por todo lo expuesto anteriormente, la Superintendencia del Medio Ambiente orden\u00f3 al titular Astilleros Vergara la adopci\u00f3n de las siguientes medidas urgentes y transitorias:<\/p>\n<ul>\n<li>Prohibici\u00f3n de ejecutar actividades de carenado en cualquier \u00e1rea abierta del astillero y, en particular, en el \u00e1rea de playa, durante 90 d\u00edas h\u00e1biles.<\/li>\n<li>Ejecutar actividades de limpieza de la playa hasta la l\u00ednea de m\u00e1s alta marea y del \u00e1rea general del astillero donde pueda existir acumulaci\u00f3n de granalla y\/o pintura, y su disposici\u00f3n en un lugar autorizado, durante 90 d\u00edas h\u00e1biles.<\/li>\n<li>Presentar el Programa de Vigilancia Ambiental que contenga una propuesta de programa de monitoreo, en un plazo de 15 d\u00edas h\u00e1biles.<\/li>\n<\/ul>\n<p>El titular deber\u00e1 presentar los medios de verificaci\u00f3n de la ejecuci\u00f3n de lo ordenado, donde se considere el env\u00edo de reportes, fotograf\u00edas fechadas y georreferencias, informes y otros, seg\u00fan corresponda.<\/p>\n<p>La Superintendenta Marie Claude Plumer explic\u00f3 que \u201clas medidas urgentes ordenadas al titular, por un plazo de 90 y 15 d\u00edas h\u00e1biles, buscan evitar que el proyecto genere un riesgo mayor al medioambiente y se resguarde el entorno y la salud de las personas que viven en el sector. Eso es algo primordial. Durante el proceso de evaluaci\u00f3n se establecieron una serie de compromisos que deben ser cumplidos en la misma forma en que quedaron expresados en la RCA, sin variaciones. Ese es un imperativo y parte de las obligaciones que tiene este y cualquier titular de proyecto\u201d.<\/p>\n<p>Para m\u00e1s informaci\u00f3n, ingresa al Sistema Nacional de Informaci\u00f3n Ambiental (SNIFA) de la SMA, en el enlace: <a href=\"https:\/\/snifa.sma.gob.cl\/MedidaProvisional\/Ficha\/486\">https:\/\/snifa.sma.gob.cl\/MedidaProvisional\/Ficha\/486<\/a><\/p>\n","protected":false},"excerpt":{"rendered":"<p>Se trata del proyecto \u201cConcesi\u00f3n Mar\u00edtima Astilleros Vergara\u201d, ubicado en el sector de Chinquihue, el cu\u00e1l comprende actividades de construcci\u00f3n y reparaci\u00f3n de artefactos navales bajo techo para ser llevados a flote, posteriormente, y efectuar las terminaciones interiores para su puesta en operaci\u00f3n. Durante el primer semestre de este a\u00f1o, la SMA recibi\u00f3 antecedentes remitidos por <a href=\"https:\/\/portal.sma.gob.cl\/index.php\/posible-riesgo-ambiental-sma-ordena-medidas-contra-astillero-naval-de-puerto-montt-por-ejecutar-actividades-sin-considerar-su-rca\/\">Leer m\u00e1s<\/a><\/p>\n","protected":false},"author":13,"featured_media":32994,"comment_status":"open","ping_status":"open","sticky":false,"template":"","format":"standard","meta":{"footnotes":""},"categories":[90,107,226],"tags":[],"class_list":["post-32992","post","type-post","status-publish","format-standard","has-post-thumbnail","hentry","category-comunicados-noticias","category-destacado","category-macrozona-sur"],"_links":{"self":[{"href":"https:\/\/portal.sma.gob.cl\/index.php\/wp-json\/wp\/v2\/posts\/32992","targetHints":{"allow":["GET"]}}],"collection":[{"href":"https:\/\/portal.sma.gob.cl\/index.php\/wp-json\/wp\/v2\/posts"}],"about":[{"href":"https:\/\/portal.sma.gob.cl\/index.php\/wp-json\/wp\/v2\/types\/post"}],"author":[{"embeddable":true,"href":"https:\/\/portal.sma.gob.cl\/index.php\/wp-json\/wp\/v2\/users\/13"}],"replies":[{"embeddable":true,"href":"https:\/\/portal.sma.gob.cl\/index.php\/wp-json\/wp\/v2\/comments?post=32992"}],"version-history":[{"count":2,"href":"https:\/\/portal.sma.gob.cl\/index.php\/wp-json\/wp\/v2\/posts\/32992\/revisions"}],"predecessor-version":[{"id":32995,"href":"https:\/\/portal.sma.gob.cl\/index.php\/wp-json\/wp\/v2\/posts\/32992\/revisions\/32995"}],"wp:featuredmedia":[{"embeddable":true,"href":"https:\/\/portal.sma.gob.cl\/index.php\/wp-json\/wp\/v2\/media\/32994"}],"wp:attachment":[{"href":"https:\/\/portal.sma.gob.cl\/index.php\/wp-json\/wp\/v2\/media?parent=32992"}],"wp:term":[{"taxonomy":"category","embeddable":true,"href":"https:\/\/portal.sma.gob.cl\/index.php\/wp-json\/wp\/v2\/categories?post=32992"},{"taxonomy":"post_tag","embeddable":true,"href":"https:\/\/portal.sma.gob.cl\/index.php\/wp-json\/wp\/v2\/tags?post=32992"}],"curies":[{"name":"wp","href":"https:\/\/api.w.org\/{rel}","templated":true}]}}