{"id":33098,"date":"2024-10-08T15:42:02","date_gmt":"2024-10-08T18:42:02","guid":{"rendered":"https:\/\/portal.sma.gob.cl\/?p=33098"},"modified":"2024-10-08T15:43:05","modified_gmt":"2024-10-08T18:43:05","slug":"aysen-sma-inicia-procedimiento-para-determinar-si-el-proyecto-loteo-reserva-escondida-debe-someterse-a-evaluacion-ambiental","status":"publish","type":"post","link":"https:\/\/portal.sma.gob.cl\/index.php\/aysen-sma-inicia-procedimiento-para-determinar-si-el-proyecto-loteo-reserva-escondida-debe-someterse-a-evaluacion-ambiental\/","title":{"rendered":"Ays\u00e9n: SMA inicia procedimiento para determinar si el proyecto Loteo Reserva Escondida debe someterse a evaluaci\u00f3n ambiental"},"content":{"rendered":"<ul>\n<li><strong><em>Se trata de un proyecto de esparcimiento, ubicado en la ribera este de la Laguna Escondida, a 10 kil\u00f3metros de la comuna de Puerto Cisnes, y contempla futuras obras de edificaci\u00f3n. <\/em><\/strong><\/li>\n<\/ul>\n<p>La Superintendencia del Medio Ambiente (SMA) inici\u00f3 el procedimiento administrativo de requerimiento de ingreso al Sistema de Evaluaci\u00f3n de Impacto Ambiental (SEIA) en contra del titular Sociedad Laguna Escondida Spa, por la ejecuci\u00f3n de su proyecto \u201cLoteo Reserva Escondida\u201d, sin contar con una Resoluci\u00f3n de Calificaci\u00f3n Ambiental (RCA) que lo autorice. Esto tiene como objetivo recabar todos los antecedentes que permitan determinar si corresponde o no exigir el ingreso del proyecto al sistema de evaluaci\u00f3n.<\/p>\n<p>El proyecto contempla una superficie de 2,4 hect\u00e1reas para esparcimiento, la construcci\u00f3n de futuras obras de edificaci\u00f3n, y se encuentra ubicado en la ribera este de la Laguna Escondida, a 10 kil\u00f3metros de la comuna de Puerto Cisnes en la Regi\u00f3n de Ays\u00e9n del General Carlos Ib\u00e1\u00f1ez del Campo.<\/p>\n<p>Hay que indicar que la investigaci\u00f3n respecto de este proyecto fue iniciada de oficio por la SMA, para lo cual se realizaron distintas actividades de fiscalizaci\u00f3n como requerimientos de informaci\u00f3n al titular y al Servicio Nacional de Turismo. Con los antecedentes levantados se constat\u00f3 que existe una Zona de Uso Intensivo que permite la construcci\u00f3n de viviendas, que el acceso al proyecto implica la instalaci\u00f3n de cinco embarcaderos y la implementaci\u00f3n de una v\u00eda de tr\u00e1nsito, entre otros aspectos.<\/p>\n<p>Adem\u00e1s, se pudo determinar que se trata un proyecto que se emplaza al interior de la Zona de Inter\u00e9s Tur\u00edstico (ZOIT) \u201cAys\u00e9n Patagonia Queulat\u201d, por lo que ser\u00eda susceptible de afectar su objeto de protecci\u00f3n.<\/p>\n<p>De esta forma, tras el an\u00e1lisis de la informaci\u00f3n recabada, la Superintendencia concluy\u00f3 que existen indicios para iniciar un procedimiento de requerimiento de ingreso al SEIA. Esto ya que, de acuerdo al art\u00edculo 10 de la Ley 19.300 de Bases Generales del Medio Ambiente &#8211; desarrollado en el art\u00edculo 3 del Reglamento del SEIA &#8211; deber\u00e1n someterse a evaluaci\u00f3n ambiental los proyectos de desarrollo urbano o tur\u00edstico, emplazados en una zona no evaluada de forma ambientalmente estrat\u00e9gica y que consistan en \u201cProyectos de equipamiento que correspondan a predios y\/o edificios destinados en forma permanente a salud, educaci\u00f3n, seguridad, culto, deporte, esparcimiento, cultura, comercio, servicios, fines cient\u00edficos o sociales y que contemplen al menos una de las siguientes caracter\u00edsticas:\u00a0 (\u2026) b)\u00a0 superficie predial igual o mayor a veinte mil metros cuadrados (20.000 m\u00b2)\u201d.<\/p>\n<p>Es importante aclarar que este acto no constituye por s\u00ed mismo un requerimiento de ingreso al SEIA, sino que da inicio formal a un procedimiento administrativo, el cual tiene como objetivo recabar antecedentes que permitan a la SMA determinar si corresponde o no exigir el ingreso.<\/p>\n<p>La Superintendenta <strong>Marie Claude Plumer<\/strong> se\u00f1al\u00f3 que <em>\u201ceste procedimiento administrativo tiene un objetivo correctivo respecto de un proyecto que es susceptible de causar alg\u00fan impacto ambiental y que se encuentra, adem\u00e1s, en una Zona de Inter\u00e9s Tur\u00edstico que requiere medidas de conservaci\u00f3n especiales. En caso de que se confirme una posible elusi\u00f3n, el titular deber\u00e1, de forma obligada, someterse a una evaluaci\u00f3n ambiental\u201d. Adem\u00e1s, agreg\u00f3 que \u201cla ley es clara respecto de las condiciones de operaci\u00f3n de este y cualquier otro proyecto\u201d.<\/em><\/p>\n<p>El titular tendr\u00e1 un plazo de 15 d\u00edas h\u00e1biles, a contar de la notificaci\u00f3n, para enviar sus observaciones, alegaciones o las pruebas que estime pertinente frente a la hip\u00f3tesis de elusi\u00f3n levantada por la SMA.<\/p>\n<p>Revisa m\u00e1s informaci\u00f3n en el Sistema Nacional de Informaci\u00f3n de Fiscalizaci\u00f3n Ambiental (SNIFA): <a href=\"https:\/\/snifa.sma.gob.cl\/RequerimientoIngreso\/Ficha\/216\">https:\/\/snifa.sma.gob.cl\/RequerimientoIngreso\/Ficha\/216<\/a><\/p>\n","protected":false},"excerpt":{"rendered":"<p>Se trata de un proyecto de esparcimiento, ubicado en la ribera este de la Laguna Escondida, a 10 kil\u00f3metros de la comuna de Puerto Cisnes, y contempla futuras obras de edificaci\u00f3n. La Superintendencia del Medio Ambiente (SMA) inici\u00f3 el procedimiento administrativo de requerimiento de ingreso al Sistema de Evaluaci\u00f3n de Impacto Ambiental (SEIA) en contra del <a href=\"https:\/\/portal.sma.gob.cl\/index.php\/aysen-sma-inicia-procedimiento-para-determinar-si-el-proyecto-loteo-reserva-escondida-debe-someterse-a-evaluacion-ambiental\/\">Leer m\u00e1s<\/a><\/p>\n","protected":false},"author":13,"featured_media":33099,"comment_status":"open","ping_status":"open","sticky":false,"template":"","format":"standard","meta":{"footnotes":""},"categories":[90,107,226],"tags":[],"class_list":["post-33098","post","type-post","status-publish","format-standard","has-post-thumbnail","hentry","category-comunicados-noticias","category-destacado","category-macrozona-sur"],"_links":{"self":[{"href":"https:\/\/portal.sma.gob.cl\/index.php\/wp-json\/wp\/v2\/posts\/33098","targetHints":{"allow":["GET"]}}],"collection":[{"href":"https:\/\/portal.sma.gob.cl\/index.php\/wp-json\/wp\/v2\/posts"}],"about":[{"href":"https:\/\/portal.sma.gob.cl\/index.php\/wp-json\/wp\/v2\/types\/post"}],"author":[{"embeddable":true,"href":"https:\/\/portal.sma.gob.cl\/index.php\/wp-json\/wp\/v2\/users\/13"}],"replies":[{"embeddable":true,"href":"https:\/\/portal.sma.gob.cl\/index.php\/wp-json\/wp\/v2\/comments?post=33098"}],"version-history":[{"count":1,"href":"https:\/\/portal.sma.gob.cl\/index.php\/wp-json\/wp\/v2\/posts\/33098\/revisions"}],"predecessor-version":[{"id":33100,"href":"https:\/\/portal.sma.gob.cl\/index.php\/wp-json\/wp\/v2\/posts\/33098\/revisions\/33100"}],"wp:featuredmedia":[{"embeddable":true,"href":"https:\/\/portal.sma.gob.cl\/index.php\/wp-json\/wp\/v2\/media\/33099"}],"wp:attachment":[{"href":"https:\/\/portal.sma.gob.cl\/index.php\/wp-json\/wp\/v2\/media?parent=33098"}],"wp:term":[{"taxonomy":"category","embeddable":true,"href":"https:\/\/portal.sma.gob.cl\/index.php\/wp-json\/wp\/v2\/categories?post=33098"},{"taxonomy":"post_tag","embeddable":true,"href":"https:\/\/portal.sma.gob.cl\/index.php\/wp-json\/wp\/v2\/tags?post=33098"}],"curies":[{"name":"wp","href":"https:\/\/api.w.org\/{rel}","templated":true}]}}