{"id":33434,"date":"2024-10-22T16:58:10","date_gmt":"2024-10-22T19:58:10","guid":{"rendered":"https:\/\/portal.sma.gob.cl\/?p=33434"},"modified":"2024-10-23T10:05:09","modified_gmt":"2024-10-23T13:05:09","slug":"sma-realizo-encuentro-anual-de-la-red-nacional-de-fiscalizacion-ambiental","status":"publish","type":"post","link":"https:\/\/portal.sma.gob.cl\/index.php\/sma-realizo-encuentro-anual-de-la-red-nacional-de-fiscalizacion-ambiental\/","title":{"rendered":"SMA realiz\u00f3 encuentro anual de la Red Nacional de Fiscalizaci\u00f3n Ambiental"},"content":{"rendered":"<ul>\n<li><strong>La instancia tuvo por objeto revisar los ejes de trabajo del plan plurianual relativo al periodo 2017 al 2023 y reforzar el compromiso conjunto de los 17 organismos p\u00fablicos que conforman la instancia.<\/strong><\/li>\n<\/ul>\n<p>Durante esta jornada, la Superintendenta del Medio Ambiente (SMA) realiz\u00f3 el 12\u00b0 Consejo Consultivo de la Red Nacional de Fiscalizaci\u00f3n Ambiental (RENFA), la cual re\u00fane a 17 organismos p\u00fablicos con competencias fiscalizadoras. Durante la actividad, que cont\u00f3 con la presencia de autoridades y representantes de las instituciones, se revisaron los resultados del plan plurianual de la red que fue ejecutado entre 2017 y 2023.<\/p>\n<p>La reuni\u00f3n cont\u00f3 con la participaci\u00f3n de la Superintendenta del Medio Ambiente, Marie Claude Plumer; el secretario T\u00e9cnico del Consejo de Monumentos Nacionales, Erwin Brevis; el Director Nacional del Servicio Agr\u00edcola y Ganadero (SAG), Jos\u00e9 Guajardo; y el Director (s) de Intereses Mar\u00edtimos y Medio Ambiente Acu\u00e1tico, Capit\u00e1n de Nav\u00edo, Sigfrido Ram\u00edrez. Adem\u00e1s, participaron contrapartes t\u00e9cnicas de 15 servicios p\u00fablicos.<\/p>\n<p>Como parte del encuentro, realizado en el Palacio Pereira, se relev\u00f3 la suscripci\u00f3n de convenios de colaboraci\u00f3n entre los diversos organismos, la conformaci\u00f3n de mesas de trabajo, la ejecuci\u00f3n de capacitaciones y el ciclo de programaci\u00f3n.<\/p>\n<p>La Superintendenta del Medio Ambiente y Secretaria Ejecutiva de la RENFA, <strong>Marie Claude Plumer,<\/strong> destac\u00f3 la importancia de la actividad y se\u00f1al\u00f3 que <em>\u201cpoder generar sinergias y trabajo colaborativo entre los distintos organismos p\u00fablicos que fiscalizan componentes ambientales es clave para garantizar una mayor eficiencia\u201d<\/em>. Adem\u00e1s, agreg\u00f3 que <em>\u201cesta instancia nos permiti\u00f3 reforzar el compromiso de todos los servicios y fortalecer la labor conjunta entre la red\u201d.<\/em><\/p>\n<p>Otro de los aspectos que se abordaron en la reuni\u00f3n fue la elaboraci\u00f3n participativa de nuevo plan plurianual para el periodo 2025-2027, el cual deber\u00e1 ser presentado en junio de 2025 ante el consejo consultivo.<\/p>\n<p><strong>Ejes de trabajo RENFA<\/strong><\/p>\n<p>El trabajo conjunto de la RENFA, se ha centrado en los siguientes ejes:<\/p>\n<p>Gesti\u00f3n de fiscalizaci\u00f3n, enfocado en resolver y\/o coordinar los aspectos operativos y pr\u00e1cticos de los procesos de fiscalizaci\u00f3n de los distintos instrumentos de car\u00e1cter ambiental, y otras interacciones entre la SMA y los organismos que participan en la RENFA. Respecto a este eje, se ha ejecutado el Ciclo de Programaci\u00f3n de manera coordinada con los servicios que conforman la Red, con la finalidad de definir las unidades fiscalizables a fiscalizar cada a\u00f1o.<\/p>\n<p>El segundo eje se orienta a la gesti\u00f3n de competencias, con el objeto de lograr un robustecimiento t\u00e9cnico de las funcionarias y los funcionarios que desempe\u00f1an actividades de fiscalizaci\u00f3n ambiental, y de otros actores de inter\u00e9s que ejecutan en forma continua o espor\u00e1dica actividades de fiscalizaci\u00f3n ambiental. Al respecto, durante los a\u00f1os de implementaci\u00f3n del plan se ejecutaron m\u00e1s de 54 talleres de capacitaci\u00f3n dirigidos a funcionarias y funcionarios de la RENFA, capacit\u00e1ndose m\u00e1s de 837 personas de los servicios que conforman la RENFA.<\/p>\n<p>El tercer eje, asociado a la gesti\u00f3n comunicacional, se ha centrado en la informaci\u00f3n asociada a la red, lo que implica vinculaci\u00f3n y difusi\u00f3n interna entre sus miembros y la difusi\u00f3n externa a la comunidad en general, considerando el componente comunicacional hacia regulados con el fin de promocionar el cumplimiento ambiental como herramienta preventiva de gesti\u00f3n ambiental nacional. En esta materia, se mantiene habilitada la p\u00e1gina web de la RENFA, siendo necesario avanzar en su permanente actualizaci\u00f3n.<\/p>\n<p>Por \u00faltimo, el cuarto eje orientado a la gesti\u00f3n del fortalecimiento institucional, apunta a promover el dise\u00f1o e implementaci\u00f3n de estrategias, herramientas y\/o mecanismos que permitan proporcionar una perspectiva integral en las acciones de fiscalizaci\u00f3n, sanci\u00f3n y de promoci\u00f3n de cumplimiento ambiental, en forma eficaz y eficiente. En este eje, se han suscrito Convenios de Colaboraci\u00f3n con m\u00e1s de 9 organismos de la Red, adem\u00e1s de la conformaci\u00f3n de mesas de trabajo con los organismos sectoriales, lo que ha permitido concretar trabajos conjuntos en materia acu\u00edcola, en materia de relaves y de la ejecuci\u00f3n de revisiones libres por parte de servicios que conforman la Red.<\/p>\n<p>Cabe destacar que la SMA es el organismo encargado de coordinar la Red Nacional de Fiscalizaci\u00f3n Ambiental (RENFA) creada en 2015 con la finalidad de fortalecer el modelo de fiscalizaci\u00f3n ambiental fijado por la Ley N\u00b020.417 mediante un uso eficiente, eficaz y coordinando las capacidades fiscalizadoras de los organismos con competencias ambiental a nivel nacional.<\/p>\n","protected":false},"excerpt":{"rendered":"<p>La instancia tuvo por objeto revisar los ejes de trabajo del plan plurianual relativo al periodo 2017 al 2023 y reforzar el compromiso conjunto de los 17 organismos p\u00fablicos que conforman la instancia. Durante esta jornada, la Superintendenta del Medio Ambiente (SMA) realiz\u00f3 el 12\u00b0 Consejo Consultivo de la Red Nacional de Fiscalizaci\u00f3n Ambiental (RENFA), la <a href=\"https:\/\/portal.sma.gob.cl\/index.php\/sma-realizo-encuentro-anual-de-la-red-nacional-de-fiscalizacion-ambiental\/\">Leer m\u00e1s<\/a><\/p>\n","protected":false},"author":8,"featured_media":33436,"comment_status":"open","ping_status":"open","sticky":false,"template":"","format":"standard","meta":{"footnotes":""},"categories":[90,107,225,232],"tags":[],"class_list":["post-33434","post","type-post","status-publish","format-standard","has-post-thumbnail","hentry","category-comunicados-noticias","category-destacado","category-macrozona-centro","category-metropolitana"],"_links":{"self":[{"href":"https:\/\/portal.sma.gob.cl\/index.php\/wp-json\/wp\/v2\/posts\/33434","targetHints":{"allow":["GET"]}}],"collection":[{"href":"https:\/\/portal.sma.gob.cl\/index.php\/wp-json\/wp\/v2\/posts"}],"about":[{"href":"https:\/\/portal.sma.gob.cl\/index.php\/wp-json\/wp\/v2\/types\/post"}],"author":[{"embeddable":true,"href":"https:\/\/portal.sma.gob.cl\/index.php\/wp-json\/wp\/v2\/users\/8"}],"replies":[{"embeddable":true,"href":"https:\/\/portal.sma.gob.cl\/index.php\/wp-json\/wp\/v2\/comments?post=33434"}],"version-history":[{"count":4,"href":"https:\/\/portal.sma.gob.cl\/index.php\/wp-json\/wp\/v2\/posts\/33434\/revisions"}],"predecessor-version":[{"id":33444,"href":"https:\/\/portal.sma.gob.cl\/index.php\/wp-json\/wp\/v2\/posts\/33434\/revisions\/33444"}],"wp:featuredmedia":[{"embeddable":true,"href":"https:\/\/portal.sma.gob.cl\/index.php\/wp-json\/wp\/v2\/media\/33436"}],"wp:attachment":[{"href":"https:\/\/portal.sma.gob.cl\/index.php\/wp-json\/wp\/v2\/media?parent=33434"}],"wp:term":[{"taxonomy":"category","embeddable":true,"href":"https:\/\/portal.sma.gob.cl\/index.php\/wp-json\/wp\/v2\/categories?post=33434"},{"taxonomy":"post_tag","embeddable":true,"href":"https:\/\/portal.sma.gob.cl\/index.php\/wp-json\/wp\/v2\/tags?post=33434"}],"curies":[{"name":"wp","href":"https:\/\/api.w.org\/{rel}","templated":true}]}}