{"id":33515,"date":"2024-10-23T11:01:35","date_gmt":"2024-10-23T14:01:35","guid":{"rendered":"https:\/\/portal.sma.gob.cl\/?p=33515"},"modified":"2024-10-23T11:01:35","modified_gmt":"2024-10-23T14:01:35","slug":"sma-ordena-medidas-a-proyecto-mina-los-colorados-de-compania-minera-del-pacifico-por-afectacion-a-especie-vulnerable","status":"publish","type":"post","link":"https:\/\/portal.sma.gob.cl\/index.php\/sma-ordena-medidas-a-proyecto-mina-los-colorados-de-compania-minera-del-pacifico-por-afectacion-a-especie-vulnerable\/","title":{"rendered":"SMA ordena medidas a proyecto Mina Los Colorados de Compa\u00f1\u00eda Minera del Pac\u00edfico por afectaci\u00f3n a especie vulnerable"},"content":{"rendered":"<ul>\n<li><strong>Las medidas urgentes y transitorias se justifican en la constataci\u00f3n de un impacto no previsto a ejemplares de guanacos en la Declaraci\u00f3n de Impacto Ambiental (DIA) del proyecto \u201cModificaci\u00f3n Plan Minero Mina Los Colorados\u201d, lo que constituye una omisi\u00f3n en el proceso de evaluaci\u00f3n ambiental.<\/strong><\/li>\n<\/ul>\n<p>La Superintendencia del Medio Ambiente (SMA) orden\u00f3 medidas urgentes y transitorias contra la Compa\u00f1\u00eda Minera Pac\u00edfico S.A. (CMP) en relaci\u00f3n a dos proyectos calificados ambientalmente favorables ubicados en la comuna de Huasco, Regi\u00f3n de Atacama. Esto luego de constatar restos de ejemplares de guanacos en el sitio de relocalizaci\u00f3n de especies de flora y vegetaci\u00f3n.<\/p>\n<p>El primero de los proyectos \u201cEIA Ampliaci\u00f3n y Mejoras Operacionales en Mina Los Colorados\u201d corresponde a la incorporaci\u00f3n de mejoras para aumentar la extracci\u00f3n y tratamiento de minerales de hierro en Mina Los Colorados, mientras que el segundo \u201cModificaci\u00f3n Plan Minero Mina Los Colorados\u201d, se refiere a mejoras para aumentar la cantidad de hierro magn\u00e9tico en el preconcentrado enviado a la planta de pellets.<\/p>\n<p><strong>Antecedentes<\/strong><\/p>\n<p>A fines de septiembre de 2024, la SMA recibi\u00f3 informaci\u00f3n derivada desde la Corporaci\u00f3n Nacional Forestal (CONAF), dando cuenta que \u201cen el sitio de relocalizaci\u00f3n de especies de flora y vegetaci\u00f3n, el cerco estaba derrumbado en 3 puntos diferentes del per\u00edmetro, junto con restos de 3 individuos de <em>Lama guanicoe<\/em>\u2013 de diferentes datas-, huellas de Guanaco y de perros al interior del sitio (\u2026) Debido a su avanzado estado de descomposici\u00f3n, no result\u00f3 posible determinar su causa de muerte\u201d.<\/p>\n<p>Ninguno de estos eventos fue reportado por el titular, pese a que la empresa tiene la obligaci\u00f3n de alertar sobre la ocurrencia de impactos no previstos, los que responden a una omisi\u00f3n en el proceso de evaluaci\u00f3n de impacto ambiental del proyecto \u201cModificaci\u00f3n Plan Minero Mina Los Colorados\u201d. En concreto, el titular no consider\u00f3 adecuadamente la posibilidad de que las poblaciones de <em>Lama guanicoe<\/em> se trasladaran fuera de los sectores que inicialmente fueron identificados, quedando expuestos a situaciones distintas de las descritas en la evaluaci\u00f3n ambiental.<\/p>\n<p>A ra\u00edz de esta y otras omisiones durante la evaluaci\u00f3n ambiental y la ejecuci\u00f3n del proyecto por parte del titular, no se pudo sopesar correctamente los riesgos que su ejecuci\u00f3n supondr\u00eda sobre las especies identificadas.<\/p>\n<p>Cabe indicar que esta especie se encuentra catalogada en el estado de conservaci\u00f3n Vulnerable por parte del Ministerio del Medio Ambiente. Junto con lo anterior, Conaf ha realizado campa\u00f1as desde 1998 para hacer seguimiento de las poblaciones existentes de guanacos en el Parque Nacional Llanos de Challe, ubicado a 10 kil\u00f3metros del proyecto.<\/p>\n<p><strong>Medidas<\/strong><\/p>\n<p>En raz\u00f3n de los antecedentes expuestos, la SMA orden\u00f3 medidas urgentes y transitorias al titular, consistentes en la presentaci\u00f3n de un estudio que apunte a explicar los factores que habr\u00edan conllevado a la disminuci\u00f3n de guanacos en el \u00e1rea de influencia del proyecto (con un radio adicional de 4 kil\u00f3metros). Dicho estudio deber\u00e1 considerar la identificaci\u00f3n de \u00e1reas prioritarias de alimentaci\u00f3n y \u00e1reas tr\u00e1nsito de los individuos acciones a implementar en las \u00e1reas identificadas para velar por la protecci\u00f3n de la especie afectada; realizar una ampliaci\u00f3n de \u00e1reas de monitoreo y hacer seguimiento a los desplazamientos poblacionales. \u00a0Esta medida se deber\u00e1 ejecutar en un plazo de 35 d\u00edas h\u00e1biles.<\/p>\n<p>La segunda medida -que se deber\u00e1 cumplir en un plazo de 5 d\u00edas h\u00e1biles- consiste en actualizar las metodolog\u00edas utilizadas para el cumplimiento de las obligaciones de monitoreo de guanacos, incorporando actividades pedestres que permitan identificaci\u00f3n de otros indicios de presencia, como huellas, revolcaderos y fecas.<\/p>\n<p>La tercera medida corresponde a preparar e implementar un protocolo interno, dentro del plazo de 10 d\u00edas h\u00e1biles, para que el personal de Compa\u00f1\u00eda Minera del Pac\u00edfico S.A. -o terceros relacionados a ella misma- denuncien incidentes vinculados a individuos de la especie <em>Lama guanicoe<\/em>, tanto cuando su origen se deba a variables operacionales, o cuando ocurran por otras razones dentro del \u00e1rea de influencia del proyecto o sus inmediaciones.<\/p>\n<p>Por \u00faltimo, la cuarta medida consiste en reportar ante la SMA una versi\u00f3n actualizada del plan de prevenci\u00f3n de contingencias y emergencias ambientales asociado al proyecto de ampliaci\u00f3n y mejoras operacionales en Mina Los Colorados, que deber\u00e1 incluir variables de fauna. El plazo para su ejecuci\u00f3n ser\u00e1 de 10 d\u00edas h\u00e1biles desde la presentaci\u00f3n del estudio se\u00f1alado en la primera medida.<\/p>\n<p>La Superintendenta del Medio Ambiente, <strong>Marie Claude Plumer<\/strong>, se\u00f1al\u00f3 que \u201cla evaluaci\u00f3n ambiental tiene un objetivo claro que es determinar si el impacto que tendr\u00e1 una actividad y proyecto se ajusta a las normas vigentes. En este sentido se establecen compromisos y requisitos a los titulares para la ejecuci\u00f3n de los proyectos, los cuales deben ser cumplidos a cabalidad. Es parte de las reglas del juego\u201d. Esto, agreg\u00f3, \u201ctiene como fin garantizar la protecci\u00f3n del medioambiente y de las especies que podr\u00edan verse afectadas\u201d.<\/p>\n<p>Para m\u00e1s detalles de las Medidas Urgentes y Transitorias, ingresar al Sistema de Informaci\u00f3n de Fiscalizaci\u00f3n Ambiental (SNIFA), a trav\u00e9s del siguiente link: <a href=\"https:\/\/snifa.sma.gob.cl\/MedidaProvisional\/Ficha\/490\">https:\/\/snifa.sma.gob.cl\/MedidaProvisional\/Ficha\/490<\/a><\/p>\n<p>&nbsp;<\/p>\n","protected":false},"excerpt":{"rendered":"<p>Las medidas urgentes y transitorias se justifican en la constataci\u00f3n de un impacto no previsto a ejemplares de guanacos en la Declaraci\u00f3n de Impacto Ambiental (DIA) del proyecto \u201cModificaci\u00f3n Plan Minero Mina Los Colorados\u201d, lo que constituye una omisi\u00f3n en el proceso de evaluaci\u00f3n ambiental. La Superintendencia del Medio Ambiente (SMA) orden\u00f3 medidas urgentes y transitorias <a href=\"https:\/\/portal.sma.gob.cl\/index.php\/sma-ordena-medidas-a-proyecto-mina-los-colorados-de-compania-minera-del-pacifico-por-afectacion-a-especie-vulnerable\/\">Leer m\u00e1s<\/a><\/p>\n","protected":false},"author":15,"featured_media":33521,"comment_status":"open","ping_status":"open","sticky":false,"template":"","format":"standard","meta":{"footnotes":""},"categories":[107,224,94],"tags":[],"class_list":["post-33515","post","type-post","status-publish","format-standard","has-post-thumbnail","hentry","category-destacado","category-macrozona-norte","category-notas-noticias"],"_links":{"self":[{"href":"https:\/\/portal.sma.gob.cl\/index.php\/wp-json\/wp\/v2\/posts\/33515","targetHints":{"allow":["GET"]}}],"collection":[{"href":"https:\/\/portal.sma.gob.cl\/index.php\/wp-json\/wp\/v2\/posts"}],"about":[{"href":"https:\/\/portal.sma.gob.cl\/index.php\/wp-json\/wp\/v2\/types\/post"}],"author":[{"embeddable":true,"href":"https:\/\/portal.sma.gob.cl\/index.php\/wp-json\/wp\/v2\/users\/15"}],"replies":[{"embeddable":true,"href":"https:\/\/portal.sma.gob.cl\/index.php\/wp-json\/wp\/v2\/comments?post=33515"}],"version-history":[{"count":1,"href":"https:\/\/portal.sma.gob.cl\/index.php\/wp-json\/wp\/v2\/posts\/33515\/revisions"}],"predecessor-version":[{"id":33548,"href":"https:\/\/portal.sma.gob.cl\/index.php\/wp-json\/wp\/v2\/posts\/33515\/revisions\/33548"}],"wp:featuredmedia":[{"embeddable":true,"href":"https:\/\/portal.sma.gob.cl\/index.php\/wp-json\/wp\/v2\/media\/33521"}],"wp:attachment":[{"href":"https:\/\/portal.sma.gob.cl\/index.php\/wp-json\/wp\/v2\/media?parent=33515"}],"wp:term":[{"taxonomy":"category","embeddable":true,"href":"https:\/\/portal.sma.gob.cl\/index.php\/wp-json\/wp\/v2\/categories?post=33515"},{"taxonomy":"post_tag","embeddable":true,"href":"https:\/\/portal.sma.gob.cl\/index.php\/wp-json\/wp\/v2\/tags?post=33515"}],"curies":[{"name":"wp","href":"https:\/\/api.w.org\/{rel}","templated":true}]}}