{"id":33590,"date":"2024-11-06T17:01:54","date_gmt":"2024-11-06T20:01:54","guid":{"rendered":"https:\/\/portal.sma.gob.cl\/?p=33590"},"modified":"2024-11-06T17:01:54","modified_gmt":"2024-11-06T20:01:54","slug":"columna-de-opinion-de-la-superintendenta-plumer-colaboracion-para-la-fiscalizacion-ambiental","status":"publish","type":"post","link":"https:\/\/portal.sma.gob.cl\/index.php\/columna-de-opinion-de-la-superintendenta-plumer-colaboracion-para-la-fiscalizacion-ambiental\/","title":{"rendered":"Columna de opini\u00f3n de la Superintendenta Plumer: Colaboraci\u00f3n para la fiscalizaci\u00f3n ambiental"},"content":{"rendered":"<p>En octubre pasado, 17 servicios p\u00fablicos con facultades fiscalizadoras nos reunimos para abordar el trabajo conjunto realizado en estos \u00faltimos 12 meses y fijar los desaf\u00edos para 2025. El encuentro -realizado por quienes integramos la Red Nacional de Fiscalizaci\u00f3n Ambiental de Chile (RENFA)- nos permiti\u00f3 definir l\u00edneas de colaboraci\u00f3n y conocer las principales preocupaciones y materias que debemos fortalecer para lograr un mejor monitoreo en asuntos ambientales.<\/p>\n<p>Esta colaboraci\u00f3n es importante por distintos aspectos: nos permite facilitar el intercambio de informaci\u00f3n; tener un enfoque que integra perspectivas de diferentes \u00e1reas; hacer un uso eficiente de los recursos p\u00fablicos que siempre son escasos; y fortalecer las capacidades de las instituciones y sus funcionarios. Esto entre muchos otros beneficios.<\/p>\n<p>Recientemente, nos reunimos con toda la RENFA para afianzar la coordinaci\u00f3n y acordar el plan plurianual de fiscalizaci\u00f3n (2025-2027). Hay un compromiso firme de todos los servicios de avanzar en eficiencia y eficacia, con el fin de incidir en la mejora en el cumplimiento ambiental.<\/p>\n<p>A la fecha, el trabajo de la RENFA ha sido clave para la coordinaci\u00f3n operativa en los procesos de fiscalizaci\u00f3n. Esto ha permitido, por otra parte, robustecer t\u00e9cnicamente a las funcionarias y funcionarios que desempe\u00f1an estas actividades, adem\u00e1s de generar estrategias concretas para abordar mejor ciertos sectores complejos.<\/p>\n<p>Esta colaboraci\u00f3n intersectorial, sin embargo, no es la \u00fanica que ha propiciado la Superintendencia del Medio Ambiente (SMA). Tambi\u00e9n en octubre pasado, se llev\u00f3 a cabo en nuestro pa\u00eds un nuevo encuentro de la Red Latinoamericana de Fiscalizaci\u00f3n y Cumplimiento Ambiental (REDLAFICA) -que Chile preside desde el a\u00f1o 2023 al 2025- donde 21 pa\u00edses de la regi\u00f3n se reunieron para intercambiar experiencias y estrategias, compartir situaciones complejas, mecanismos de respuestas y avances desarrollados.<\/p>\n<p>La participaci\u00f3n de Chile en REDLAFICA, junto con la colaboraci\u00f3n con otros organismos internacionales como el Banco Interamericano de Desarrollo, GIZ, INECE, no ha sido en vano y ha tra\u00eddo frutos concretos y un fortalecimiento importante de las capacidades de quienes son parte de la instituci\u00f3n.<\/p>\n<p>Gracias a estas redes de fiscalizaci\u00f3n, la SMA ha sido parte de distintas discusiones, y ha conocido otras realidades y respuestas. Esto nos ha demostrado que, en el mundo interconectado de hoy, los desaf\u00edos ambientales trascienden las fronteras y requieren respuestas colectivas. En un contexto de emergencia clim\u00e1tica, podemos decir entonces, que la fiscalizaci\u00f3n ambiental ser\u00e1 siempre m\u00e1s efectiva si se aborda desde la cooperaci\u00f3n y colaboraci\u00f3n.<\/p>\n<p><em><a href=\"https:\/\/www.induambiente.com\/opinion\/colaboracion-en-la-fiscalizacion-ambiental\">Columna publicada<\/a> en\u00a0<strong><a href=\"https:\/\/issuu.com\/induambiente1\/docs\/0-induambiente_ed_190-final\" target=\"_blank\" rel=\"noopener\">InduAmbiente n\u00b0 190<\/a><\/strong>\u00a0(septiembre-octubre 2024), p\u00e1gina 38.<\/em><\/p>\n","protected":false},"excerpt":{"rendered":"<p>En octubre pasado, 17 servicios p\u00fablicos con facultades fiscalizadoras nos reunimos para abordar el trabajo conjunto realizado en estos \u00faltimos 12 meses y fijar los desaf\u00edos para 2025. El encuentro -realizado por quienes integramos la Red Nacional de Fiscalizaci\u00f3n Ambiental de Chile (RENFA)- nos permiti\u00f3 definir l\u00edneas de colaboraci\u00f3n y conocer las principales preocupaciones y materias <a href=\"https:\/\/portal.sma.gob.cl\/index.php\/columna-de-opinion-de-la-superintendenta-plumer-colaboracion-para-la-fiscalizacion-ambiental\/\">Leer m\u00e1s<\/a><\/p>\n","protected":false},"author":15,"featured_media":33437,"comment_status":"open","ping_status":"open","sticky":false,"template":"","format":"standard","meta":{"footnotes":""},"categories":[274,107,225],"tags":[],"class_list":["post-33590","post","type-post","status-publish","format-standard","has-post-thumbnail","hentry","category-columna-de-opinion","category-destacado","category-macrozona-centro"],"_links":{"self":[{"href":"https:\/\/portal.sma.gob.cl\/index.php\/wp-json\/wp\/v2\/posts\/33590","targetHints":{"allow":["GET"]}}],"collection":[{"href":"https:\/\/portal.sma.gob.cl\/index.php\/wp-json\/wp\/v2\/posts"}],"about":[{"href":"https:\/\/portal.sma.gob.cl\/index.php\/wp-json\/wp\/v2\/types\/post"}],"author":[{"embeddable":true,"href":"https:\/\/portal.sma.gob.cl\/index.php\/wp-json\/wp\/v2\/users\/15"}],"replies":[{"embeddable":true,"href":"https:\/\/portal.sma.gob.cl\/index.php\/wp-json\/wp\/v2\/comments?post=33590"}],"version-history":[{"count":3,"href":"https:\/\/portal.sma.gob.cl\/index.php\/wp-json\/wp\/v2\/posts\/33590\/revisions"}],"predecessor-version":[{"id":33593,"href":"https:\/\/portal.sma.gob.cl\/index.php\/wp-json\/wp\/v2\/posts\/33590\/revisions\/33593"}],"wp:featuredmedia":[{"embeddable":true,"href":"https:\/\/portal.sma.gob.cl\/index.php\/wp-json\/wp\/v2\/media\/33437"}],"wp:attachment":[{"href":"https:\/\/portal.sma.gob.cl\/index.php\/wp-json\/wp\/v2\/media?parent=33590"}],"wp:term":[{"taxonomy":"category","embeddable":true,"href":"https:\/\/portal.sma.gob.cl\/index.php\/wp-json\/wp\/v2\/categories?post=33590"},{"taxonomy":"post_tag","embeddable":true,"href":"https:\/\/portal.sma.gob.cl\/index.php\/wp-json\/wp\/v2\/tags?post=33590"}],"curies":[{"name":"wp","href":"https:\/\/api.w.org\/{rel}","templated":true}]}}