{"id":33594,"date":"2024-11-07T16:00:38","date_gmt":"2024-11-07T19:00:38","guid":{"rendered":"https:\/\/portal.sma.gob.cl\/?p=33594"},"modified":"2025-02-28T15:48:23","modified_gmt":"2025-02-28T18:48:23","slug":"sma-sostiene-reunion-con-comite-encargado-de-revisar-los-avances-del-acuerdo-de-escazu-en-chile","status":"publish","type":"post","link":"https:\/\/portal.sma.gob.cl\/index.php\/sma-sostiene-reunion-con-comite-encargado-de-revisar-los-avances-del-acuerdo-de-escazu-en-chile\/","title":{"rendered":"SMA sostiene reuni\u00f3n con comit\u00e9 encargado de revisar los avances del Acuerdo de Escaz\u00fa en Chile"},"content":{"rendered":"<p><strong>\u00b7 El Comit\u00e9 de Apoyo a la Aplicaci\u00f3n y el Cumplimiento del acuerdo, lleg\u00f3 a Chile este lunes con el objetivo de conocer el rol de las instituciones p\u00fablicas del pa\u00eds que consideran dentro de sus funciones, materias relacionadas al tratado latinoamericano sobre asuntos ambientales.<\/strong><\/p>\n<p>La Superintendenta del Medio Ambiente, Marie Claude Plumer, se reuni\u00f3 con el Comit\u00e9 de Apoyo a la Aplicaci\u00f3n y el Cumplimiento (CAAC) del Acuerdo de Escaz\u00fa, que tiene como objetivo revisar los avances del Estado de Chile respecto de la implementaci\u00f3n del tratado latinoamericano que busca elevar los est\u00e1ndares de acceso a la informaci\u00f3n, a la justicia y a la participaci\u00f3n p\u00fablica en asuntos ambientales.<\/p>\n<p>El encuentro forma parte una serie de reuniones que est\u00e1 llevando a cabo el comit\u00e9 con diversas instituciones p\u00fablicas del pa\u00eds, como el Ministerio del Medio Ambiente, Ministerio de Desarrollo Social, Ministerio de Justicia, Servicio de Evaluaci\u00f3n Ambiental, tribunales ambientales, Corte Suprema y otros.<\/p>\n<p>El proceso de consulta con la SMA, que se realiz\u00f3 en la comuna de Valdivia, se centr\u00f3 en dar a conocer c\u00f3mo funciona la Superintendencia en su rol de fiscalizar el cumplimiento de la normativa ambiental y otros instrumentos de gesti\u00f3n ambiental en Chile, adem\u00e1s de explicar la importancia de las denuncias ciudadanas. Igualmente, se abord\u00f3 el mecanismo a trav\u00e9s del que la instituci\u00f3n facilita el acceso a la justicia ambiental y los desaf\u00edos para la correcta implementaci\u00f3n del acuerdo.<\/p>\n<p>La visita a Chile es la primera que realiza el comit\u00e9 a alguno de los Estados parte del tratado, con el objetivo de conocer el estado de avances y recibir recomendaciones respecto de los desaf\u00edos nacionales para la ejecuci\u00f3n del Plan Nacional de Implementaci\u00f3n Participativa del Acuerdo de Escaz\u00fa 2024-2030 (PIPE).<\/p>\n<p>La Superintendenta Marie Claude Plumer destac\u00f3 que \u201cesta reuni\u00f3n es una muy buena oportunidad para dar a conocer los esfuerzos que est\u00e1 haciendo el Estado de Chile para la correcta implementaci\u00f3n del Acuerdo de Escaz\u00fa. Este tratado latinoamericano eleva los est\u00e1ndares en t\u00e9rminos de transparencia y de derechos de acceso a la informaci\u00f3n y justicia ambiental, donde tanto la Superintendencia, como varios otros organismos de la administraci\u00f3n del Estado, juegan un rol clave\u201d.<\/p>\n<p><strong>Sobre el CAAC<\/strong><\/p>\n<p>El comit\u00e9 es un \u00f3rgano que tiene como objetivo promover la aplicaci\u00f3n y apoyar en la implementaci\u00f3n del Acuerdo de Escaz\u00fa.<\/p>\n<p>En su paso por Chile -entre el 4 y el 8 de noviembre- la instancia abordar\u00e1, como parte de su temario, el funcionamiento del Registro de Emisiones y Transferencia de Contaminantes (RETC), la participaci\u00f3n temprana en los procesos de toma de decisiones ambientales y el acceso a la justicia ambiental a trav\u00e9s de los tribunales ambientales.<\/p>\n","protected":false},"excerpt":{"rendered":"<p>\u00b7 El Comit\u00e9 de Apoyo a la Aplicaci\u00f3n y el Cumplimiento del acuerdo, lleg\u00f3 a Chile este lunes con el objetivo de conocer el rol de las instituciones p\u00fablicas del pa\u00eds que consideran dentro de sus funciones, materias relacionadas al tratado latinoamericano sobre asuntos ambientales. La Superintendenta del Medio Ambiente, Marie Claude Plumer, se reuni\u00f3 con <a href=\"https:\/\/portal.sma.gob.cl\/index.php\/sma-sostiene-reunion-con-comite-encargado-de-revisar-los-avances-del-acuerdo-de-escazu-en-chile\/\">Leer m\u00e1s<\/a><\/p>\n","protected":false},"author":15,"featured_media":33595,"comment_status":"open","ping_status":"open","sticky":false,"template":"","format":"standard","meta":{"footnotes":""},"categories":[107,279,226,94],"tags":[],"class_list":["post-33594","post","type-post","status-publish","format-standard","has-post-thumbnail","hentry","category-destacado","category-escazu","category-macrozona-sur","category-notas-noticias"],"_links":{"self":[{"href":"https:\/\/portal.sma.gob.cl\/index.php\/wp-json\/wp\/v2\/posts\/33594","targetHints":{"allow":["GET"]}}],"collection":[{"href":"https:\/\/portal.sma.gob.cl\/index.php\/wp-json\/wp\/v2\/posts"}],"about":[{"href":"https:\/\/portal.sma.gob.cl\/index.php\/wp-json\/wp\/v2\/types\/post"}],"author":[{"embeddable":true,"href":"https:\/\/portal.sma.gob.cl\/index.php\/wp-json\/wp\/v2\/users\/15"}],"replies":[{"embeddable":true,"href":"https:\/\/portal.sma.gob.cl\/index.php\/wp-json\/wp\/v2\/comments?post=33594"}],"version-history":[{"count":3,"href":"https:\/\/portal.sma.gob.cl\/index.php\/wp-json\/wp\/v2\/posts\/33594\/revisions"}],"predecessor-version":[{"id":33602,"href":"https:\/\/portal.sma.gob.cl\/index.php\/wp-json\/wp\/v2\/posts\/33594\/revisions\/33602"}],"wp:featuredmedia":[{"embeddable":true,"href":"https:\/\/portal.sma.gob.cl\/index.php\/wp-json\/wp\/v2\/media\/33595"}],"wp:attachment":[{"href":"https:\/\/portal.sma.gob.cl\/index.php\/wp-json\/wp\/v2\/media?parent=33594"}],"wp:term":[{"taxonomy":"category","embeddable":true,"href":"https:\/\/portal.sma.gob.cl\/index.php\/wp-json\/wp\/v2\/categories?post=33594"},{"taxonomy":"post_tag","embeddable":true,"href":"https:\/\/portal.sma.gob.cl\/index.php\/wp-json\/wp\/v2\/tags?post=33594"}],"curies":[{"name":"wp","href":"https:\/\/api.w.org\/{rel}","templated":true}]}}