{"id":33724,"date":"2024-11-21T09:52:00","date_gmt":"2024-11-21T12:52:00","guid":{"rendered":"https:\/\/portal.sma.gob.cl\/?p=33724"},"modified":"2024-11-21T09:52:00","modified_gmt":"2024-11-21T12:52:00","slug":"reforma-a-la-sma-avanza-en-su-tramitacion-comision-de-medio-ambiente-de-la-camara-despacho-el-proyecto","status":"publish","type":"post","link":"https:\/\/portal.sma.gob.cl\/index.php\/reforma-a-la-sma-avanza-en-su-tramitacion-comision-de-medio-ambiente-de-la-camara-despacho-el-proyecto\/","title":{"rendered":"Reforma a la SMA avanza en su tramitaci\u00f3n: Comisi\u00f3n de Medio Ambiente de la C\u00e1mara despach\u00f3 el proyecto"},"content":{"rendered":"<ul>\n<li><strong>La iniciativa que busca reforzar la capacidad de fiscalizaci\u00f3n ambiental de la Superintendencia del Medio Ambiente comenzar\u00e1 ahora su discusi\u00f3n en la Comisi\u00f3n de Hacienda de la C\u00e1mara de Diputadas y Diputados.<\/strong><\/li>\n<li><strong>La \u00a0ministra \u00a0Maisa \u00a0Rojas \u00a0destac\u00f3 \u00a0el \u00a0avance \u00a0del \u00a0proyecto: \u00a0\u201cEs \u00a0una excelente noticia para nuestro pa\u00eds\u201d<\/strong><\/li>\n<\/ul>\n<p>Durante esta tarde se zanj\u00f3 un nuevo paso en la tramitaci\u00f3n del proyecto que busca reformar la Superintendencia del Medio Ambiente (SMA). Esto, luego de que la Comisi\u00f3n de Medio Ambiente y Recursos Naturales de la C\u00e1mara de Diputadas y Diputados despachara la reforma a la Ley Org\u00e1nica de la SMA, dando paso a su tramitaci\u00f3n en la Comisi\u00f3n de Hacienda.<\/p>\n<p>La iniciativa \u2013que comenz\u00f3 su primer tr\u00e1mite legislativo en marzo de 2024 y que fue aprobada en general el 31 de mayo de este a\u00f1o- tiene como objetivo fortalecer la fiscalizaci\u00f3n e incentivar el cumplimiento ambiental, adem\u00e1s de avanzar en un modelo que permita agilizar la toma de decisiones, fijar reglas claras y dar respuestas m\u00e1s eficientes a los interesados. Para esto, el proyecto considera modificaciones -que fueron analizadas durante la discusi\u00f3n en particular por los parlamentarios de la Comisi\u00f3n de Medio Ambiente- que apuntan a robustecer el marco institucional de la SMA.<\/p>\n<p>Tras el despacho de la reforma, la ministra del Medio Ambiente, <strong>Maisa Rojas<\/strong>, valor\u00f3 el avance y se\u00f1al\u00f3 que <em>\u201cfortalecer la Superintendencia es robustecer la fiscalizaci\u00f3n ambiental. Estamos dando un enorme paso porque una mejor la fiscalizaci\u00f3n significa proteger nuestro medioambiente y nuestro patrimonio natural. Que este proyecto avance es una excelente noticia para nuestro pa\u00eds&#8221;.<\/em><\/p>\n<p>Por su parte, la Superintendenta del Medio Ambiente, <strong>Marie Claude Plumer<\/strong>, agreg\u00f3 que <em>\u201ces una muy buena noticia cuando las instituciones se fortalecen, con eso todas y todos ganamos. Este proyecto tiene un objetivo muy claro que es proporcionar herramientas m\u00e1s eficientes y eficaces a la SMA para no solo realizar una mejor fiscalizaci\u00f3n ambiental, sino, adem\u00e1s, fomentar el cumplimiento de la normativa por parte de los regulados\u201d.<\/em> \u00a0Adem\u00e1s, indic\u00f3 que <em>\u201cestas modificaciones a la ley org\u00e1nica de la Superintendencia se enmarcan en la necesidad urgente de resguardar la salud de las personas y la riqueza natural de Chile y, con esto, garantizar el derecho de vivir en un medioambiente libre de contaminaci\u00f3n\u201d.<\/em><\/p>\n<p><strong>P<\/strong><strong>royecto de reforma<\/strong><\/p>\n<p>Entre otras materias, el proyecto propone una mejora en la gesti\u00f3n de las denuncias, estableciendo plazos m\u00e1s acotados para informar sobre la admisibilidad y la entrega de\u00a0resultados. Adem\u00e1s, se contempla la posibilidad de que el denunciante mantenga la reserva de identidad durante la etapa de investigaci\u00f3n y que, en los casos de ruidos molestos -de establecimientos no industriales o que no cuenten con RCA- sean las municipalidades quienes est\u00e9n a cargo de la fiscalizaci\u00f3n y los Juzgados de Polic\u00eda Local de las sanciones.<\/p>\n<p>Junto con lo anterior, se propone la creaci\u00f3n de un procedimiento sancionatorio simplificado para las infracciones que sean clasificadas como leves; se introducen v\u00edas alternativas de cumplimiento para los casos en que no exista afectaci\u00f3n al medioambiente o salud de las personas -ni riesgo significativo de afectarlos- y se trate de desviaciones normativas de menor entidad (la SMA podr\u00e1 aplicar mecanismos como cartas de advertencia y planes de correcci\u00f3n, entre otros); y se ampl\u00eda la potestad cautelar de la SMA para dictar medidas en casos de elusi\u00f3n al Sistema de Evaluaci\u00f3n de Impacto Ambiental (SEIA) y cuando una actividad industrial genere riesgo grave e inminente al medioambiente o la salud de las personas.<\/p>\n","protected":false},"excerpt":{"rendered":"<p>La iniciativa que busca reforzar la capacidad de fiscalizaci\u00f3n ambiental de la Superintendencia del Medio Ambiente comenzar\u00e1 ahora su discusi\u00f3n en la Comisi\u00f3n de Hacienda de la C\u00e1mara de Diputadas y Diputados. La \u00a0ministra \u00a0Maisa \u00a0Rojas \u00a0destac\u00f3 \u00a0el \u00a0avance \u00a0del \u00a0proyecto: \u00a0\u201cEs \u00a0una excelente noticia para nuestro pa\u00eds\u201d Durante esta tarde se zanj\u00f3 un nuevo paso <a href=\"https:\/\/portal.sma.gob.cl\/index.php\/reforma-a-la-sma-avanza-en-su-tramitacion-comision-de-medio-ambiente-de-la-camara-despacho-el-proyecto\/\">Leer m\u00e1s<\/a><\/p>\n","protected":false},"author":8,"featured_media":33726,"comment_status":"open","ping_status":"open","sticky":false,"template":"","format":"standard","meta":{"footnotes":""},"categories":[90,107,225],"tags":[],"class_list":["post-33724","post","type-post","status-publish","format-standard","has-post-thumbnail","hentry","category-comunicados-noticias","category-destacado","category-macrozona-centro"],"_links":{"self":[{"href":"https:\/\/portal.sma.gob.cl\/index.php\/wp-json\/wp\/v2\/posts\/33724","targetHints":{"allow":["GET"]}}],"collection":[{"href":"https:\/\/portal.sma.gob.cl\/index.php\/wp-json\/wp\/v2\/posts"}],"about":[{"href":"https:\/\/portal.sma.gob.cl\/index.php\/wp-json\/wp\/v2\/types\/post"}],"author":[{"embeddable":true,"href":"https:\/\/portal.sma.gob.cl\/index.php\/wp-json\/wp\/v2\/users\/8"}],"replies":[{"embeddable":true,"href":"https:\/\/portal.sma.gob.cl\/index.php\/wp-json\/wp\/v2\/comments?post=33724"}],"version-history":[{"count":2,"href":"https:\/\/portal.sma.gob.cl\/index.php\/wp-json\/wp\/v2\/posts\/33724\/revisions"}],"predecessor-version":[{"id":33728,"href":"https:\/\/portal.sma.gob.cl\/index.php\/wp-json\/wp\/v2\/posts\/33724\/revisions\/33728"}],"wp:featuredmedia":[{"embeddable":true,"href":"https:\/\/portal.sma.gob.cl\/index.php\/wp-json\/wp\/v2\/media\/33726"}],"wp:attachment":[{"href":"https:\/\/portal.sma.gob.cl\/index.php\/wp-json\/wp\/v2\/media?parent=33724"}],"wp:term":[{"taxonomy":"category","embeddable":true,"href":"https:\/\/portal.sma.gob.cl\/index.php\/wp-json\/wp\/v2\/categories?post=33724"},{"taxonomy":"post_tag","embeddable":true,"href":"https:\/\/portal.sma.gob.cl\/index.php\/wp-json\/wp\/v2\/tags?post=33724"}],"curies":[{"name":"wp","href":"https:\/\/api.w.org\/{rel}","templated":true}]}}