{"id":33820,"date":"2024-12-13T16:21:01","date_gmt":"2024-12-13T19:21:01","guid":{"rendered":"https:\/\/portal.sma.gob.cl\/?p=33820"},"modified":"2026-03-18T12:58:22","modified_gmt":"2026-03-18T15:58:22","slug":"corte-suprema-destaca-acciones-proactivas-del-gobierno-para-descontaminar-concon-quintero-y-puchuncavi","status":"publish","type":"post","link":"https:\/\/portal.sma.gob.cl\/index.php\/corte-suprema-destaca-acciones-proactivas-del-gobierno-para-descontaminar-concon-quintero-y-puchuncavi\/","title":{"rendered":"Corte Suprema destaca acciones proactivas del Gobierno para descontaminar Conc\u00f3n, Quintero y Puchuncav\u00ed"},"content":{"rendered":"<ul>\n<li><strong>En fallo un\u00e1nime, la Tercera Sala del M\u00e1ximo Tribunal destac\u00f3 que la autoridad Ambiental ha realizado gestiones coordinadas para mitigar los eventos de contaminaci\u00f3n atmosf\u00e9rica en la zona.<\/strong><\/li>\n<\/ul>\n<p>Un reconocimiento a los esfuerzos de los \u00f3rganos de la Administraci\u00f3n del Estado por avanzar en la descontaminaci\u00f3n de Conc\u00f3n, Quintero y Puchuncav\u00ed entreg\u00f3 la Tercera Sala de la Corte Suprema en fallo en el que rechaz\u00f3 un recurso de protecci\u00f3n presentado por el senador Francisco Chahu\u00e1n en contra de los ministerios del Medio Ambiente, Salud y Superintendencia del Medio Ambiente, por los episodios de contaminaci\u00f3n de los a\u00f1os 2022 y 2023 y la gesti\u00f3n desplegada.<\/p>\n<p>El fallo -firmado por los ministros Mario Carroza, Mar\u00eda Ang\u00e9lica Benavides, y Andrea Ruiz- indica que \u201ccabe reconocer los esfuerzos de los \u00f3rganos de la Administraci\u00f3n del Estado para dar cumplimiento a la obligaci\u00f3n de actuar de manera proactiva y coordinada a fin de alcanzar los objetivos p\u00fablicos establecidos y el bienestar de la poblaci\u00f3n\u201d.<\/p>\n<p>El documento a\u00f1ade que \u201ca esta conclusi\u00f3n se arriba tras el an\u00e1lisis en extenso de las distintas gestiones realizadas para dar cumplimiento a las medidas dispuestas por esta Corte en los fallos estudiados, as\u00ed como de las obligaciones legales mandatadas tanto por la normativa interna como la internacional\u201d. La sentencia rechaza que exista \u201cdesidia, negligencia, omisiones o un incumplimiento contumaz\u201d por parte de las instituciones p\u00fablicas.<\/p>\n<p>Explican que la autoridad ha realizado gestiones para estudiar, normar, fiscalizar y mitigar los eventos de contaminaci\u00f3n atmosf\u00e9rica, \u201cno advirti\u00e9ndose, en consecuencia, la configuraci\u00f3n de la negligencia y decid\u00eda en la que se sustenta la acci\u00f3n\u201d.<\/p>\n<p>Entre las medidas implementadas para proteger la salud de las personas y el cuidado del medioambiente en la zona, y que fueron analizadas por los ministros, est\u00e1 la entrada en vigencia en 2023 de la norma de calidad del aire para compuestos org\u00e1nicos vol\u00e1tiles y la revisi\u00f3n y actualizaci\u00f3n del Plan de Prevenci\u00f3n y Descontaminaci\u00f3n.<\/p>\n<p>Cabe recordar que se ha logrado una reducci\u00f3n de un 50% de los contaminantes compuestos org\u00e1nicos vol\u00e1tiles y que la nueva Red P\u00fablica de Monitoreo ya est\u00e1 en marcha blanca, con 13 estaciones de un total de 14 puntos de monitoreo en l\u00ednea.<\/p>\n<p>Otra de las medidas impulsadas por este gobierno dice relaci\u00f3n con la nueva norma secundaria de calidad de agua de mar para la bah\u00eda de Quintero, que establece par\u00e1metros de contaminantes para la columna de agua y el sedimento marino, medida \u00fanica en Chile y que busca resguardar la biodiversidad de la zona.<\/p>\n<p>Corte Suprema, recurso de protecci\u00f3n Rol N\u00b013.923\u20132024, fallo 11 diciembre de 2024.<\/p>\n<p><a href=\"https:\/\/mma.gob.cl\/wp-content\/uploads\/2024\/12\/13923-2024-fallo-1.pdf\">Fallo<\/a><\/p>\n","protected":false},"excerpt":{"rendered":"<p>En fallo un\u00e1nime, la Tercera Sala del M\u00e1ximo Tribunal destac\u00f3 que la autoridad Ambiental ha realizado gestiones coordinadas para mitigar los eventos de contaminaci\u00f3n atmosf\u00e9rica en la zona. Un reconocimiento a los esfuerzos de los \u00f3rganos de la Administraci\u00f3n del Estado por avanzar en la descontaminaci\u00f3n de Conc\u00f3n, Quintero y Puchuncav\u00ed entreg\u00f3 la Tercera Sala de <a href=\"https:\/\/portal.sma.gob.cl\/index.php\/corte-suprema-destaca-acciones-proactivas-del-gobierno-para-descontaminar-concon-quintero-y-puchuncavi\/\">Leer m\u00e1s<\/a><\/p>\n","protected":false},"author":13,"featured_media":33821,"comment_status":"open","ping_status":"open","sticky":false,"template":"","format":"standard","meta":{"footnotes":""},"categories":[90,277,107,225,231],"tags":[],"class_list":["post-33820","post","type-post","status-publish","format-standard","has-post-thumbnail","hentry","category-comunicados-noticias","category-concon-quintero-y-puchuncavi","category-destacado","category-macrozona-centro","category-valparaiso"],"_links":{"self":[{"href":"https:\/\/portal.sma.gob.cl\/index.php\/wp-json\/wp\/v2\/posts\/33820","targetHints":{"allow":["GET"]}}],"collection":[{"href":"https:\/\/portal.sma.gob.cl\/index.php\/wp-json\/wp\/v2\/posts"}],"about":[{"href":"https:\/\/portal.sma.gob.cl\/index.php\/wp-json\/wp\/v2\/types\/post"}],"author":[{"embeddable":true,"href":"https:\/\/portal.sma.gob.cl\/index.php\/wp-json\/wp\/v2\/users\/13"}],"replies":[{"embeddable":true,"href":"https:\/\/portal.sma.gob.cl\/index.php\/wp-json\/wp\/v2\/comments?post=33820"}],"version-history":[{"count":2,"href":"https:\/\/portal.sma.gob.cl\/index.php\/wp-json\/wp\/v2\/posts\/33820\/revisions"}],"predecessor-version":[{"id":33823,"href":"https:\/\/portal.sma.gob.cl\/index.php\/wp-json\/wp\/v2\/posts\/33820\/revisions\/33823"}],"wp:featuredmedia":[{"embeddable":true,"href":"https:\/\/portal.sma.gob.cl\/index.php\/wp-json\/wp\/v2\/media\/33821"}],"wp:attachment":[{"href":"https:\/\/portal.sma.gob.cl\/index.php\/wp-json\/wp\/v2\/media?parent=33820"}],"wp:term":[{"taxonomy":"category","embeddable":true,"href":"https:\/\/portal.sma.gob.cl\/index.php\/wp-json\/wp\/v2\/categories?post=33820"},{"taxonomy":"post_tag","embeddable":true,"href":"https:\/\/portal.sma.gob.cl\/index.php\/wp-json\/wp\/v2\/tags?post=33820"}],"curies":[{"name":"wp","href":"https:\/\/api.w.org\/{rel}","templated":true}]}}