{"id":33859,"date":"2024-12-20T16:39:50","date_gmt":"2024-12-20T19:39:50","guid":{"rendered":"https:\/\/portal.sma.gob.cl\/?p=33859"},"modified":"2024-12-20T17:09:35","modified_gmt":"2024-12-20T20:09:35","slug":"sma-y-sernageomin-firman-convenio-para-fortalecer-la-coordinacion-y-el-intercambio-de-informacion","status":"publish","type":"post","link":"https:\/\/portal.sma.gob.cl\/index.php\/sma-y-sernageomin-firman-convenio-para-fortalecer-la-coordinacion-y-el-intercambio-de-informacion\/","title":{"rendered":"SMA y Sernageomin firman convenio para fortalecer la coordinaci\u00f3n y el intercambio de informaci\u00f3n"},"content":{"rendered":"<ul>\n<li><strong>Con este convenio de colaboraci\u00f3n, se instalar\u00e1 una mesa t\u00e9cnica entre ambos organismos del Estado para establecer una coordinaci\u00f3n a nivel central y regional.<\/strong><\/li>\n<\/ul>\n<p><strong>\u00a0<\/strong>La Superintendencia del Medio Ambiente (SMA) y el Servicio Nacional de Geolog\u00eda y Miner\u00eda (Sernageomin) firmaron un convenio de colaboraci\u00f3n, que tiene como objetivo fortalecer la coordinaci\u00f3n entre ambos organismos que forman parte de la Red Nacional de Fiscalizaci\u00f3n Ambiental (RENFA).<\/p>\n<p>Como parte del convenio, que fue firmado por la Superintendenta Marie Claude Plumer y el director de Sernageomin, Patricio Aguilera, se conformar\u00e1 una mesa t\u00e9cnica constituida por ambos organismos que funcionar\u00e1 como instancia de coordinaci\u00f3n a nivel central y regional, tanto en un car\u00e1cter preventivo como reactivo.<\/p>\n<p>Adem\u00e1s, podr\u00e1 elaborar herramientas de apoyo a la fiscalizaci\u00f3n, como sistemas inform\u00e1ticos compartidos, vinculaci\u00f3n entre unidades fiscalizables, formularios de denuncia y otras materias de inter\u00e9s para las instituciones.<\/p>\n<p>Por otra parte, en el marco del convenio, tambi\u00e9n se consideran instancias de intercambio de conocimiento e informaci\u00f3n, as\u00ed como tambi\u00e9n el apoyo especializado entre instituciones en las labores de fiscalizaci\u00f3n ambiental, mediante el uso de equipos (drones) y de im\u00e1genes satelitales, junto con la entrega de cartograf\u00edas o capas de informaci\u00f3n geogr\u00e1fica, entre otros.<\/p>\n<p>La Superintendenta Plumer destac\u00f3 \u201cque este convenio permitir\u00e1 fortalecer el trabajo que realizamos junto a Sernageomin para la fiscalizaci\u00f3n de distintos proyectos. Esto nos ayudar\u00e1 a optimizar las funciones y respuestas ante distintas contingencias ambientales que puedan surgir y tambi\u00e9n para realizar labores preventivas.<\/p>\n","protected":false},"excerpt":{"rendered":"<p>Con este convenio de colaboraci\u00f3n, se instalar\u00e1 una mesa t\u00e9cnica entre ambos organismos del Estado para establecer una coordinaci\u00f3n a nivel central y regional. \u00a0La Superintendencia del Medio Ambiente (SMA) y el Servicio Nacional de Geolog\u00eda y Miner\u00eda (Sernageomin) firmaron un convenio de colaboraci\u00f3n, que tiene como objetivo fortalecer la coordinaci\u00f3n entre ambos organismos que forman <a href=\"https:\/\/portal.sma.gob.cl\/index.php\/sma-y-sernageomin-firman-convenio-para-fortalecer-la-coordinacion-y-el-intercambio-de-informacion\/\">Leer m\u00e1s<\/a><\/p>\n","protected":false},"author":13,"featured_media":33860,"comment_status":"open","ping_status":"open","sticky":false,"template":"","format":"standard","meta":{"footnotes":""},"categories":[90,107,225],"tags":[],"class_list":["post-33859","post","type-post","status-publish","format-standard","has-post-thumbnail","hentry","category-comunicados-noticias","category-destacado","category-macrozona-centro"],"_links":{"self":[{"href":"https:\/\/portal.sma.gob.cl\/index.php\/wp-json\/wp\/v2\/posts\/33859","targetHints":{"allow":["GET"]}}],"collection":[{"href":"https:\/\/portal.sma.gob.cl\/index.php\/wp-json\/wp\/v2\/posts"}],"about":[{"href":"https:\/\/portal.sma.gob.cl\/index.php\/wp-json\/wp\/v2\/types\/post"}],"author":[{"embeddable":true,"href":"https:\/\/portal.sma.gob.cl\/index.php\/wp-json\/wp\/v2\/users\/13"}],"replies":[{"embeddable":true,"href":"https:\/\/portal.sma.gob.cl\/index.php\/wp-json\/wp\/v2\/comments?post=33859"}],"version-history":[{"count":4,"href":"https:\/\/portal.sma.gob.cl\/index.php\/wp-json\/wp\/v2\/posts\/33859\/revisions"}],"predecessor-version":[{"id":33864,"href":"https:\/\/portal.sma.gob.cl\/index.php\/wp-json\/wp\/v2\/posts\/33859\/revisions\/33864"}],"wp:featuredmedia":[{"embeddable":true,"href":"https:\/\/portal.sma.gob.cl\/index.php\/wp-json\/wp\/v2\/media\/33860"}],"wp:attachment":[{"href":"https:\/\/portal.sma.gob.cl\/index.php\/wp-json\/wp\/v2\/media?parent=33859"}],"wp:term":[{"taxonomy":"category","embeddable":true,"href":"https:\/\/portal.sma.gob.cl\/index.php\/wp-json\/wp\/v2\/categories?post=33859"},{"taxonomy":"post_tag","embeddable":true,"href":"https:\/\/portal.sma.gob.cl\/index.php\/wp-json\/wp\/v2\/tags?post=33859"}],"curies":[{"name":"wp","href":"https:\/\/api.w.org\/{rel}","templated":true}]}}