{"id":34021,"date":"2025-01-15T17:36:08","date_gmt":"2025-01-15T20:36:08","guid":{"rendered":"https:\/\/portal.sma.gob.cl\/?p=34021"},"modified":"2025-01-15T17:36:08","modified_gmt":"2025-01-15T20:36:08","slug":"avanza-reforma-a-la-sma-comision-de-hacienda-de-la-camara-despacho-el-proyecto-para-su-votacion-en-sala","status":"publish","type":"post","link":"https:\/\/portal.sma.gob.cl\/index.php\/avanza-reforma-a-la-sma-comision-de-hacienda-de-la-camara-despacho-el-proyecto-para-su-votacion-en-sala\/","title":{"rendered":"Avanza reforma a la SMA: Comisi\u00f3n de Hacienda de la C\u00e1mara despach\u00f3 el proyecto para su votaci\u00f3n en Sala"},"content":{"rendered":"<ul>\n<li data-leveltext=\"\uf0b7\" data-font=\"Symbol\" data-listid=\"1\" data-list-defn-props=\"{&quot;335552541&quot;:1,&quot;335559685&quot;:720,&quot;335559991&quot;:360,&quot;469769226&quot;:&quot;Symbol&quot;,&quot;469769242&quot;:[8226],&quot;469777803&quot;:&quot;left&quot;,&quot;469777804&quot;:&quot;\uf0b7&quot;,&quot;469777815&quot;:&quot;hybridMultilevel&quot;}\" aria-setsize=\"-1\" data-aria-posinset=\"1\" data-aria-level=\"1\"><b><span data-contrast=\"auto\">La iniciativa del Ejecutivo busca modernizar la Superintendencia del Medio Ambiente y proporcionar herramientas que permitan realizar una mejor fiscalizaci\u00f3n, adem\u00e1s de incentivar el cumplimiento ambiental.<\/span><\/b><span data-ccp-props=\"{&quot;335551550&quot;:6,&quot;335551620&quot;:6}\">\u00a0<\/span><\/li>\n<\/ul>\n<ul>\n<li data-leveltext=\"\uf0b7\" data-font=\"Symbol\" data-listid=\"1\" data-list-defn-props=\"{&quot;335552541&quot;:1,&quot;335559685&quot;:720,&quot;335559991&quot;:360,&quot;469769226&quot;:&quot;Symbol&quot;,&quot;469769242&quot;:[8226],&quot;469777803&quot;:&quot;left&quot;,&quot;469777804&quot;:&quot;\uf0b7&quot;,&quot;469777815&quot;:&quot;hybridMultilevel&quot;}\" aria-setsize=\"-1\" data-aria-posinset=\"2\" data-aria-level=\"1\"><b><span data-contrast=\"auto\">La ministra Maisa Rojas destac\u00f3 que \u201cestamos fortaleciendo y haciendo m\u00e1s eficiente el funcionamiento de la SMA. Nuestro objetivo es maximizar el cumplimiento ambiental, que es el &#8216;desde&#8217; de cualquier actividad econ\u00f3mica\u201d.<\/span><\/b><span data-ccp-props=\"{&quot;335551550&quot;:6,&quot;335551620&quot;:6}\">\u00a0<\/span><\/li>\n<\/ul>\n<p><span data-ccp-props=\"{&quot;335551550&quot;:6,&quot;335551620&quot;:6}\">\u00a0<\/span><span data-contrast=\"auto\">Un nuevo paso en su tramitaci\u00f3n en el Congreso dio hoy el proyecto de ley que busca modernizar la Superintendencia del Medio Ambiente (SMA), luego de que la Comisi\u00f3n de Hacienda de la C\u00e1mara de Diputadas y Diputados aprobara la iniciativa, permitiendo de esta manera su pr\u00f3xima votaci\u00f3n en Sala.<\/span><span data-ccp-props=\"{&quot;335551550&quot;:6,&quot;335551620&quot;:6}\">\u00a0<\/span><\/p>\n<p><span data-contrast=\"auto\">El proyecto del Ejecutivo -presentado por el Ministerio del Medio Ambiente- tiene como objetivo reformar la Ley Org\u00e1nica de la SMA, a fin de robustecer el marco institucional del Servicio, fortaleciendo la fiscalizaci\u00f3n e incentivando el cumplimiento ambiental. Esto, adem\u00e1s de avanzar en un modelo que permita dar respuestas m\u00e1s eficientes, fijar reglas claras y agilizar la toma de decisiones.\u00a0<\/span><span data-ccp-props=\"{&quot;335551550&quot;:6,&quot;335551620&quot;:6}\">\u00a0<\/span><\/p>\n<p><span data-contrast=\"auto\">La iniciativa fue despachada desde la Comisi\u00f3n de Medio Ambiente y Recursos Naturales a fines de noviembre de 2024, y revisada durante esta instancia por la Comisi\u00f3n de Hacienda de la C\u00e1mara Baja que dio visto bueno al proyecto.\u00a0<\/span><span data-ccp-props=\"{&quot;335551550&quot;:6,&quot;335551620&quot;:6}\">\u00a0<\/span><\/p>\n<p><span data-contrast=\"auto\">Tras el despacho de la reforma, la ministra del Medio Ambiente,\u202f<\/span><b><span data-contrast=\"auto\">Maisa Rojas<\/span><\/b><span data-contrast=\"auto\">, destac\u00f3 que \u201cestamos contentos con este avance. Estamos fortaleciendo y haciendo m\u00e1s eficiente el funcionamiento de la SMA. Nuestro objetivo es maximizar el cumplimiento ambiental, que es el &#8216;desde&#8217; de cualquier actividad econ\u00f3mica\u201d.<\/span><span data-ccp-props=\"{&quot;335551550&quot;:6,&quot;335551620&quot;:6}\">\u00a0<\/span><\/p>\n<p><span data-contrast=\"auto\">Por su parte, la Superintendenta del Medio Ambiente,\u202f<\/span><b><span data-contrast=\"auto\">Marie Claude Plumer<\/span><\/b><span data-contrast=\"auto\">, agreg\u00f3 que \u201ces una muy buena noticia este nuevo avance que da el proyecto que moderniza la SMA. Se trata de una reforma que busca avanzar en eficacia y en eficiencia tanto en la fiscalizaci\u00f3n como en el cumplimiento ambiental\u201d. \u201cHan pasado casi 15 a\u00f1os desde que naci\u00f3 la Superintendencia y su ley org\u00e1nica, por lo que esta reforma, que se adapta de mejor manera a los tiempos actuales de nuestro pa\u00eds, es muy necesaria\u201d, agreg\u00f3.\u00a0<\/span><span data-ccp-props=\"{&quot;335551550&quot;:6,&quot;335551620&quot;:6}\">\u00a0<\/span><\/p>\n<p><b><span data-contrast=\"auto\">Proyecto<\/span><\/b><span data-ccp-props=\"{&quot;335551550&quot;:6,&quot;335551620&quot;:6}\">\u00a0<\/span><\/p>\n<p><span data-contrast=\"auto\">Entre otras materias, el proyecto propone una mejora en la gesti\u00f3n de las denuncias, estableciendo plazos m\u00e1s acotados para informar sobre la admisibilidad y la entrega de\u202fresultados. Adem\u00e1s, se contempla la posibilidad de que el denunciante mantenga la reserva de identidad durante la etapa de investigaci\u00f3n.<\/span><span data-ccp-props=\"{&quot;335551550&quot;:6,&quot;335551620&quot;:6}\">\u00a0<\/span><\/p>\n<p><span data-contrast=\"auto\">Junto con lo anterior, se propone la creaci\u00f3n de un procedimiento sancionatorio simplificado para las infracciones que sean clasificadas como leves; se introducen v\u00edas alternativas de cumplimiento para los casos en que no exista afectaci\u00f3n al medioambiente o salud de las personas -ni riesgo significativo de afectarlos- y se trate de desviaciones normativas de menor entidad (la SMA podr\u00e1 aplicar mecanismos como cartas de advertencia y planes de correcci\u00f3n, entre otros); y se ampl\u00eda la potestad cautelar de la SMA para dictar medidas en casos de elusi\u00f3n al Sistema de Evaluaci\u00f3n de Impacto Ambiental (SEIA) y cuando una actividad industrial genere riesgo grave e inminente al medioambiente o la salud de las personas.<\/span><span data-ccp-props=\"{&quot;335551550&quot;:6,&quot;335551620&quot;:6}\">\u00a0<\/span><\/p>\n","protected":false},"excerpt":{"rendered":"<p>La iniciativa del Ejecutivo busca modernizar la Superintendencia del Medio Ambiente y proporcionar herramientas que permitan realizar una mejor fiscalizaci\u00f3n, adem\u00e1s de incentivar el cumplimiento ambiental.\u00a0 La ministra Maisa Rojas destac\u00f3 que \u201cestamos fortaleciendo y haciendo m\u00e1s eficiente el funcionamiento de la SMA. Nuestro objetivo es maximizar el cumplimiento ambiental, que es el &#8216;desde&#8217; de cualquier <a href=\"https:\/\/portal.sma.gob.cl\/index.php\/avanza-reforma-a-la-sma-comision-de-hacienda-de-la-camara-despacho-el-proyecto-para-su-votacion-en-sala\/\">Leer m\u00e1s<\/a><\/p>\n","protected":false},"author":13,"featured_media":34022,"comment_status":"open","ping_status":"open","sticky":false,"template":"","format":"standard","meta":{"footnotes":""},"categories":[90,107,225],"tags":[],"class_list":["post-34021","post","type-post","status-publish","format-standard","has-post-thumbnail","hentry","category-comunicados-noticias","category-destacado","category-macrozona-centro"],"_links":{"self":[{"href":"https:\/\/portal.sma.gob.cl\/index.php\/wp-json\/wp\/v2\/posts\/34021","targetHints":{"allow":["GET"]}}],"collection":[{"href":"https:\/\/portal.sma.gob.cl\/index.php\/wp-json\/wp\/v2\/posts"}],"about":[{"href":"https:\/\/portal.sma.gob.cl\/index.php\/wp-json\/wp\/v2\/types\/post"}],"author":[{"embeddable":true,"href":"https:\/\/portal.sma.gob.cl\/index.php\/wp-json\/wp\/v2\/users\/13"}],"replies":[{"embeddable":true,"href":"https:\/\/portal.sma.gob.cl\/index.php\/wp-json\/wp\/v2\/comments?post=34021"}],"version-history":[{"count":1,"href":"https:\/\/portal.sma.gob.cl\/index.php\/wp-json\/wp\/v2\/posts\/34021\/revisions"}],"predecessor-version":[{"id":34025,"href":"https:\/\/portal.sma.gob.cl\/index.php\/wp-json\/wp\/v2\/posts\/34021\/revisions\/34025"}],"wp:featuredmedia":[{"embeddable":true,"href":"https:\/\/portal.sma.gob.cl\/index.php\/wp-json\/wp\/v2\/media\/34022"}],"wp:attachment":[{"href":"https:\/\/portal.sma.gob.cl\/index.php\/wp-json\/wp\/v2\/media?parent=34021"}],"wp:term":[{"taxonomy":"category","embeddable":true,"href":"https:\/\/portal.sma.gob.cl\/index.php\/wp-json\/wp\/v2\/categories?post=34021"},{"taxonomy":"post_tag","embeddable":true,"href":"https:\/\/portal.sma.gob.cl\/index.php\/wp-json\/wp\/v2\/tags?post=34021"}],"curies":[{"name":"wp","href":"https:\/\/api.w.org\/{rel}","templated":true}]}}