{"id":34040,"date":"2025-01-21T10:25:48","date_gmt":"2025-01-21T13:25:48","guid":{"rendered":"https:\/\/portal.sma.gob.cl\/?p=34040"},"modified":"2025-01-21T10:25:48","modified_gmt":"2025-01-21T13:25:48","slug":"superintendencia-del-medio-ambiente-inicio-investigacion-por-vertimiento-de-liquido-en-ventanas","status":"publish","type":"post","link":"https:\/\/portal.sma.gob.cl\/index.php\/superintendencia-del-medio-ambiente-inicio-investigacion-por-vertimiento-de-liquido-en-ventanas\/","title":{"rendered":"Superintendencia del Medio Ambiente inici\u00f3 investigaci\u00f3n por vertimiento de l\u00edquido en Ventanas"},"content":{"rendered":"<ul>\n<li><strong><em>SMA realiz\u00f3 un requerimiento de informaci\u00f3n a la empresa Aguas Pac\u00edfico y a la Autoridad Mar\u00edtima, en el objetivo de recabar todos los antecedentes, entre otras actividades de fiscalizaci\u00f3n.<\/em><\/strong><\/li>\n<\/ul>\n<p>En relaci\u00f3n al vertimiento de l\u00edquidos en el sector de Ventanas, en la comuna de Puchuncav\u00ed, Regi\u00f3n de Valpara\u00edso, la Superintendencia del Medio Ambiente (SMA) informa que el domingo 19 de enero se inici\u00f3 una investigaci\u00f3n con el fin de determinar responsabilidades y posibles incumplimientos ambientales relacionados al hecho.<\/p>\n<p>En este contexto, la Oficina de la SMA de Valpara\u00edso se encuentra realizando un monitoreo de la contingencia y en coordinaci\u00f3n con los organismos sectoriales con competencia en la materia. En este marco, entre otras actividades de fiscalizaci\u00f3n, se requiri\u00f3 informaci\u00f3n a Aguas Pac\u00edfico y a la Autoridad Mar\u00edtima, en el objetivo de recabar todos los antecedentes.<\/p>\n<p>Es importante agregar que este lunes se llev\u00f3 a cabo una reuni\u00f3n de coordinaci\u00f3n del Comit\u00e9 Operativo de Fiscalizaci\u00f3n en la regi\u00f3n, liderado por el Delegado Presidencial para la Gesti\u00f3n en Conc\u00f3n, Quintero y Puchuncav\u00ed.<\/p>\n","protected":false},"excerpt":{"rendered":"<p>SMA realiz\u00f3 un requerimiento de informaci\u00f3n a la empresa Aguas Pac\u00edfico y a la Autoridad Mar\u00edtima, en el objetivo de recabar todos los antecedentes, entre otras actividades de fiscalizaci\u00f3n. En relaci\u00f3n al vertimiento de l\u00edquidos en el sector de Ventanas, en la comuna de Puchuncav\u00ed, Regi\u00f3n de Valpara\u00edso, la Superintendencia del Medio Ambiente (SMA) informa que <a href=\"https:\/\/portal.sma.gob.cl\/index.php\/superintendencia-del-medio-ambiente-inicio-investigacion-por-vertimiento-de-liquido-en-ventanas\/\">Leer m\u00e1s<\/a><\/p>\n","protected":false},"author":8,"featured_media":34042,"comment_status":"open","ping_status":"open","sticky":false,"template":"","format":"standard","meta":{"footnotes":""},"categories":[90,107,225,231],"tags":[],"class_list":["post-34040","post","type-post","status-publish","format-standard","has-post-thumbnail","hentry","category-comunicados-noticias","category-destacado","category-macrozona-centro","category-valparaiso"],"_links":{"self":[{"href":"https:\/\/portal.sma.gob.cl\/index.php\/wp-json\/wp\/v2\/posts\/34040","targetHints":{"allow":["GET"]}}],"collection":[{"href":"https:\/\/portal.sma.gob.cl\/index.php\/wp-json\/wp\/v2\/posts"}],"about":[{"href":"https:\/\/portal.sma.gob.cl\/index.php\/wp-json\/wp\/v2\/types\/post"}],"author":[{"embeddable":true,"href":"https:\/\/portal.sma.gob.cl\/index.php\/wp-json\/wp\/v2\/users\/8"}],"replies":[{"embeddable":true,"href":"https:\/\/portal.sma.gob.cl\/index.php\/wp-json\/wp\/v2\/comments?post=34040"}],"version-history":[{"count":1,"href":"https:\/\/portal.sma.gob.cl\/index.php\/wp-json\/wp\/v2\/posts\/34040\/revisions"}],"predecessor-version":[{"id":34041,"href":"https:\/\/portal.sma.gob.cl\/index.php\/wp-json\/wp\/v2\/posts\/34040\/revisions\/34041"}],"wp:featuredmedia":[{"embeddable":true,"href":"https:\/\/portal.sma.gob.cl\/index.php\/wp-json\/wp\/v2\/media\/34042"}],"wp:attachment":[{"href":"https:\/\/portal.sma.gob.cl\/index.php\/wp-json\/wp\/v2\/media?parent=34040"}],"wp:term":[{"taxonomy":"category","embeddable":true,"href":"https:\/\/portal.sma.gob.cl\/index.php\/wp-json\/wp\/v2\/categories?post=34040"},{"taxonomy":"post_tag","embeddable":true,"href":"https:\/\/portal.sma.gob.cl\/index.php\/wp-json\/wp\/v2\/tags?post=34040"}],"curies":[{"name":"wp","href":"https:\/\/api.w.org\/{rel}","templated":true}]}}