{"id":34057,"date":"2025-01-24T10:00:44","date_gmt":"2025-01-24T13:00:44","guid":{"rendered":"https:\/\/portal.sma.gob.cl\/?p=34057"},"modified":"2025-01-24T10:00:52","modified_gmt":"2025-01-24T13:00:52","slug":"ministerio-de-energia-y-superintendencia-del-medio-ambiente-firman-convenio-para-fortalecer-la-coordinacion-y-el-intercambio-de-informacion","status":"publish","type":"post","link":"https:\/\/portal.sma.gob.cl\/index.php\/ministerio-de-energia-y-superintendencia-del-medio-ambiente-firman-convenio-para-fortalecer-la-coordinacion-y-el-intercambio-de-informacion\/","title":{"rendered":"Ministerio de Energ\u00eda y Superintendencia del Medio Ambiente firman convenio para fortalecer la coordinaci\u00f3n y el intercambio de informaci\u00f3n"},"content":{"rendered":"<ul>\n<li><strong>En el marco de este convenio -que fue firmado por el Subsecretario Luis Felipe Ramos y la Superintendenta Marie Claude Plumer- se establecieron cuatro l\u00edneas principales centradas en el establecimiento de estrategias conjuntos, intercambio de informaci\u00f3n y fortalecimiento de capacidades. <\/strong><\/li>\n<\/ul>\n<p>Esta ma\u00f1ana, el Ministerio de Energ\u00eda y la Superintendencia del Medio Ambiente firmaron un convenio de colaboraci\u00f3n, con el objetivo de establecer un espacio formal para el intercambio de informaci\u00f3n respecto de proyectos de energ\u00eda y fijar l\u00edneas de trabajo entre ambos organismos, tendientes a propiciar mejoras en materia de desempe\u00f1o ambiental.<\/p>\n<p>Esta firma -realizada por el Subsecretario Luis Felipe Ramos y la Superintendenta Marie Claude Plumer- se enmarca en el esfuerzo del Gobierno de Chile de fomentar el desarrollo sustentable del sector energ\u00e9tico, a trav\u00e9s de la Pol\u00edtica Energ\u00e9tica Nacional, la Agenda de Energ\u00eda 2022-2026 y la Transici\u00f3n Energ\u00e9tica hacia energ\u00edas limpias antes de 2050.<\/p>\n<p>De esta forma, como parte del convenio se establecer\u00e1n acciones y estrategias conjuntas preventivas para abordar situaciones de inter\u00e9s desde el punto de vista ambiental asociadas a proyectos de energ\u00eda<strong>. <\/strong>En concreto, entre otros aspectos, se fortalecer\u00e1n acciones para la gesti\u00f3n de denuncias y la detecci\u00f3n de conflictos ambientales con ciertos proyectos en evaluaci\u00f3n y\/o ejecuci\u00f3n.<\/p>\n<p>Una segunda l\u00ednea de acci\u00f3n estar\u00e1 centrada en desarrollar actividades de fortalecimiento de capacidades para el funcionariado de ambas instituciones y para asociaciones gremiales del sector energ\u00eda, organizaciones o comunidades. Sumado a lo anterior, el convenio tambi\u00e9n busca identificar acciones de investigaci\u00f3n, innovaci\u00f3n u otras que permitan mejorar el desempe\u00f1o ambiental de los proyectos de energ\u00eda, o tambi\u00e9n en relaci\u00f3n a la labor del Ministerio de Energ\u00eda y de la SMA.<\/p>\n<p>Por \u00faltimo, y como cuarta l\u00ednea de acci\u00f3n, ambas entidades estudiar\u00e1n alternativas para compartir la informaci\u00f3n que se desarrollan en los sistemas de ambos Servicios, con la finalidad de que \u00e9stos puedan interconectarse, para facilitar la identificaci\u00f3n y\/o desarrollo de los proyectos de energ\u00eda.<\/p>\n<p>El Subsecretario Ramos se\u00f1al\u00f3 \u201cd<em>esde el Ministerio de Energ\u00eda, impulsamos que la transici\u00f3n energ\u00e9tica y la implementaci\u00f3n de energ\u00edas renovables se haga de manera responsable, respetando y protegiendo el medioambiente. As\u00ed, con este convenio buscamos mejorar el desempe\u00f1o ambiental de los proyectos de energ\u00eda, y establecer acciones y estrategias preventivas en conjunto con la SMA que aseguren un manejo adecuado de los impactos ambientales en estos proyectos\u201d.<\/em><\/p>\n<p>Por su parte, la Superintendenta Plumer destac\u00f3 que <em>\u201cla firma de este convenio es una gran oportunidad que nos permitir\u00e1 llevar a cabo distintas l\u00edneas de trabajo en relaci\u00f3n al sector energ\u00eda, a fin de impulsar el cumplimiento ambiental. Adem\u00e1s, se facilitar\u00e1 el intercambio de informaci\u00f3n, apuntando a una mayor eficiencia y eficacia en nuestros procesos\u201d. <\/em><\/p>\n<p>El convenio tendr\u00e1 como vigencia un a\u00f1o y podr\u00e1 ser prorrogado autom\u00e1ticamente por per\u00edodos iguales y sucesivos.<\/p>\n","protected":false},"excerpt":{"rendered":"<p>En el marco de este convenio -que fue firmado por el Subsecretario Luis Felipe Ramos y la Superintendenta Marie Claude Plumer- se establecieron cuatro l\u00edneas principales centradas en el establecimiento de estrategias conjuntos, intercambio de informaci\u00f3n y fortalecimiento de capacidades. Esta ma\u00f1ana, el Ministerio de Energ\u00eda y la Superintendencia del Medio Ambiente firmaron un convenio de <a href=\"https:\/\/portal.sma.gob.cl\/index.php\/ministerio-de-energia-y-superintendencia-del-medio-ambiente-firman-convenio-para-fortalecer-la-coordinacion-y-el-intercambio-de-informacion\/\">Leer m\u00e1s<\/a><\/p>\n","protected":false},"author":8,"featured_media":34059,"comment_status":"open","ping_status":"open","sticky":false,"template":"","format":"standard","meta":{"footnotes":""},"categories":[90,107,225,232],"tags":[],"class_list":["post-34057","post","type-post","status-publish","format-standard","has-post-thumbnail","hentry","category-comunicados-noticias","category-destacado","category-macrozona-centro","category-metropolitana"],"_links":{"self":[{"href":"https:\/\/portal.sma.gob.cl\/index.php\/wp-json\/wp\/v2\/posts\/34057","targetHints":{"allow":["GET"]}}],"collection":[{"href":"https:\/\/portal.sma.gob.cl\/index.php\/wp-json\/wp\/v2\/posts"}],"about":[{"href":"https:\/\/portal.sma.gob.cl\/index.php\/wp-json\/wp\/v2\/types\/post"}],"author":[{"embeddable":true,"href":"https:\/\/portal.sma.gob.cl\/index.php\/wp-json\/wp\/v2\/users\/8"}],"replies":[{"embeddable":true,"href":"https:\/\/portal.sma.gob.cl\/index.php\/wp-json\/wp\/v2\/comments?post=34057"}],"version-history":[{"count":1,"href":"https:\/\/portal.sma.gob.cl\/index.php\/wp-json\/wp\/v2\/posts\/34057\/revisions"}],"predecessor-version":[{"id":34058,"href":"https:\/\/portal.sma.gob.cl\/index.php\/wp-json\/wp\/v2\/posts\/34057\/revisions\/34058"}],"wp:featuredmedia":[{"embeddable":true,"href":"https:\/\/portal.sma.gob.cl\/index.php\/wp-json\/wp\/v2\/media\/34059"}],"wp:attachment":[{"href":"https:\/\/portal.sma.gob.cl\/index.php\/wp-json\/wp\/v2\/media?parent=34057"}],"wp:term":[{"taxonomy":"category","embeddable":true,"href":"https:\/\/portal.sma.gob.cl\/index.php\/wp-json\/wp\/v2\/categories?post=34057"},{"taxonomy":"post_tag","embeddable":true,"href":"https:\/\/portal.sma.gob.cl\/index.php\/wp-json\/wp\/v2\/tags?post=34057"}],"curies":[{"name":"wp","href":"https:\/\/api.w.org\/{rel}","templated":true}]}}