{"id":34064,"date":"2025-01-27T16:00:54","date_gmt":"2025-01-27T19:00:54","guid":{"rendered":"https:\/\/portal.sma.gob.cl\/?p=34064"},"modified":"2025-01-27T16:00:54","modified_gmt":"2025-01-27T19:00:54","slug":"superintendenta-del-medio-ambiente-lidero-encuentro-anual-de-la-red-de-fiscalizacion-ambiental-en-la-region-del-biobio","status":"publish","type":"post","link":"https:\/\/portal.sma.gob.cl\/index.php\/superintendenta-del-medio-ambiente-lidero-encuentro-anual-de-la-red-de-fiscalizacion-ambiental-en-la-region-del-biobio\/","title":{"rendered":"Superintendenta del Medio Ambiente lider\u00f3 encuentro anual de la red de fiscalizaci\u00f3n ambiental en la Regi\u00f3n del Biob\u00edo"},"content":{"rendered":"<ul>\n<li><strong>En el marco de su visita a la regi\u00f3n, la Superintendenta Marie Claude Plumer, se reuni\u00f3 con gran parte de los Servicios con competencias de fiscalizaci\u00f3n ambiental. <\/strong><\/li>\n<li><strong>Como parte de su agenda, la autoridad se reuni\u00f3 con el Delegado Presidencial Regional y el Seremi de Medio Ambiente, adem\u00e1s de participar en un seminario organizado por la Universidad de Concepci\u00f3n para discutir acerca del proyecto que reforma la Ley Org\u00e1nica de la SMA.<\/strong><\/li>\n<\/ul>\n<p>Con una intensa agenda se desarroll\u00f3 hoy la visita de la Superintendenta del Medio Ambiente, Marie Claude Plumer, a la Regi\u00f3n del Biob\u00edo, la cual tuvo como punto central un encuentro con representantes de los distintos Servicios que forman parte de la Red Nacional de Fiscalizaci\u00f3n Ambiental (RENFA).<\/p>\n<p>La actividad \u2013llevada a cabo en la sede regional de la Contralor\u00eda General de la Rep\u00fablica- reuni\u00f3 a m\u00e1s de 10 instituciones p\u00fablicas con competencia en fiscalizaci\u00f3n ambiental, con los que trabaja directamente la Superintendencia del Medio Ambiente (SMA). En la instancia, la adem\u00e1s secretaria Ejecutiva de la RENFA dio a conocer los resultados del plan plurianual de la red, que fue ejecutado entre 2017 y 2023.<\/p>\n<p>Adicionalmente, se dieron a conocer los pr\u00f3ximos pasos de la red a nivel regional, junto con analizar casos regionales que fueron abordados de manera intersectorial.<\/p>\n<p>La Superintendenta Plumer destac\u00f3 que \u201cestos encuentros son fundamentales para poder seguir trabajando en la coordinaci\u00f3n tan beneficiosa en materia de fiscalizaci\u00f3n ambiental y mejorar nuestra funci\u00f3n fiscalizadora. La SMA est\u00e1 muy interesada en seguir fortaleciendo estos espacios de colaboraci\u00f3n y sinergias para poder cumplir con nuestros objetivos de fomentar el cumplimiento ambiental y, con esto, proteger el medioambiente\u201d.<\/p>\n<p>En la actividad estuvieron presentes representantes de la Seremi de Salud, Servicio Agr\u00edcola y Ganadero (SAG), Consejo de Monumentos Nacionales, Corporaci\u00f3n Nacional Forestal (CONAF), Direcci\u00f3n General de Aguas (DGA), Directemar, Sernageomin, Superintendencia de Servicios Sanitarios, Direcci\u00f3n de Vialidad, Servicio Nacional de Pesca, Subsecretar\u00eda de Pesca y Subsecretar\u00eda de Transporte.<\/p>\n<p><strong>Actividades en la regi\u00f3n <\/strong><\/p>\n<p>Por otra parte, la Superintendenta sostuvo una reuni\u00f3n con el Delegado Presidencial Regional (s), Humberto Toro, y el seremi de Medio Ambiente, Pablo Pinto, con quienes convers\u00f3 acerca de las principales problem\u00e1ticas ambientales en la Regi\u00f3n del Biob\u00edo y el trabajo de fiscalizaci\u00f3n que ha realizado la SMA.<\/p>\n<p>Adem\u00e1s, particip\u00f3 en el seminario \u201cReforma a la Ley Org\u00e1nica de la Superintendencia del Medio Ambiente\u201d, organizado por la Universidad de Concepci\u00f3n, que cont\u00f3 con la participaci\u00f3n de Ximena Insunza, investigadora del Centro de Derecho Ambiental de la Universidad de Chile, y Dominique Herv\u00e9, Directora del Programa de Derecho y Pol\u00edtica Ambiental de la Universidad Diego Portales.<\/p>\n","protected":false},"excerpt":{"rendered":"<p>En el marco de su visita a la regi\u00f3n, la Superintendenta Marie Claude Plumer, se reuni\u00f3 con gran parte de los Servicios con competencias de fiscalizaci\u00f3n ambiental. Como parte de su agenda, la autoridad se reuni\u00f3 con el Delegado Presidencial Regional y el Seremi de Medio Ambiente, adem\u00e1s de participar en un seminario organizado por la <a href=\"https:\/\/portal.sma.gob.cl\/index.php\/superintendenta-del-medio-ambiente-lidero-encuentro-anual-de-la-red-de-fiscalizacion-ambiental-en-la-region-del-biobio\/\">Leer m\u00e1s<\/a><\/p>\n","protected":false},"author":8,"featured_media":34069,"comment_status":"open","ping_status":"open","sticky":false,"template":"","format":"standard","meta":{"footnotes":""},"categories":[236,90,107,226],"tags":[],"class_list":["post-34064","post","type-post","status-publish","format-standard","has-post-thumbnail","hentry","category-biobio","category-comunicados-noticias","category-destacado","category-macrozona-sur"],"_links":{"self":[{"href":"https:\/\/portal.sma.gob.cl\/index.php\/wp-json\/wp\/v2\/posts\/34064","targetHints":{"allow":["GET"]}}],"collection":[{"href":"https:\/\/portal.sma.gob.cl\/index.php\/wp-json\/wp\/v2\/posts"}],"about":[{"href":"https:\/\/portal.sma.gob.cl\/index.php\/wp-json\/wp\/v2\/types\/post"}],"author":[{"embeddable":true,"href":"https:\/\/portal.sma.gob.cl\/index.php\/wp-json\/wp\/v2\/users\/8"}],"replies":[{"embeddable":true,"href":"https:\/\/portal.sma.gob.cl\/index.php\/wp-json\/wp\/v2\/comments?post=34064"}],"version-history":[{"count":1,"href":"https:\/\/portal.sma.gob.cl\/index.php\/wp-json\/wp\/v2\/posts\/34064\/revisions"}],"predecessor-version":[{"id":34065,"href":"https:\/\/portal.sma.gob.cl\/index.php\/wp-json\/wp\/v2\/posts\/34064\/revisions\/34065"}],"wp:featuredmedia":[{"embeddable":true,"href":"https:\/\/portal.sma.gob.cl\/index.php\/wp-json\/wp\/v2\/media\/34069"}],"wp:attachment":[{"href":"https:\/\/portal.sma.gob.cl\/index.php\/wp-json\/wp\/v2\/media?parent=34064"}],"wp:term":[{"taxonomy":"category","embeddable":true,"href":"https:\/\/portal.sma.gob.cl\/index.php\/wp-json\/wp\/v2\/categories?post=34064"},{"taxonomy":"post_tag","embeddable":true,"href":"https:\/\/portal.sma.gob.cl\/index.php\/wp-json\/wp\/v2\/tags?post=34064"}],"curies":[{"name":"wp","href":"https:\/\/api.w.org\/{rel}","templated":true}]}}