{"id":34158,"date":"2025-02-14T12:33:38","date_gmt":"2025-02-14T15:33:38","guid":{"rendered":"https:\/\/portal.sma.gob.cl\/?p=34158"},"modified":"2025-02-14T14:36:23","modified_gmt":"2025-02-14T17:36:23","slug":"sma-ordena-medidas-provisionales-contra-titular-del-bar-concepcion-por-emision-de-ruidos-molestos","status":"publish","type":"post","link":"https:\/\/portal.sma.gob.cl\/index.php\/sma-ordena-medidas-provisionales-contra-titular-del-bar-concepcion-por-emision-de-ruidos-molestos\/","title":{"rendered":"SMA ordena Medidas Provisionales contra titular del Bar Concepci\u00f3n por emisi\u00f3n de ruidos molestos"},"content":{"rendered":"<ul>\n<li><strong>Denuncias ciudadanas por ruidos dieron origen a una inspecci\u00f3n ambiental realizada por la Superintendencia del Medio Ambiente, registr\u00e1ndose superaciones de los l\u00edmites m\u00e1ximos de nivel de presi\u00f3n sonora establecidos por la normativa.<\/strong><\/li>\n<\/ul>\n<p>La Superintendencia del Medio Ambiente (SMA) ha ordenado medidas provisionales pre-procedimentales en contra de Servicios Gastron\u00f3micos Bar Concepci\u00f3n Limitada, titular del establecimiento \u201cBar Concepci\u00f3n\u201d, ubicado en Avenida Chacabuco N\u00b01224, comuna de Concepci\u00f3n, Regi\u00f3n del Biob\u00edo, tras constatar superaci\u00f3n a los l\u00edmites m\u00e1ximos de nivel de presi\u00f3n sonora establecidos en la Norma de Emisi\u00f3n de Ruido (Decreto Supremo N\u00b038, de 2011, del Ministerio del Medio Ambiente).<\/p>\n<p>Las medidas ordenadas tienen como origen denuncias ciudadanas vinculadas al funcionamiento del Bar Concepci\u00f3n, local que funciona como restaurant con sistemas de amplificaci\u00f3n de m\u00fasica, los cuales se usan tanto para presentaciones en vivo (bandas y DJ\u00b4s), como para m\u00fasica envasada.<\/p>\n<p>Frente a lo anterior, la SMA realiz\u00f3 un requerimiento de informaci\u00f3n al titular, con el objeto de que se implementaran mejoras en el local, en el plazo de 20 d\u00edas h\u00e1biles contados desde la notificaci\u00f3n de dicho acto. Dicha resoluci\u00f3n no fue respondida dentro del plazo otorgado.<\/p>\n<p>En este contexto y con la finalidad de atender las denuncias, la SMA se constituy\u00f3 en el domicilio de uno de los denunciantes, los d\u00edas 23 y 29 de enero del corriente a\u00f1o, en que se efectuaron mediciones de nivel de presi\u00f3n sonora, registr\u00e1ndose excedencias de hasta 18 y 29 decibeles en horario nocturno por sobre el l\u00edmite m\u00e1ximo establecido en la normativa mencionada, en Zona II, de m\u00e1ximo 45 decibeles en horario nocturno.<\/p>\n<p>Al respecto,\u00a0<strong>Juan Pablo Granzow<\/strong>, jefe de la Oficina Regional SMA del Biob\u00edo explic\u00f3 que\u00a0<em>\u201clas medidas dictadas se justifican en la afectaci\u00f3n que el funcionamiento del local puede estar causando en los vecinos del sector, que se han visto expuestos al ruido reiterado por parte del recinto\u201d.<\/em><\/p>\n<p>En total, se ha ordenado al titular la adopci\u00f3n de las siguientes medidas provisionales, por un plazo de 15 d\u00edas h\u00e1biles:<\/p>\n<ol>\n<li>Prohibir la realizaci\u00f3n de actividades y el funcionamiento de aparatos que hagan uso de sistemas de reproducci\u00f3n y amplificaci\u00f3n al interior del local. Esta prohibici\u00f3n considera, m\u00e1s no se limita a, sistemas de reproducci\u00f3n de m\u00fasica, altavoces, subwoofer, y amplificaci\u00f3n de voz.<\/li>\n<li>Elaborar un informe t\u00e9cnico de diagn\u00f3stico de problemas ac\u00fasticos que considere, a lo menos, un levantamiento de las caracter\u00edsticas del sistema de amplificaci\u00f3n del local (n\u00famero de equipos, potencia, distribuci\u00f3n y proyecci\u00f3n sonora dentro del local, eficiencia ac\u00fastica, entre otros), junto con las caracter\u00edsticas y materialidad de las estructuras principales del local (techo, paredes, suelo). En el mismo informe, y como consecuencia del diagn\u00f3stico anterior, deber\u00e1 indicar sugerencias de acciones y mejoras que se puedan implementar en el local para dar cumplimiento a los niveles de emisi\u00f3n de ruido del D.S. N\u00b038\/2011 MMA.<\/li>\n<li>Implementar las mejoras propuestas por el informe se\u00f1alado precedentemente, apoyado por el profesional que lo elabor\u00f3.<\/li>\n<li>Implementar e instalar, en un lugar cerrado para evitar que sea manipulado, un dispositivo limitador de frecuencias, compresor ac\u00fastico, o similar, configurado por un profesional en la materia, con el objeto de reducir el conjunto de las emisiones ac\u00fasticas provenientes de los sistemas de reproducci\u00f3n y de amplificaci\u00f3n del local.<\/li>\n<\/ol>\n<p>Junto con lo anterior, la SMA requiri\u00f3 informaci\u00f3n al titular para que, en un plazo no mayor a 20 d\u00edas h\u00e1biles contados desde el t\u00e9rmino de la vigencia de las medidas ordenadas, haga entrega de un informe de inspecci\u00f3n sobre su correcta implementaci\u00f3n, que tambi\u00e9n considere la medici\u00f3n de los ruidos emitidos por el establecimiento.<\/p>\n<p>La medici\u00f3n deber\u00e1 ser realizada durante periodo nocturno y en un receptor sensible similar al utilizado por este servicio. La selecci\u00f3n del punto espec\u00edfico debe ser justificada en el informe y acreditado con fotograf\u00edas.<\/p>\n<p>Tanto el informe de inspecci\u00f3n de la correcta implementaci\u00f3n de las medidas como la actividad de medici\u00f3n deber\u00e1n ser llevados a cabo por una Entidad T\u00e9cnica de Fiscalizaci\u00f3n Ambiental (ETFA) autorizada.<\/p>\n<p>M\u00e1s informaci\u00f3n de las medidas provisionales en el Sistema Nacional de Informaci\u00f3n de Fiscalizaci\u00f3n Ambiental (SNIFA):\u00a0<a href=\"https:\/\/snifa.sma.gob.cl\/MedidaProvisional\/Ficha\/501\">https:\/\/snifa.sma.gob.cl\/MedidaProvisional\/Ficha\/501<\/a><\/p>\n","protected":false},"excerpt":{"rendered":"<p>Denuncias ciudadanas por ruidos dieron origen a una inspecci\u00f3n ambiental realizada por la Superintendencia del Medio Ambiente, registr\u00e1ndose superaciones de los l\u00edmites m\u00e1ximos de nivel de presi\u00f3n sonora establecidos por la normativa. La Superintendencia del Medio Ambiente (SMA) ha ordenado medidas provisionales pre-procedimentales en contra de Servicios Gastron\u00f3micos Bar Concepci\u00f3n Limitada, titular del establecimiento \u201cBar Concepci\u00f3n\u201d, <a href=\"https:\/\/portal.sma.gob.cl\/index.php\/sma-ordena-medidas-provisionales-contra-titular-del-bar-concepcion-por-emision-de-ruidos-molestos\/\">Leer m\u00e1s<\/a><\/p>\n","protected":false},"author":8,"featured_media":34155,"comment_status":"open","ping_status":"open","sticky":false,"template":"","format":"standard","meta":{"footnotes":""},"categories":[236,90,107,226],"tags":[],"class_list":["post-34158","post","type-post","status-publish","format-standard","has-post-thumbnail","hentry","category-biobio","category-comunicados-noticias","category-destacado","category-macrozona-sur"],"_links":{"self":[{"href":"https:\/\/portal.sma.gob.cl\/index.php\/wp-json\/wp\/v2\/posts\/34158","targetHints":{"allow":["GET"]}}],"collection":[{"href":"https:\/\/portal.sma.gob.cl\/index.php\/wp-json\/wp\/v2\/posts"}],"about":[{"href":"https:\/\/portal.sma.gob.cl\/index.php\/wp-json\/wp\/v2\/types\/post"}],"author":[{"embeddable":true,"href":"https:\/\/portal.sma.gob.cl\/index.php\/wp-json\/wp\/v2\/users\/8"}],"replies":[{"embeddable":true,"href":"https:\/\/portal.sma.gob.cl\/index.php\/wp-json\/wp\/v2\/comments?post=34158"}],"version-history":[{"count":2,"href":"https:\/\/portal.sma.gob.cl\/index.php\/wp-json\/wp\/v2\/posts\/34158\/revisions"}],"predecessor-version":[{"id":34160,"href":"https:\/\/portal.sma.gob.cl\/index.php\/wp-json\/wp\/v2\/posts\/34158\/revisions\/34160"}],"wp:featuredmedia":[{"embeddable":true,"href":"https:\/\/portal.sma.gob.cl\/index.php\/wp-json\/wp\/v2\/media\/34155"}],"wp:attachment":[{"href":"https:\/\/portal.sma.gob.cl\/index.php\/wp-json\/wp\/v2\/media?parent=34158"}],"wp:term":[{"taxonomy":"category","embeddable":true,"href":"https:\/\/portal.sma.gob.cl\/index.php\/wp-json\/wp\/v2\/categories?post=34158"},{"taxonomy":"post_tag","embeddable":true,"href":"https:\/\/portal.sma.gob.cl\/index.php\/wp-json\/wp\/v2\/tags?post=34158"}],"curies":[{"name":"wp","href":"https:\/\/api.w.org\/{rel}","templated":true}]}}