{"id":34877,"date":"2025-03-10T14:41:27","date_gmt":"2025-03-10T17:41:27","guid":{"rendered":"https:\/\/portal.sma.gob.cl\/?p=34877"},"modified":"2025-04-22T09:27:30","modified_gmt":"2025-04-22T13:27:30","slug":"sma-capacito-a-profesionales-de-la-directemar-sobre-fiscalizacion-y-procedimientos-sancionatorios-relativos-a-la-norma-de-emision-de-residuos-liquidos","status":"publish","type":"post","link":"https:\/\/portal.sma.gob.cl\/index.php\/sma-capacito-a-profesionales-de-la-directemar-sobre-fiscalizacion-y-procedimientos-sancionatorios-relativos-a-la-norma-de-emision-de-residuos-liquidos\/","title":{"rendered":"SMA capacit\u00f3 a profesionales de la DIRECTEMAR sobre fiscalizaci\u00f3n y procedimientos sancionatorios relativos a la norma de emisi\u00f3n de residuos l\u00edquidos"},"content":{"rendered":"<ul>\n<li data-leveltext=\"\uf0b7\" data-font=\"Symbol\" data-listid=\"1\" data-list-defn-props=\"{&quot;335552541&quot;:1,&quot;335559685&quot;:720,&quot;335559991&quot;:360,&quot;469769226&quot;:&quot;Symbol&quot;,&quot;469769242&quot;:[8226],&quot;469777803&quot;:&quot;left&quot;,&quot;469777804&quot;:&quot;\uf0b7&quot;,&quot;469777815&quot;:&quot;hybridMultilevel&quot;}\" aria-setsize=\"-1\" data-aria-posinset=\"1\" data-aria-level=\"1\"><b><i><span data-contrast=\"auto\">Taller estuvo a cargo de la secci\u00f3n de Recursos H\u00eddricos de la Divisi\u00f3n de Fiscalizaci\u00f3n de la SMA, y<\/span><\/i><\/b> <b><i><span data-contrast=\"auto\">cont\u00f3 con la participaci\u00f3n de profesionales de las secciones de Instrucci\u00f3n de Procedimientos Estandarizados y Nuevas Normas y de Profesionales de las Ciencias de la Divisi\u00f3n de Sanci\u00f3n y Cumplimiento.<\/span><\/i><\/b><span data-ccp-props=\"{&quot;201341983&quot;:0,&quot;335551550&quot;:6,&quot;335551620&quot;:6,&quot;335559739&quot;:0,&quot;335559740&quot;:240}\">\u00a0<\/span><\/li>\n<\/ul>\n<p><span data-contrast=\"auto\"><span class=\"TextRun SCXW235456861 BCX8\" lang=\"ES-CL\" xml:lang=\"ES-CL\" data-contrast=\"auto\"><span class=\"NormalTextRun SCXW235456861 BCX8\">En el marco de la mesa de trabajo implementada entre la<\/span><span class=\"NormalTextRun SCXW235456861 BCX8\"> Direcci\u00f3n General del Territorio Mar\u00edtimo y Marina Mercante de Chile<\/span> <span class=\"NormalTextRun SCXW235456861 BCX8\">(<\/span><span class=\"NormalTextRun SpellingErrorV2Themed SCXW235456861 BCX8\">Directemar<\/span><span class=\"NormalTextRun SCXW235456861 BCX8\">)<\/span><span class=\"NormalTextRun SCXW235456861 BCX8\"> y la<\/span><span class=\"NormalTextRun SCXW235456861 BCX8\"> Superintendencia del Medio Ambiente<\/span> <span class=\"NormalTextRun SCXW235456861 BCX8\">(<\/span><span class=\"NormalTextRun SCXW235456861 BCX8\">SMA<\/span><span class=\"NormalTextRun SCXW235456861 BCX8\">)<\/span><span class=\"NormalTextRun SCXW235456861 BCX8\"> a trav\u00e9s de la Divisi\u00f3n de Fiscalizaci\u00f3n, el <\/span><span class=\"NormalTextRun SCXW235456861 BCX8\">pasado 5 de marzo<\/span><span class=\"NormalTextRun SCXW235456861 BCX8\"> se realiz\u00f3 el \u201cTaller de Capacitaci\u00f3n sobre Fiscalizaci\u00f3n y Procedimientos Sancionatorios\u201d, que estuvo dirigido a los\/las funcionarios\/as del nivel central de la DIRECTEMAR y a los\/las Encargados\/as de Medio Ambiente de las Gobernaciones Mar\u00edtimas de todo el pa\u00eds<\/span><span class=\"NormalTextRun SCXW235456861 BCX8\">, contando con la presencia de cerca de 29 asistentes<\/span><span class=\"NormalTextRun SCXW235456861 BCX8\">. <\/span><span class=\"NormalTextRun SCXW235456861 BCX8\">El objetivo del mismo fue presentar de manera general un contexto de la fiscalizaci\u00f3n ambiental relativa a las normas de emisi\u00f3n de residuos l\u00edquidos y en particular al DS.90\/00, y aspectos generales de los procedimientos sancionatorios<\/span><span class=\"NormalTextRun SCXW235456861 BCX8\">.<\/span> <\/span><span class=\"EOP SCXW235456861 BCX8\" data-ccp-props=\"{&quot;201341983&quot;:0,&quot;335551550&quot;:6,&quot;335551620&quot;:6,&quot;335559739&quot;:0,&quot;335559740&quot;:240}\">\u00a0<\/span> <\/span><span data-ccp-props=\"{&quot;201341983&quot;:0,&quot;335551550&quot;:6,&quot;335551620&quot;:6,&quot;335559739&quot;:0,&quot;335559740&quot;:240}\">\u00a0<\/span><\/p>\n<p><span data-ccp-props=\"{&quot;201341983&quot;:0,&quot;335551550&quot;:6,&quot;335551620&quot;:6,&quot;335559739&quot;:0,&quot;335559740&quot;:240}\">\u00a0<\/span><span data-contrast=\"auto\">Al respecto, <strong>Fernando Gallegos<\/strong>, Capit\u00e1n de Fragata y Jefe de la Divisi\u00f3n Protecci\u00f3n del Medio Ambiente Acu\u00e1tico, se\u00f1al\u00f3 \u201c<\/span><i><span data-contrast=\"auto\">La reuni\u00f3n desarrollada, se enmarca en las actividades de coordinaci\u00f3n y trabajo conjunto que contempla el convenio de colaboraci\u00f3n suscrito entre la SMA y Directemar. Ha sido una jornada muy provechosa para nuestros encargados regionales de medio ambiente, ya que les entreg\u00f3 una retroalimentaci\u00f3n respecto al resultado de las actividades de fiscalizaci\u00f3n que ellos realizan en terreno<\/span><\/i><span data-contrast=\"auto\">\u201d.\u00a0<\/span><span data-ccp-props=\"{&quot;201341983&quot;:0,&quot;335551550&quot;:6,&quot;335551620&quot;:6,&quot;335559739&quot;:0,&quot;335559740&quot;:240}\">\u00a0<\/span><\/p>\n<p><span data-contrast=\"auto\">Por su parte, <strong>Claudia Pastore<\/strong>, Jefa de la Divisi\u00f3n de Fiscalizaci\u00f3n de la SMA se\u00f1al\u00f3: \u201c<\/span><i><span data-contrast=\"auto\">estas instancias son muy enriquecedoras para dar a conocer el enorme trabajo realizado por las diferentes \u00e1reas de la SMA en el marco de la fiscalizaci\u00f3n y sanci\u00f3n de la normativa relacionada a residuos l\u00edquidos, as\u00ed como tambi\u00e9n para recoger opiniones y comentarios que nos permitir\u00e1n mejorar nuestros procesos y la comunicaci\u00f3n de los resultados<\/span><\/i><span data-contrast=\"auto\">.<\/span><span data-ccp-props=\"{&quot;201341983&quot;:0,&quot;335551550&quot;:6,&quot;335551620&quot;:6,&quot;335559739&quot;:0,&quot;335559740&quot;:240}\">\u00a0<\/span><\/p>\n<p><span data-contrast=\"auto\">Respecto a la presentaci\u00f3n centrada en fiscalizaci\u00f3n, los participantes pudieron revisar informaci\u00f3n relativa al catastro de fuentes emisoras afectada a la norma de RILes, la fiscalizaci\u00f3n a este instrumento de gesti\u00f3n ambiental, y sobre generalidades de la normativa.\u00a0<\/span><span data-ccp-props=\"{&quot;201341983&quot;:0,&quot;335551550&quot;:6,&quot;335551620&quot;:6,&quot;335559739&quot;:0,&quot;335559740&quot;:240}\">\u00a0<\/span><\/p>\n<p><span data-contrast=\"auto\">En tanto, la presentaci\u00f3n relativa a procedimientos sancionatorios, estuvo centrada en la estructura org\u00e1nica de la SMA relativo a la gesti\u00f3n de informes y correcci\u00f3n temprana de hallazgos ambientales; finalidad y etapas de los procedimientos sancionatorios; y sobre las bases metodol\u00f3gicas para la aplicaci\u00f3n de sanciones ambientales.<\/span><span data-ccp-props=\"{&quot;201341983&quot;:0,&quot;335551550&quot;:6,&quot;335551620&quot;:6,&quot;335559739&quot;:0,&quot;335559740&quot;:240}\">\u00a0<\/span><\/p>\n","protected":false},"excerpt":{"rendered":"<p>Taller estuvo a cargo de la secci\u00f3n de Recursos H\u00eddricos de la Divisi\u00f3n de Fiscalizaci\u00f3n de la SMA, y cont\u00f3 con la participaci\u00f3n de profesionales de las secciones de Instrucci\u00f3n de Procedimientos Estandarizados y Nuevas Normas y de Profesionales de las Ciencias de la Divisi\u00f3n de Sanci\u00f3n y Cumplimiento.\u00a0 En el marco de la mesa de <a href=\"https:\/\/portal.sma.gob.cl\/index.php\/sma-capacito-a-profesionales-de-la-directemar-sobre-fiscalizacion-y-procedimientos-sancionatorios-relativos-a-la-norma-de-emision-de-residuos-liquidos\/\">Leer m\u00e1s<\/a><\/p>\n","protected":false},"author":8,"featured_media":34884,"comment_status":"open","ping_status":"open","sticky":false,"template":"","format":"standard","meta":{"footnotes":""},"categories":[90,225],"tags":[],"class_list":["post-34877","post","type-post","status-publish","format-standard","has-post-thumbnail","hentry","category-comunicados-noticias","category-macrozona-centro"],"_links":{"self":[{"href":"https:\/\/portal.sma.gob.cl\/index.php\/wp-json\/wp\/v2\/posts\/34877","targetHints":{"allow":["GET"]}}],"collection":[{"href":"https:\/\/portal.sma.gob.cl\/index.php\/wp-json\/wp\/v2\/posts"}],"about":[{"href":"https:\/\/portal.sma.gob.cl\/index.php\/wp-json\/wp\/v2\/types\/post"}],"author":[{"embeddable":true,"href":"https:\/\/portal.sma.gob.cl\/index.php\/wp-json\/wp\/v2\/users\/8"}],"replies":[{"embeddable":true,"href":"https:\/\/portal.sma.gob.cl\/index.php\/wp-json\/wp\/v2\/comments?post=34877"}],"version-history":[{"count":3,"href":"https:\/\/portal.sma.gob.cl\/index.php\/wp-json\/wp\/v2\/posts\/34877\/revisions"}],"predecessor-version":[{"id":34889,"href":"https:\/\/portal.sma.gob.cl\/index.php\/wp-json\/wp\/v2\/posts\/34877\/revisions\/34889"}],"wp:featuredmedia":[{"embeddable":true,"href":"https:\/\/portal.sma.gob.cl\/index.php\/wp-json\/wp\/v2\/media\/34884"}],"wp:attachment":[{"href":"https:\/\/portal.sma.gob.cl\/index.php\/wp-json\/wp\/v2\/media?parent=34877"}],"wp:term":[{"taxonomy":"category","embeddable":true,"href":"https:\/\/portal.sma.gob.cl\/index.php\/wp-json\/wp\/v2\/categories?post=34877"},{"taxonomy":"post_tag","embeddable":true,"href":"https:\/\/portal.sma.gob.cl\/index.php\/wp-json\/wp\/v2\/tags?post=34877"}],"curies":[{"name":"wp","href":"https:\/\/api.w.org\/{rel}","templated":true}]}}