{"id":34972,"date":"2025-03-12T16:31:26","date_gmt":"2025-03-12T19:31:26","guid":{"rendered":"https:\/\/portal.sma.gob.cl\/?p=34972"},"modified":"2025-03-12T16:31:26","modified_gmt":"2025-03-12T19:31:26","slug":"superintendencia-del-medio-ambiente-suscribe-convenio-de-ruidos-con-la-municipalidad-de-ancud","status":"publish","type":"post","link":"https:\/\/portal.sma.gob.cl\/index.php\/superintendencia-del-medio-ambiente-suscribe-convenio-de-ruidos-con-la-municipalidad-de-ancud\/","title":{"rendered":"Superintendencia del Medio Ambiente suscribe convenio de ruidos con la Municipalidad de Ancud"},"content":{"rendered":"<ul>\n<li><strong><em>El convenio tiene por objeto apoyar en la dictaci\u00f3n de la ordenanza municipal de ruido, junto con entregar capacitaciones a funcionarios municipales en la utilizaci\u00f3n de son\u00f3metros calibrados y otras t\u00e9cnicas que se deben aplicar seg\u00fan el Decreto Supremo N\u00b038 del Ministerio del Medio Ambiente, entre otros compromisos.<\/em><\/strong><\/li>\n<\/ul>\n<p>La Superintendenta del Medio Ambiente, Marie Claude Plumer suscribi\u00f3 un nuevo convenio de colaboraci\u00f3n con el alcalde de la Municipalidad de Ancud, Andr\u00e9s Ojeda, con el objetivo de colaborar en la capacitaci\u00f3n del funcionariado municipal en materias de denuncias ambientales relacionadas al ruido, mejorando as\u00ed la respuesta estatal ante las problem\u00e1ticas que se presentan en la comuna.<\/p>\n<p>Al respecto, la Superintendenta del Medio Ambiente,\u00a0Marie Claude Plumer\u00a0relev\u00f3 que\u00a0<em>\u201cestas alianzas con las municipalidades forman parte de una estrategia impulsada por la SMA para mejorar la gesti\u00f3n de las denuncias que ingresan por temas de ruidos, ya que representan cerca del 50% del total. Es muy importante poder fortalecer esta red de colaboraci\u00f3n y de esta forma poder abarcar de mayor forma todos los territorios. Agradecemos el compromiso de la Municipalidad de Ancud\u201d.<\/em><\/p>\n<p>Dentro de los compromisos adquiridos en el convenio -que tendr\u00e1 una duraci\u00f3n inicial de 4 a\u00f1os-, funcionarios de la Municipalidad de Ancud deber\u00e1n verificar que las fuentes de ruido denunciadas correspondan a aquellas definidas en la Norma de Emisi\u00f3n de Ruidos (D.S. N\u00b038\/2011 MMA). Para presentar denuncias ante la SMA cada municipalidad deber\u00e1 identificar la fuente emisora de ruido (nombre o raz\u00f3n social, direcci\u00f3n, tipo de actividad que desarrolla); identificaci\u00f3n de los denunciantes (nombre, tel\u00e9fono de contacto y direcci\u00f3n); descripci\u00f3n de la denuncia (periodos de funcionamiento en d\u00edas y horas, descripci\u00f3n del ruido que motiva la denuncia, entre otros).<\/p>\n<p>Por su parte, la SMA se compromete a realizar capacitaciones respecto del sentido y alcance de la Norma de Emisi\u00f3n, de las metodolog\u00edas aplicables a la medici\u00f3n de ruido, uso de equipos, zonificaci\u00f3n, entre otros. Del mismo modo, se compromete a brindar apoyo t\u00e9cnico para la adquisici\u00f3n de equipamiento por parte del municipio, as\u00ed como para el desarrollo o mejoramiento de la ordenanza sobre este tema espec\u00edfico.<\/p>\n<p>Con la firma del municipio de Ancud, ya son tres las comunas de la regi\u00f3n de Los Lagos con lo que la SMA tiene suscritos convenios de ruido, tras las firmas previas de Puerto Montt y Castro. Y, a la fecha, ya suman 67 convenios en todo el territorio nacional.<\/p>\n<p><strong>________________________________________________________________________<\/strong><\/p>\n<p><strong>Norma de ruido:\u00a0<\/strong>La regulaci\u00f3n ambiental corresponde al\u00a0<a href=\"https:\/\/www.bcn.cl\/leychile\/navegar?idNorma=1040928&amp;idVersion=2014-06-13\"><strong>D.S. 38\/2011<\/strong><\/a>\u00a0que fija l\u00edmites de presi\u00f3n sonora permitidos para fuentes fijas, como, por ejemplo: actividades industriales, recintos comerciales, de recreaci\u00f3n y educacionales. No entran dentro de esta normativa el tr\u00e1fico terrestre, mar\u00edtimo o a\u00e9reo, las ferias libres, la actividad propia del uso de las viviendas (voces, circulaci\u00f3n al interior, reuniones, mascotas, electrodom\u00e9sticos, arreglos ni reparaciones dom\u00e9sticas). Tampoco regula la circulaci\u00f3n vehicular peatonal, eventos, actos, manifestaciones, propaganda, ferias, comercio ambulante o similares; sistemas de alarma y emergencia; ni voladuras y\/o tronaduras.<\/p>\n","protected":false},"excerpt":{"rendered":"<p>El convenio tiene por objeto apoyar en la dictaci\u00f3n de la ordenanza municipal de ruido, junto con entregar capacitaciones a funcionarios municipales en la utilizaci\u00f3n de son\u00f3metros calibrados y otras t\u00e9cnicas que se deben aplicar seg\u00fan el Decreto Supremo N\u00b038 del Ministerio del Medio Ambiente, entre otros compromisos. La Superintendenta del Medio Ambiente, Marie Claude Plumer <a href=\"https:\/\/portal.sma.gob.cl\/index.php\/superintendencia-del-medio-ambiente-suscribe-convenio-de-ruidos-con-la-municipalidad-de-ancud\/\">Leer m\u00e1s<\/a><\/p>\n","protected":false},"author":8,"featured_media":34974,"comment_status":"open","ping_status":"open","sticky":false,"template":"","format":"standard","meta":{"footnotes":""},"categories":[90,107,239,226],"tags":[],"class_list":["post-34972","post","type-post","status-publish","format-standard","has-post-thumbnail","hentry","category-comunicados-noticias","category-destacado","category-los-lagos","category-macrozona-sur"],"_links":{"self":[{"href":"https:\/\/portal.sma.gob.cl\/index.php\/wp-json\/wp\/v2\/posts\/34972","targetHints":{"allow":["GET"]}}],"collection":[{"href":"https:\/\/portal.sma.gob.cl\/index.php\/wp-json\/wp\/v2\/posts"}],"about":[{"href":"https:\/\/portal.sma.gob.cl\/index.php\/wp-json\/wp\/v2\/types\/post"}],"author":[{"embeddable":true,"href":"https:\/\/portal.sma.gob.cl\/index.php\/wp-json\/wp\/v2\/users\/8"}],"replies":[{"embeddable":true,"href":"https:\/\/portal.sma.gob.cl\/index.php\/wp-json\/wp\/v2\/comments?post=34972"}],"version-history":[{"count":1,"href":"https:\/\/portal.sma.gob.cl\/index.php\/wp-json\/wp\/v2\/posts\/34972\/revisions"}],"predecessor-version":[{"id":34973,"href":"https:\/\/portal.sma.gob.cl\/index.php\/wp-json\/wp\/v2\/posts\/34972\/revisions\/34973"}],"wp:featuredmedia":[{"embeddable":true,"href":"https:\/\/portal.sma.gob.cl\/index.php\/wp-json\/wp\/v2\/media\/34974"}],"wp:attachment":[{"href":"https:\/\/portal.sma.gob.cl\/index.php\/wp-json\/wp\/v2\/media?parent=34972"}],"wp:term":[{"taxonomy":"category","embeddable":true,"href":"https:\/\/portal.sma.gob.cl\/index.php\/wp-json\/wp\/v2\/categories?post=34972"},{"taxonomy":"post_tag","embeddable":true,"href":"https:\/\/portal.sma.gob.cl\/index.php\/wp-json\/wp\/v2\/tags?post=34972"}],"curies":[{"name":"wp","href":"https:\/\/api.w.org\/{rel}","templated":true}]}}