{"id":35205,"date":"2025-03-26T15:39:45","date_gmt":"2025-03-26T18:39:45","guid":{"rendered":"https:\/\/portal.sma.gob.cl\/?p=35205"},"modified":"2025-03-26T15:39:45","modified_gmt":"2025-03-26T18:39:45","slug":"superintendenta-del-medio-ambiente-encabeza-encuentro-anual-de-la-red-de-fiscalizacion-en-aysen","status":"publish","type":"post","link":"https:\/\/portal.sma.gob.cl\/index.php\/superintendenta-del-medio-ambiente-encabeza-encuentro-anual-de-la-red-de-fiscalizacion-en-aysen\/","title":{"rendered":"Superintendenta del Medio Ambiente encabeza encuentro anual de la red de fiscalizaci\u00f3n en Ays\u00e9n"},"content":{"rendered":"<ul>\n<li><strong>Durante la visita la Superintendenta se reuni\u00f3 con diferentes autoridades regionales, con el fin de abordar las distintas preocupaciones ambientales que afectan la zona. <\/strong><\/li>\n<\/ul>\n<p>La Superintendenta del Medio Ambiente, Marie Claude Plumer, visit\u00f3 la Regi\u00f3n de Ays\u00e9n para participar en diversas actividades relacionadas a la labor que realiza la Superintendencia del Medio Ambiente en la zona. El evento principal fue un encuentro con representantes de los organismos que conforman la Red Nacional de Fiscalizaci\u00f3n Ambiental (RENFA), donde se abordaron avances y desaf\u00edos en la gesti\u00f3n ambiental nacional y regional.<\/p>\n<p>La reuni\u00f3n -realizada en la sede regional del SEA en la ciudad de Coyhaique- cont\u00f3 con la participaci\u00f3n de m\u00e1s de 10 instituciones p\u00fablicas con competencias en fiscalizaci\u00f3n ambiental, las cuales trabajan en conjunto con la Superintendencia del Medio Ambiente (SMA). Durante la jornada, la Superintendenta present\u00f3 un balance general de la gesti\u00f3n en la zona, destacando hitos y avances en la fiscalizaci\u00f3n. Adem\u00e1s, se discutieron los desaf\u00edos para la implementaci\u00f3n del plan de trabajo de la red.<\/p>\n<p>Adicionalmente, el jefe de la Oficina Regional de Ays\u00e9n, Oscar Leal, dio a conocer los pr\u00f3ximos pasos de la red a nivel regional, junto con analizar casos regionales que fueron abordados de manera intersectorial.<\/p>\n<p>Finalmente, la Superintendenta entreg\u00f3 diplomas de reconocimiento a seis miembros de la RENFA, pertenecientes a distintas instituciones p\u00fablicas que fiscalizan componentes ambientales, destacando su compromiso y contribuci\u00f3n con las labores de fiscalizaci\u00f3n de la SMA.<\/p>\n<p>En la oportunidad, la Superintendenta Plumer destac\u00f3 que <em>\u201cla colaboraci\u00f3n entre instituciones es fundamental para fortalecer la fiscalizaci\u00f3n ambiental y garantizar una mayor eficiencia. Desde la SMA, seguiremos impulsando estos espacios de coordinaci\u00f3n y sinergia para fomentar el cumplimiento ambiental y la protecci\u00f3n del medio ambiente\u201d<\/em>.<\/p>\n<p>En la actividad estuvieron presentes representantes de la Seremi de Salud, Seremi de Transporte, Seremi de Medio Ambiente, Servicio Agr\u00edcola y Ganadero (SAG), Corporaci\u00f3n Nacional Forestal (CONAF), Direcci\u00f3n General de Aguas (DGA), Directemar, Servicio Nacional de Geolog\u00eda y Miner\u00eda (Sernageomin), Superintendencia de Medio Ambiente, Direcci\u00f3n de Vialidad y Servicio Nacional de Pesca.<\/p>\n<p>&nbsp;<\/p>\n<p><strong>Actividades en la regi\u00f3n<\/strong><\/p>\n<p>Por otra parte, durante su vista, la Superintendenta Plumer sostuvo reuniones con diversas autoridades, incluyendo el Delegado Presidencial Regional, Jorge D\u00edaz Guzm\u00e1n, y el Seremi de Medio Ambiente, Yoal D\u00edaz, con quienes abord\u00f3 el trabajo de fiscalizaci\u00f3n realizado y los principales desaf\u00edos ambientales de la zona. Tambi\u00e9n se reuni\u00f3 con el Gobernador Regional, Marcelo Santana, y el Director Regional del Servicio de Evaluaci\u00f3n Ambiental (SEA), Juli\u00e1n C\u00e1rdenas.<\/p>\n<p>Adem\u00e1s, en Puerto Ays\u00e9n, mantuvo un encuentro con el Gobernador Mar\u00edtimo, Octavio Valenzuela Iturra, para tratar temas vinculados a la fiscalizaci\u00f3n ambiental en el \u00e1mbito mar\u00edtimo.<\/p>\n","protected":false},"excerpt":{"rendered":"<p>Durante la visita la Superintendenta se reuni\u00f3 con diferentes autoridades regionales, con el fin de abordar las distintas preocupaciones ambientales que afectan la zona. La Superintendenta del Medio Ambiente, Marie Claude Plumer, visit\u00f3 la Regi\u00f3n de Ays\u00e9n para participar en diversas actividades relacionadas a la labor que realiza la Superintendencia del Medio Ambiente en la zona. <a href=\"https:\/\/portal.sma.gob.cl\/index.php\/superintendenta-del-medio-ambiente-encabeza-encuentro-anual-de-la-red-de-fiscalizacion-en-aysen\/\">Leer m\u00e1s<\/a><\/p>\n","protected":false},"author":8,"featured_media":35200,"comment_status":"open","ping_status":"open","sticky":false,"template":"","format":"standard","meta":{"footnotes":""},"categories":[240,90,107,226],"tags":[],"class_list":["post-35205","post","type-post","status-publish","format-standard","has-post-thumbnail","hentry","category-aysen","category-comunicados-noticias","category-destacado","category-macrozona-sur"],"_links":{"self":[{"href":"https:\/\/portal.sma.gob.cl\/index.php\/wp-json\/wp\/v2\/posts\/35205","targetHints":{"allow":["GET"]}}],"collection":[{"href":"https:\/\/portal.sma.gob.cl\/index.php\/wp-json\/wp\/v2\/posts"}],"about":[{"href":"https:\/\/portal.sma.gob.cl\/index.php\/wp-json\/wp\/v2\/types\/post"}],"author":[{"embeddable":true,"href":"https:\/\/portal.sma.gob.cl\/index.php\/wp-json\/wp\/v2\/users\/8"}],"replies":[{"embeddable":true,"href":"https:\/\/portal.sma.gob.cl\/index.php\/wp-json\/wp\/v2\/comments?post=35205"}],"version-history":[{"count":1,"href":"https:\/\/portal.sma.gob.cl\/index.php\/wp-json\/wp\/v2\/posts\/35205\/revisions"}],"predecessor-version":[{"id":35206,"href":"https:\/\/portal.sma.gob.cl\/index.php\/wp-json\/wp\/v2\/posts\/35205\/revisions\/35206"}],"wp:featuredmedia":[{"embeddable":true,"href":"https:\/\/portal.sma.gob.cl\/index.php\/wp-json\/wp\/v2\/media\/35200"}],"wp:attachment":[{"href":"https:\/\/portal.sma.gob.cl\/index.php\/wp-json\/wp\/v2\/media?parent=35205"}],"wp:term":[{"taxonomy":"category","embeddable":true,"href":"https:\/\/portal.sma.gob.cl\/index.php\/wp-json\/wp\/v2\/categories?post=35205"},{"taxonomy":"post_tag","embeddable":true,"href":"https:\/\/portal.sma.gob.cl\/index.php\/wp-json\/wp\/v2\/tags?post=35205"}],"curies":[{"name":"wp","href":"https:\/\/api.w.org\/{rel}","templated":true}]}}