{"id":35241,"date":"2025-04-01T09:46:01","date_gmt":"2025-04-01T12:46:01","guid":{"rendered":"https:\/\/portal.sma.gob.cl\/?p=35241"},"modified":"2025-04-01T10:32:34","modified_gmt":"2025-04-01T13:32:34","slug":"superintendenta-plumer-designa-a-nueva-jefa-regional-de-la-sma-en-antofagasta","status":"publish","type":"post","link":"https:\/\/portal.sma.gob.cl\/index.php\/superintendenta-plumer-designa-a-nueva-jefa-regional-de-la-sma-en-antofagasta\/","title":{"rendered":"Superintendenta Plumer designa a nueva jefa regional de la SMA en Antofagasta"},"content":{"rendered":"<ul>\n<li><strong><em>Se trata de la ingeniera Civil Ambiental Javiera De la Cerda, quien posee una amplia experiencia en el sector p\u00fablico en materias medioambientales.<\/em><\/strong><\/li>\n<\/ul>\n<p>La Oficina de la Superintendencia de Medio Ambiente (SMA) en Antofagasta cuenta con una nueva jefa regional: Javiera De la Cerda, ingeniera Civil Ambiental de la Universidad Cat\u00f3lica del Norte y diplomado en Derecho de los Recursos Naturales de la misma casa de estudios.<\/p>\n<p>La nueva encargada de la Superintendencia en la regi\u00f3n cuenta con amplia experiencia en el sector p\u00fablico en materias medioambientales y tambi\u00e9n en el sector privado.<\/p>\n<p>Antes de asumir esta jefatura, De la Cerda se desempe\u00f1\u00f3 por m\u00e1s de 12 a\u00f1os como fiscalizadora de la Oficina Regional de Antofagasta, participando en fiscalizaciones complejas como las realizadas al Tranque de Relaves de Sierra Gorda, Antofagasta Terminal Internacional (ATI), Mantos Blancos, entre otras inspecciones a unidades fiscalizables de gran envergadura en esta zona del pa\u00eds.<\/p>\n<p>Adem\u00e1s, previo a su arribo a la SMA, se desempe\u00f1\u00f3 como encargada del mantenimiento del Sistema de Gesti\u00f3n Ambiental de Minera de la Divisi\u00f3n Gabriela Mistral de CODELCO.<\/p>\n<p>La Superintendenta\u00a0Marie Claude Plumer\u00a0relev\u00f3 las nuevas funciones de Javiera y se\u00f1al\u00f3 que <em>\u201ces una profesional con gran experiencia en el sector p\u00fablico ligado a materias medioambientales, principalmente con enfoque en el sector minero, que es hoy uno de los principales sectores econ\u00f3micos fiscalizados por esta Superintendencia en la regi\u00f3n de Antofagasta. Esto nos permitir\u00e1 reforzar la presencia de la SMA en la zona, a trav\u00e9s de todas las competencias t\u00e9cnicas que tiene para asumir este nuevo cargo\u201d<\/em>, agreg\u00f3.<\/p>\n<p>Por su parte, Javiera De la Cerda se\u00f1al\u00f3 que \u201c<em>Antofagasta es una regi\u00f3n de una alta complejidad y diversidad ambiental, que requiere de una instituci\u00f3n presente para verificar y fomentar el cumplimiento de los regulados que se encuentran afectos a alg\u00fan instrumento de gesti\u00f3n ambiental de competencia de la SMA<\/em>\u201d. Junto con esto, a\u00f1adi\u00f3 que \u201c<em>conozco muy bien la realidad de esta regi\u00f3n, ya que me he desempe\u00f1ado por m\u00e1s de 12 a\u00f1os como fiscalizadora de la SMA\u201d.<\/em><\/p>\n","protected":false},"excerpt":{"rendered":"<p>Se trata de la ingeniera Civil Ambiental Javiera De la Cerda, quien posee una amplia experiencia en el sector p\u00fablico en materias medioambientales. La Oficina de la Superintendencia de Medio Ambiente (SMA) en Antofagasta cuenta con una nueva jefa regional: Javiera De la Cerda, ingeniera Civil Ambiental de la Universidad Cat\u00f3lica del Norte y diplomado en <a href=\"https:\/\/portal.sma.gob.cl\/index.php\/superintendenta-plumer-designa-a-nueva-jefa-regional-de-la-sma-en-antofagasta\/\">Leer m\u00e1s<\/a><\/p>\n","protected":false},"author":8,"featured_media":35243,"comment_status":"open","ping_status":"open","sticky":false,"template":"","format":"standard","meta":{"footnotes":""},"categories":[229,90,107,224],"tags":[],"class_list":["post-35241","post","type-post","status-publish","format-standard","has-post-thumbnail","hentry","category-antofagasta","category-comunicados-noticias","category-destacado","category-macrozona-norte"],"_links":{"self":[{"href":"https:\/\/portal.sma.gob.cl\/index.php\/wp-json\/wp\/v2\/posts\/35241","targetHints":{"allow":["GET"]}}],"collection":[{"href":"https:\/\/portal.sma.gob.cl\/index.php\/wp-json\/wp\/v2\/posts"}],"about":[{"href":"https:\/\/portal.sma.gob.cl\/index.php\/wp-json\/wp\/v2\/types\/post"}],"author":[{"embeddable":true,"href":"https:\/\/portal.sma.gob.cl\/index.php\/wp-json\/wp\/v2\/users\/8"}],"replies":[{"embeddable":true,"href":"https:\/\/portal.sma.gob.cl\/index.php\/wp-json\/wp\/v2\/comments?post=35241"}],"version-history":[{"count":4,"href":"https:\/\/portal.sma.gob.cl\/index.php\/wp-json\/wp\/v2\/posts\/35241\/revisions"}],"predecessor-version":[{"id":35246,"href":"https:\/\/portal.sma.gob.cl\/index.php\/wp-json\/wp\/v2\/posts\/35241\/revisions\/35246"}],"wp:featuredmedia":[{"embeddable":true,"href":"https:\/\/portal.sma.gob.cl\/index.php\/wp-json\/wp\/v2\/media\/35243"}],"wp:attachment":[{"href":"https:\/\/portal.sma.gob.cl\/index.php\/wp-json\/wp\/v2\/media?parent=35241"}],"wp:term":[{"taxonomy":"category","embeddable":true,"href":"https:\/\/portal.sma.gob.cl\/index.php\/wp-json\/wp\/v2\/categories?post=35241"},{"taxonomy":"post_tag","embeddable":true,"href":"https:\/\/portal.sma.gob.cl\/index.php\/wp-json\/wp\/v2\/tags?post=35241"}],"curies":[{"name":"wp","href":"https:\/\/api.w.org\/{rel}","templated":true}]}}