{"id":35270,"date":"2025-04-03T15:39:00","date_gmt":"2025-04-03T18:39:00","guid":{"rendered":"https:\/\/portal.sma.gob.cl\/?p=35270"},"modified":"2025-12-29T09:31:36","modified_gmt":"2025-12-29T12:31:36","slug":"sistema-de-compensacion-de-emisiones-reduce-44-millones-de-toneladas-de-co2","status":"publish","type":"post","link":"https:\/\/portal.sma.gob.cl\/index.php\/sistema-de-compensacion-de-emisiones-reduce-44-millones-de-toneladas-de-co2\/","title":{"rendered":"Sistema de Compensaci\u00f3n de Emisiones reduce 4,4 millones de toneladas de CO2"},"content":{"rendered":"<p><strong>La iniciativa, que se encuentra en su segundo a\u00f1o de funcionamiento, super\u00f3 las expectativas del Ministerio del Medio Ambiente<\/strong><strong>. <\/strong><\/p>\n<p>La ma\u00f1ana de este jueves 3 de abril, en el edificio de CORFO, se llev\u00f3 a cabo el Cierre del Ciclo de Compensaciones 2024, actividad donde se dieron a conocer los resultados del Sistema de Compensaci\u00f3n de Emisiones (SCE) para el periodo concluido. De acuerdo a lo se\u00f1alado, las cifras son alentadoras, ya que de las 260 mil toneladas de di\u00f3xido de carbono (CO<sub>2<\/sub>) compensadas en el primer a\u00f1o, en 2024 se lleg\u00f3 a 4,4 millones de toneladas de CO<sub>2<\/sub>, alcanzando una recaudaci\u00f3n que supera los US$22 millones, los que ser\u00e1n redirigidos al financiamiento de acci\u00f3n clim\u00e1tica.<\/p>\n<p>Esta reuni\u00f3n cont\u00f3 con la participaci\u00f3n de Nicol\u00e1s Grau, ministro de Econom\u00eda; Maximiliano Proa\u00f1o, subsecretario del Medio Ambiente; Marie Claude Plumer, superintendenta del Medio Ambiente y representantes de las instituciones y compa\u00f1\u00edas participantes.<\/p>\n<p>El Sistema de Compensaci\u00f3n de Emisiones (SCE) del Impuesto Verde comenz\u00f3 su funcionamiento en septiembre de 2023 y a partir de su entrada en vigencia, este programa del Ministerio del Medio Ambiente ha permitido compensar emisiones, con el objetivo de incentivar a las industrias a invertir y desarrollar proyectos sostenibles, favorecer las pr\u00e1cticas amigables con el medioambiente, mejorar la calidad del aire y proteger la salud de ni\u00f1os y adultos.<\/p>\n<p>Durante la actividad, el Ministro de Econom\u00eda, Nicol\u00e1s Grau declar\u00f3 &#8220;Como hemos dicho de forma majadera desde el Gobierno, estas grandes tareas de la econom\u00eda requieren una muy buena articulaci\u00f3n p\u00fablico-privada. Eso por supuesto tambi\u00e9n requiere arrojo, innovaci\u00f3n del sector privado, cuesti\u00f3n que quienes est\u00e1n presentes ac\u00e1 han sido parte de ese proceso y nosotros lo agradecemos, lo valoramos. Requiere de trabajo, de coordinaci\u00f3n, de mucho feedback entre el sector p\u00fablico y privado pidiendo qu\u00e9 cosas funcionan, qu\u00e9 no funcionan, c\u00f3mo tenemos que ir variando la regulaci\u00f3n en el tiempo para que ojal\u00e1 cada vez se pueda hacer m\u00e1s captura de carbono a trav\u00e9s de estos incentivos que se generan&#8221;.<\/p>\n<p>Por su parte, el subsecretario Proa\u00f1o agreg\u00f3 que \u201clos resultados muestran el creciente inter\u00e9s por este instrumento, lo que genera beneficios relevantes para el pa\u00eds y sus habitantes. El Sistema de Compensaci\u00f3n de Emisiones no s\u00f3lo permite avanzar en la mitigaci\u00f3n al cambio clim\u00e1tico, sino que impulsa un modelo de desarrollo sostenible que genera impactos positivos en la calidad de vida de las personas\u201d.<\/p>\n<p>Del mismo modo, Miguel Cifuentes, representante de Eagon Lautaro, compa\u00f1\u00eda participante del SCE, valor\u00f3 como positiva su incorporaci\u00f3n a la iniciativa. \u201cEsta herramienta significa posicionar en buen pie a nuestra organizaci\u00f3n, de cara a las expectativas de nuestras partes interesadas, como lo son nuestros clientes europeos, quienes est\u00e1n muy interesados en la huella ambiental de nuestros productos, la trazabilidad y la gesti\u00f3n integral de los impactos en el medioambiente\u201d, enfatiz\u00f3.<\/p>\n<p>Cabe destacar, que de las diez compa\u00f1\u00edas que compensaron en este periodo, Central Kelar,\u00a0 Mina 0 y Eagon Lautaro alcanzaron la neutralizaci\u00f3n de todas sus emisiones, dejando de pagar impuesto por emisiones de CO<sub>2<\/sub>. En tanto, Central Tocopilla y Guacolda, compensan la mayor parte de sus emisiones.<\/p>\n<p>&nbsp;<\/p>\n<table class=\"table-1\">\n<tbody>\n<tr>\n<td width=\"110\"><strong>Establecimiento<\/strong><\/td>\n<td width=\"138\"><strong>Empresa<\/strong><\/td>\n<td width=\"90\"><strong>Emisiones CO2<\/strong><\/td>\n<td width=\"134\"><strong>Emisiones compensadas<\/strong><\/td>\n<\/tr>\n<tr>\n<td width=\"110\">Guacolda<\/td>\n<td width=\"138\">Guacolda<\/td>\n<td width=\"90\">2.650.871<\/td>\n<td width=\"134\">2.509.459<\/td>\n<\/tr>\n<tr>\n<td width=\"110\">Central Kelar<\/td>\n<td width=\"138\">Kelar<\/td>\n<td width=\"90\">627.154<\/td>\n<td width=\"134\">627.368<\/td>\n<\/tr>\n<tr>\n<td width=\"110\">Central Mejillones<\/td>\n<td width=\"138\">Engie<\/td>\n<td width=\"90\">1.262.420<\/td>\n<td width=\"134\">444.488<\/td>\n<\/tr>\n<tr>\n<td width=\"110\">Central Tocopilla<\/td>\n<td width=\"138\">Engie<\/td>\n<td width=\"90\">408.644<\/td>\n<td width=\"134\">394.964<\/td>\n<\/tr>\n<tr>\n<td width=\"110\">Complejo Nehuenco<\/td>\n<td width=\"138\">Colb\u00fan<\/td>\n<td width=\"90\">928.008<\/td>\n<td width=\"134\">203.752<\/td>\n<\/tr>\n<tr>\n<td width=\"110\">Mina 0<\/td>\n<td width=\"138\">Minera Escondida<\/td>\n<td width=\"90\">44.783<\/td>\n<td width=\"134\">44.784<\/td>\n<\/tr>\n<tr>\n<td width=\"110\">Central Quintero<\/td>\n<td width=\"138\">Enel<\/td>\n<td width=\"90\">366.257<\/td>\n<td width=\"134\">220.374<\/td>\n<\/tr>\n<tr>\n<td width=\"110\">Los Vientos<\/td>\n<td width=\"138\">Generadora Metropolitana<\/td>\n<td width=\"90\">60.586<\/td>\n<td width=\"134\">10.000<\/td>\n<\/tr>\n<tr>\n<td width=\"110\">Eagon Lautaro<\/td>\n<td width=\"138\">Eagon Lautaro<\/td>\n<td width=\"90\">1.117<\/td>\n<td width=\"134\">1.117<\/td>\n<\/tr>\n<\/tbody>\n<\/table>\n<p>&nbsp;<\/p>\n<p><strong><u>Sistema de Compensaci\u00f3n de Emisiones<\/u><\/strong><\/p>\n<p>En 2017, Chile se transform\u00f3 en el primer pa\u00eds en Sudam\u00e9rica en gravar las emisiones de CO<sub>2<\/sub> mediante el denominado Impuesto Verde. Luego, en 2023, producto de una modificaci\u00f3n legal (establecida por la Ley 21.210) se estableci\u00f3 un innovador sistema de compensaci\u00f3n de emisiones de fuentes fijas.<\/p>\n<p>De esta forma, se estableci\u00f3 que el SCE tuviera dos ejes: la generaci\u00f3n de certificados que provienen de proyectos de reducci\u00f3n o absorci\u00f3n de emisiones, y el uso de estos certificados para compensar las emisiones generadas por una fuente emisora gravada por el Impuesto Verde. Para generar estos certificados, los proyectos deben ser aprobados por el Ministerio del Medio Ambiente y las reducciones, verificadas por un tercero externo.<\/p>\n<p>El proceso de medici\u00f3n de emisiones del Impuesto Verde est\u00e1 a cargo de la Superintendencia del Medio Ambiente (SMA) con los datos reportados por los establecimientos afectos en el Sistema de Seguimiento Atmosf\u00e9rico (SISAT). \u00c9stos, informan trimestralmente variables como consumo de combustible, horas de operaci\u00f3n, muestreos y mediciones, entre otros. Con esta informaci\u00f3n, la SMA cuantifica las emisiones por cada fuente estacionaria y par\u00e1metro regulado contaminante, y determina qu\u00e9 establecimientos superan los umbrales de pago del Impuesto Verde. Finalmente, el organismo publica el listado de compa\u00f1\u00edas afectas al pago del Impuesto Verde y lo remite al Servicio de Impuestos Internos (SII) para la gesti\u00f3n del cobro.<\/p>\n<p>Al respecto, la superintendenta del Medio Ambiente (SMA), Marie Claude Plumer, se\u00f1al\u00f3 que \u201cla SMA ha cumplido con su rol en la identificaci\u00f3n y fiscalizaci\u00f3n de emisores, revisando m\u00e1s de dos mil fuentes estacionarias. Todo esto, se ha realizado mediante nuestro Sistema de Seguimiento Atmosf\u00e9rico, que nos permite contar con un catastro detallado de las fuentes y sus caracter\u00edsticas operacionales, adem\u00e1s de m\u00f3dulos para la visualizaci\u00f3n de las emisiones cuantificadas por cada establecimiento\u201d.<\/p>\n<p>Los buenos resultados de su segundo a\u00f1o de operaciones y el r\u00e1pido crecimiento de certificados transados en el SCE, junto con la presencia de empresas que repiten su participaci\u00f3n en el sistema, confirman el inter\u00e9s del sector privado por participar. Adem\u00e1s, se han comenzado a validar proyectos correspondientes a nuevas tipolog\u00edas, como la captura de metano y su uso para generaci\u00f3n energ\u00e9tica, acci\u00f3n que responde a los desaf\u00edos en la gesti\u00f3n de este gas de efecto invernadero que representa el 14% de las emisiones del pa\u00eds y que da cuenta de la diversificaci\u00f3n de los tipos de proyectos participantes.<\/p>\n<p>Este evento, se ha desarrollado con aportes del proyecto PMI financiado por el Banco Mundial, el cual es gestionado por AGCID y ejecutado en conjunto entre el Ministerio de Energ\u00eda y el Ministerio del Medio Ambiente.<\/p>\n<p>&nbsp;<\/p>\n<p><strong><u>Resultados del SCE<\/u><\/strong><\/p>\n<table class=\"table-1\">\n<tbody>\n<tr>\n<td width=\"212\"><strong>Proyecto<\/strong><\/td>\n<td width=\"171\"><strong>Tipo<\/strong><\/td>\n<td width=\"122\"><strong>Empresa<\/strong><\/td>\n<td width=\"73\"><strong>Certificados<\/strong><\/td>\n<\/tr>\n<tr>\n<td width=\"212\">Loma Los Colorados Landfill Gas Project<\/td>\n<td width=\"171\">Residuos, biog\u00e1s para generaci\u00f3n<\/td>\n<td width=\"122\">KDM<\/td>\n<td width=\"73\">2.393.916<\/td>\n<\/tr>\n<tr>\n<td width=\"212\">El Array\u00e1n Wind Farm Project<\/td>\n<td width=\"171\">Energ\u00eda e\u00f3lica<\/td>\n<td width=\"122\">Sonnedix<\/td>\n<td width=\"73\">591.812<\/td>\n<\/tr>\n<tr>\n<td width=\"212\">Cabo Leones Wind Farm<\/td>\n<td width=\"171\">Energ\u00eda e\u00f3lica<\/td>\n<td width=\"122\">EDF<\/td>\n<td width=\"73\">417.057<\/td>\n<\/tr>\n<tr>\n<td width=\"212\">Santa Marta Landfill Gas Capture Project<\/td>\n<td width=\"171\">Residuos, biog\u00e1s para generaci\u00f3n<\/td>\n<td width=\"122\">Consorcio Santa Marta<\/td>\n<td width=\"73\">406.195<\/td>\n<\/tr>\n<tr>\n<td width=\"212\">San Pedro Wind Farm Project<\/td>\n<td width=\"171\">Energ\u00eda e\u00f3lica<\/td>\n<td width=\"122\">Engie<\/td>\n<td width=\"73\">168.191<\/td>\n<\/tr>\n<tr>\n<td width=\"212\">Cuel Wind Farm Project<\/td>\n<td width=\"171\">Energ\u00eda e\u00f3lica<\/td>\n<td width=\"122\">Innergex<\/td>\n<td width=\"73\">158.999<\/td>\n<\/tr>\n<tr>\n<td width=\"212\">Chile: Lircay Run-of-River Project<\/td>\n<td width=\"171\">Energ\u00eda hidroel\u00e9ctrica<\/td>\n<td width=\"122\">Hidromaule<\/td>\n<td width=\"73\">131.835<\/td>\n<\/tr>\n<tr>\n<td width=\"212\">Los Hierros Hydroelectric Power Plant<\/td>\n<td width=\"171\">Energ\u00eda hidroel\u00e9ctrica<\/td>\n<td width=\"122\">Besalco<\/td>\n<td width=\"73\">125.543<\/td>\n<\/tr>\n<tr>\n<td width=\"212\">Providencia Hydroelectric Plant<\/td>\n<td width=\"171\">Energ\u00eda hidroel\u00e9ctrica<\/td>\n<td width=\"122\">Hidromaule<\/td>\n<td width=\"73\">41.765<\/td>\n<\/tr>\n<tr>\n<td width=\"212\">Mariposas Hydroelectric Project<\/td>\n<td width=\"171\">Energ\u00eda hidroel\u00e9ctrica<\/td>\n<td width=\"122\">Hidromaule<\/td>\n<td width=\"73\">21.476<\/td>\n<\/tr>\n<\/tbody>\n<\/table>\n<p>&nbsp;<\/p>\n<p>Los certificados de reducci\u00f3n de emisiones generados durante este periodo fueron utilizados para compensar las emisiones de nueve establecimientos, correspondientes a ocho empresas.<\/p>\n<p>&nbsp;<\/p>\n","protected":false},"excerpt":{"rendered":"<p>La iniciativa, que se encuentra en su segundo a\u00f1o de funcionamiento, super\u00f3 las expectativas del Ministerio del Medio Ambiente. La ma\u00f1ana de este jueves 3 de abril, en el edificio de CORFO, se llev\u00f3 a cabo el Cierre del Ciclo de Compensaciones 2024, actividad donde se dieron a conocer los resultados del Sistema de Compensaci\u00f3n de <a href=\"https:\/\/portal.sma.gob.cl\/index.php\/sistema-de-compensacion-de-emisiones-reduce-44-millones-de-toneladas-de-co2\/\">Leer m\u00e1s<\/a><\/p>\n","protected":false},"author":19,"featured_media":35271,"comment_status":"open","ping_status":"open","sticky":false,"template":"","format":"standard","meta":{"footnotes":""},"categories":[90,107,224,94,283],"tags":[],"class_list":["post-35270","post","type-post","status-publish","format-standard","has-post-thumbnail","hentry","category-comunicados-noticias","category-destacado","category-macrozona-norte","category-notas-noticias","category-sisat"],"_links":{"self":[{"href":"https:\/\/portal.sma.gob.cl\/index.php\/wp-json\/wp\/v2\/posts\/35270","targetHints":{"allow":["GET"]}}],"collection":[{"href":"https:\/\/portal.sma.gob.cl\/index.php\/wp-json\/wp\/v2\/posts"}],"about":[{"href":"https:\/\/portal.sma.gob.cl\/index.php\/wp-json\/wp\/v2\/types\/post"}],"author":[{"embeddable":true,"href":"https:\/\/portal.sma.gob.cl\/index.php\/wp-json\/wp\/v2\/users\/19"}],"replies":[{"embeddable":true,"href":"https:\/\/portal.sma.gob.cl\/index.php\/wp-json\/wp\/v2\/comments?post=35270"}],"version-history":[{"count":8,"href":"https:\/\/portal.sma.gob.cl\/index.php\/wp-json\/wp\/v2\/posts\/35270\/revisions"}],"predecessor-version":[{"id":35282,"href":"https:\/\/portal.sma.gob.cl\/index.php\/wp-json\/wp\/v2\/posts\/35270\/revisions\/35282"}],"wp:featuredmedia":[{"embeddable":true,"href":"https:\/\/portal.sma.gob.cl\/index.php\/wp-json\/wp\/v2\/media\/35271"}],"wp:attachment":[{"href":"https:\/\/portal.sma.gob.cl\/index.php\/wp-json\/wp\/v2\/media?parent=35270"}],"wp:term":[{"taxonomy":"category","embeddable":true,"href":"https:\/\/portal.sma.gob.cl\/index.php\/wp-json\/wp\/v2\/categories?post=35270"},{"taxonomy":"post_tag","embeddable":true,"href":"https:\/\/portal.sma.gob.cl\/index.php\/wp-json\/wp\/v2\/tags?post=35270"}],"curies":[{"name":"wp","href":"https:\/\/api.w.org\/{rel}","templated":true}]}}