{"id":35283,"date":"2025-04-04T10:34:22","date_gmt":"2025-04-04T13:34:22","guid":{"rendered":"https:\/\/portal.sma.gob.cl\/?p=35283"},"modified":"2025-07-21T15:04:23","modified_gmt":"2025-07-21T19:04:23","slug":"sma-realizo-notificacion-preventiva-a-mas-de-mil-establecimientos-por-inicio-del-periodo-gec-se-recordo-obligacion-de-catastro-y-reporte-de-emisiones","status":"publish","type":"post","link":"https:\/\/portal.sma.gob.cl\/index.php\/sma-realizo-notificacion-preventiva-a-mas-de-mil-establecimientos-por-inicio-del-periodo-gec-se-recordo-obligacion-de-catastro-y-reporte-de-emisiones\/","title":{"rendered":"SMA realiz\u00f3 notificaci\u00f3n preventiva a m\u00e1s de mil establecimientos por inicio del periodo GEC:  se record\u00f3 obligaci\u00f3n de catastro y reporte de emisiones"},"content":{"rendered":"<ul>\n<li><strong>El 1 de abril comenz\u00f3 el periodo de Gesti\u00f3n de Episodios Cr\u00edticos en la zona sur del pa\u00eds. La notificaci\u00f3n masiva est\u00e1 dirigida a los establecimientos afectos a nueve Planes de Prevenci\u00f3n y\/o Descontaminaci\u00f3n Atmosf\u00e9rica de la zona sur. <\/strong><\/li>\n<\/ul>\n<p>La Superintendencia del Medio Ambiente (SMA) realiz\u00f3 una notificaci\u00f3n masiva por medio de correos electr\u00f3nicos a 1.105 establecimientos con el objetivo de recordar la obligatoriedad de su catastro y reporte de emisiones en el Sistema de Seguimiento Atmosf\u00e9rico (SISAT), durante el periodo de Gesti\u00f3n de Episodios Cr\u00edticos (GEC) que comenz\u00f3 el 1 de abril en la zona sur del pa\u00eds y que se extender\u00e1 hasta fines de agosto o septiembre, seg\u00fan la zona.<\/p>\n<p>Cabe indicar que el inicio del periodo GEC, involucra a nueve Planes de Prevenci\u00f3n y\/o Descontaminaci\u00f3n Atmosf\u00e9rica (PPDA), de la zona sur. Durante ese periodo la SMA intensifica su fiscalizaci\u00f3n -en el marco de las medidas establecidas que son de competencia del Servicio- a fin de enfrentar posibles episodios de contaminaci\u00f3n atmosf\u00e9rica que se producen como consecuencia de malas condiciones de ventilaci\u00f3n y mala calidad del aire.<\/p>\n<p>La Superintendenta Marie Claude Plumer se\u00f1al\u00f3 que \u201cel 1\u00b0 de abril se inicia un nuevo periodo GEC, el cual tiene como objetivo implementar acciones de prevenci\u00f3n y\/o mitigaci\u00f3n que permitan la protecci\u00f3n de la salud de la poblaci\u00f3n, anticip\u00e1ndose de manera oportuna a niveles cr\u00edticos de contaminaci\u00f3n, ya sean episodios de Alertas, Preemergencias o Emergencias Ambientales\u201d. En la misma l\u00ednea, explic\u00f3 que \u201cmediante la notificaci\u00f3n enviada a los titulares estamos realizando una instrucci\u00f3n preventiva para que estos establecimientos cumplan con las obligaciones que estipulan estos instrumentos de gesti\u00f3n ambiental y, de este modo, evitar un eventual procedimiento sancionatorio\u201d.<\/p>\n<p>Por su parte, la jefa de la Divisi\u00f3n de Fiscalizaci\u00f3n de la SMA, Claudia Pastore, sostuvo que \u201cen este sentido, se recuerda a los regulados la obligaci\u00f3n de realizar el catastro de fuentes estacionarias y ductos de evacuaci\u00f3n de gases, como primer paso para poder informar las dem\u00e1s obligaciones como, por ejemplo, los informes de resultados de muestreo y\/o medici\u00f3n realizados por una Entidad de Fiscalizaci\u00f3n Ambiental (ETFA) o los Reportes en el M\u00f3dulo GEC, seg\u00fan aplique\u201d.<\/p>\n<p>Respecto a lo anterior, es importante recordar que la Superintendencia del Medio Ambiente tiene competencias sancionatorias respecto de incumplimientos de medidas establecidas en los Planes y en sus instrucciones. En consecuencia, podr\u00eda iniciar un procedimiento administrativo sancionatorio en contra de quien incumpla; cuyas sanciones van desde la amonestaci\u00f3n por escrito, multa de una a diez mil Unidades Tributarias Anuales (UTA); y hasta la clausura temporal o definitiva, de acuerdo a lo previsto en el art\u00edculo 39 de la Ley Org\u00e1nica de la SMA.<\/p>\n<p>Planes de Prevenci\u00f3n y\/o Descontaminaci\u00f3n Atmosf\u00e9rica de la zona sur que inician el periodo GEC el 1\u00b0 de abril:<\/p>\n<ul>\n<li>PDA Talca y Maule<\/li>\n<li>PDA Valle Central de la Provincia de Curic\u00f3<\/li>\n<li>PPDA Chill\u00e1n y Chill\u00e1n Viejo<\/li>\n<li>PPDA Concepci\u00f3n Metropolitano<\/li>\n<li>PDA Los \u00c1ngeles<\/li>\n<li>PDA Temuco y Padre Las Casas<\/li>\n<li>PDA Valdivia<\/li>\n<li>PDA Osorno<\/li>\n<li>PDA Coyhaique<\/li>\n<\/ul>\n","protected":false},"excerpt":{"rendered":"<p>El 1 de abril comenz\u00f3 el periodo de Gesti\u00f3n de Episodios Cr\u00edticos en la zona sur del pa\u00eds. La notificaci\u00f3n masiva est\u00e1 dirigida a los establecimientos afectos a nueve Planes de Prevenci\u00f3n y\/o Descontaminaci\u00f3n Atmosf\u00e9rica de la zona sur. La Superintendencia del Medio Ambiente (SMA) realiz\u00f3 una notificaci\u00f3n masiva por medio de correos electr\u00f3nicos a 1.105 <a href=\"https:\/\/portal.sma.gob.cl\/index.php\/sma-realizo-notificacion-preventiva-a-mas-de-mil-establecimientos-por-inicio-del-periodo-gec-se-recordo-obligacion-de-catastro-y-reporte-de-emisiones\/\">Leer m\u00e1s<\/a><\/p>\n","protected":false},"author":19,"featured_media":35284,"comment_status":"open","ping_status":"open","sticky":false,"template":"","format":"standard","meta":{"footnotes":""},"categories":[90,107,226,94,283],"tags":[],"class_list":["post-35283","post","type-post","status-publish","format-standard","has-post-thumbnail","hentry","category-comunicados-noticias","category-destacado","category-macrozona-sur","category-notas-noticias","category-sisat"],"_links":{"self":[{"href":"https:\/\/portal.sma.gob.cl\/index.php\/wp-json\/wp\/v2\/posts\/35283","targetHints":{"allow":["GET"]}}],"collection":[{"href":"https:\/\/portal.sma.gob.cl\/index.php\/wp-json\/wp\/v2\/posts"}],"about":[{"href":"https:\/\/portal.sma.gob.cl\/index.php\/wp-json\/wp\/v2\/types\/post"}],"author":[{"embeddable":true,"href":"https:\/\/portal.sma.gob.cl\/index.php\/wp-json\/wp\/v2\/users\/19"}],"replies":[{"embeddable":true,"href":"https:\/\/portal.sma.gob.cl\/index.php\/wp-json\/wp\/v2\/comments?post=35283"}],"version-history":[{"count":3,"href":"https:\/\/portal.sma.gob.cl\/index.php\/wp-json\/wp\/v2\/posts\/35283\/revisions"}],"predecessor-version":[{"id":35287,"href":"https:\/\/portal.sma.gob.cl\/index.php\/wp-json\/wp\/v2\/posts\/35283\/revisions\/35287"}],"wp:featuredmedia":[{"embeddable":true,"href":"https:\/\/portal.sma.gob.cl\/index.php\/wp-json\/wp\/v2\/media\/35284"}],"wp:attachment":[{"href":"https:\/\/portal.sma.gob.cl\/index.php\/wp-json\/wp\/v2\/media?parent=35283"}],"wp:term":[{"taxonomy":"category","embeddable":true,"href":"https:\/\/portal.sma.gob.cl\/index.php\/wp-json\/wp\/v2\/categories?post=35283"},{"taxonomy":"post_tag","embeddable":true,"href":"https:\/\/portal.sma.gob.cl\/index.php\/wp-json\/wp\/v2\/tags?post=35283"}],"curies":[{"name":"wp","href":"https:\/\/api.w.org\/{rel}","templated":true}]}}