{"id":35304,"date":"2025-04-10T16:11:19","date_gmt":"2025-04-10T20:11:19","guid":{"rendered":"https:\/\/portal.sma.gob.cl\/?p=35304"},"modified":"2025-04-10T16:11:19","modified_gmt":"2025-04-10T20:11:19","slug":"superintendenta-marie-claude-plumer-lidero-en-magallanes-encuentro-de-la-red-nacional-de-fiscalizacion-ambiental","status":"publish","type":"post","link":"https:\/\/portal.sma.gob.cl\/index.php\/superintendenta-marie-claude-plumer-lidero-en-magallanes-encuentro-de-la-red-nacional-de-fiscalizacion-ambiental\/","title":{"rendered":"Superintendenta Marie Claude Plumer lider\u00f3 en Magallanes encuentro de la Red Nacional de Fiscalizaci\u00f3n Ambiental"},"content":{"rendered":"<ul>\n<li><strong>Como parte de su visita a Punta Arenas, la Superintendenta sostuvo una reuni\u00f3n con el director nacional del Instituto Ant\u00e1rtico Chileno, del Ministerio de Relaciones Exteriores, a fin de avanzar en l\u00edneas de trabajo conjuntas en el marco de lo establecido en el Estatuto Chileno Ant\u00e1rtico para la protecci\u00f3n ambiental de la Ant\u00e1rtica Chilena. Adem\u00e1s, mantuvo encuentros con autoridades locales y realiz\u00f3 una visita t\u00e9cnica a la planta piloto de combustibles carbono neutral de la empresa HIF Chile.<\/strong><\/li>\n<\/ul>\n<p>Con el objetivo de fortalecer las l\u00edneas de trabajo en la zona, la Superintendenta del Medio Ambiente, Marie Claude Plumer, lleg\u00f3 hasta la Regi\u00f3n de Magallanes y la Ant\u00e1rtica Chilena para participar en distintas actividades y reuniones con autoridades locales. En este marco, uno de los puntos centrales de su visita fue el encuentro con representantes de los distintos servicios p\u00fablicos que conforman la Red Nacional de Fiscalizaci\u00f3n Ambiental (RENFA).<\/p>\n<p>As\u00ed, durante la instancia en la que participaron representantes de 13 organismos, la Superintendenta present\u00f3 una evaluaci\u00f3n del Plan de Trabajo Plurianual correspondiente al per\u00edodo 2017-2023 y abord\u00f3 los principales desaf\u00edos que enfrenta la red a nivel nacional y regional. Por su parte, el jefe de la SMA en Magallanes, Andy Morrison, expuso sobre los casos m\u00e1s relevantes en la regi\u00f3n y el trabajo de fiscalizaci\u00f3n intersectorial desarrollado durante el \u00faltimo a\u00f1o.<\/p>\n<p>De manera adicional, en la jornada se dio a conocer una propuesta para el Plan Plurianual de la RENFA para el periodo entre 2025 y 2027, a fin de recabar comentarios para que puedan ser incorporados en el plan de trabajo definitivo.\u00a0 Posteriormente, se realiz\u00f3 un reconocimiento a miembros de la red, destacando su trayectoria y contribuci\u00f3n con las labores de fiscalizaci\u00f3n.<\/p>\n<p>En la oportunidad, la Superintendenta Plumer destac\u00f3 que \u201cestos encuentros en las regiones son fundamentales para fortalecer no solo el trabajo de fiscalizaci\u00f3n y de respuesta sancionatoria de la SMA, sino adem\u00e1s el trabajo colaborativo de la red, crucial para la atenci\u00f3n de denuncias y contingencias ambientales\u201d. Adem\u00e1s, agreg\u00f3 \u201ccomo Servicio seguiremos propiciando estas instancias en los territorios\u201d.<\/p>\n<p><strong>Agenda en la regi\u00f3n<\/strong><\/p>\n<p>Por otra parte, la Superintendenta sostuvo una reuni\u00f3n con Gino Casassa, Director Nacional del Instituto Chileno Ant\u00e1rtico (INACH), organismo dependiente del Ministerio de Relaciones Exteriores con competencia en todas las materias cient\u00edficas, tecnol\u00f3gicas y de difusi\u00f3n ant\u00e1rticas. En la instancia, se abordaron l\u00edneas de trabajo conjunto entre ambas instituciones, a fin de avanzar en los asuntos establecidos en el marco del Estatuto Chileno Ant\u00e1rtico, el cual tiene dentro de sus objetivos promover la protecci\u00f3n y cuidado del medioambiente ant\u00e1rtico y sus ecosistemas asociados.<\/p>\n<p>Adicionalmente, Plumer lider\u00f3 el gabinete ambiental regional conformado por el seremi del Medio Ambiente de Magallanes, Enrique Rebolledo, el director regional del Servicio de Evaluaci\u00f3n Ambiental (SEA), Jos\u00e9 Luis Riffo, y el jefe regional de la SMA, Andy Morrison. Durante la reuni\u00f3n, las autoridades abordaron los principales asuntos ambientales que afectan a esta zona austral de Chile. A esto se suma, una reuni\u00f3n con el Delegado Presidencial Regional de Magallanes, Jos\u00e9 Ruiz.<\/p>\n<p>Como parte de la agenda, se realiz\u00f3, adem\u00e1s, una visita t\u00e9cnica a la planta \u201cpiloto\u201d Haru Oni de HIF Chile, dedicada a la producci\u00f3n de metanol y gasolina sint\u00e9tica a partir de di\u00f3xido de carbono (CO<sub>2<\/sub>) e hidr\u00f3geno (H<sub>2<\/sub>) del agua, a trav\u00e9s del uso de energ\u00edas renovables.<\/p>\n","protected":false},"excerpt":{"rendered":"<p>Como parte de su visita a Punta Arenas, la Superintendenta sostuvo una reuni\u00f3n con el director nacional del Instituto Ant\u00e1rtico Chileno, del Ministerio de Relaciones Exteriores, a fin de avanzar en l\u00edneas de trabajo conjuntas en el marco de lo establecido en el Estatuto Chileno Ant\u00e1rtico para la protecci\u00f3n ambiental de la Ant\u00e1rtica Chilena. Adem\u00e1s, mantuvo <a href=\"https:\/\/portal.sma.gob.cl\/index.php\/superintendenta-marie-claude-plumer-lidero-en-magallanes-encuentro-de-la-red-nacional-de-fiscalizacion-ambiental\/\">Leer m\u00e1s<\/a><\/p>\n","protected":false},"author":19,"featured_media":35305,"comment_status":"open","ping_status":"open","sticky":false,"template":"","format":"standard","meta":{"footnotes":""},"categories":[90,107,226,94],"tags":[],"class_list":["post-35304","post","type-post","status-publish","format-standard","has-post-thumbnail","hentry","category-comunicados-noticias","category-destacado","category-macrozona-sur","category-notas-noticias"],"_links":{"self":[{"href":"https:\/\/portal.sma.gob.cl\/index.php\/wp-json\/wp\/v2\/posts\/35304","targetHints":{"allow":["GET"]}}],"collection":[{"href":"https:\/\/portal.sma.gob.cl\/index.php\/wp-json\/wp\/v2\/posts"}],"about":[{"href":"https:\/\/portal.sma.gob.cl\/index.php\/wp-json\/wp\/v2\/types\/post"}],"author":[{"embeddable":true,"href":"https:\/\/portal.sma.gob.cl\/index.php\/wp-json\/wp\/v2\/users\/19"}],"replies":[{"embeddable":true,"href":"https:\/\/portal.sma.gob.cl\/index.php\/wp-json\/wp\/v2\/comments?post=35304"}],"version-history":[{"count":1,"href":"https:\/\/portal.sma.gob.cl\/index.php\/wp-json\/wp\/v2\/posts\/35304\/revisions"}],"predecessor-version":[{"id":35309,"href":"https:\/\/portal.sma.gob.cl\/index.php\/wp-json\/wp\/v2\/posts\/35304\/revisions\/35309"}],"wp:featuredmedia":[{"embeddable":true,"href":"https:\/\/portal.sma.gob.cl\/index.php\/wp-json\/wp\/v2\/media\/35305"}],"wp:attachment":[{"href":"https:\/\/portal.sma.gob.cl\/index.php\/wp-json\/wp\/v2\/media?parent=35304"}],"wp:term":[{"taxonomy":"category","embeddable":true,"href":"https:\/\/portal.sma.gob.cl\/index.php\/wp-json\/wp\/v2\/categories?post=35304"},{"taxonomy":"post_tag","embeddable":true,"href":"https:\/\/portal.sma.gob.cl\/index.php\/wp-json\/wp\/v2\/tags?post=35304"}],"curies":[{"name":"wp","href":"https:\/\/api.w.org\/{rel}","templated":true}]}}