{"id":35310,"date":"2025-04-14T12:03:05","date_gmt":"2025-04-14T16:03:05","guid":{"rendered":"https:\/\/portal.sma.gob.cl\/?p=35310"},"modified":"2025-04-14T12:13:55","modified_gmt":"2025-04-14T16:13:55","slug":"sma-inicia-procedimiento-de-requerimiento-de-ingreso-al-seia-contra-titular-de-proyecto-loteo-costa-cristal","status":"publish","type":"post","link":"https:\/\/portal.sma.gob.cl\/index.php\/sma-inicia-procedimiento-de-requerimiento-de-ingreso-al-seia-contra-titular-de-proyecto-loteo-costa-cristal\/","title":{"rendered":"SMA inicia procedimiento de requerimiento de ingreso al SEIA contra titular del proyecto Loteo Costa Cristal"},"content":{"rendered":"<p><strong>De acuerdo a la Superintendencia del Medio Ambiente, existen antecedentes para sostener que el proyecto de desarrollo urbano podr\u00eda requerir ingresar al Sistema de Evaluaci\u00f3n Ambiental, debido, entre otras razones, a que se encuentra emplazado dentro del \u00e1rea de protecci\u00f3n oficial Zona de Inter\u00e9s Tur\u00edstico \u201cChelenko\u201d. <\/strong><\/p>\n<p>La Superintendencia del Medio Ambiente (SMA) inici\u00f3 un procedimiento de requerimiento de ingreso al Sistema de Evaluaci\u00f3n de Impacto Ambiental (SEIA) al proyecto \u201cLoteo Costa Cristal\u201d de la empresa Costa Cristal Spa, ubicado en la comuna de R\u00edo Ib\u00e1\u00f1ez, en la regi\u00f3n de Ays\u00e9n. Esto, debido a que el proyecto no cuenta con Resoluci\u00f3n de Calificaci\u00f3n Ambiental (RCA), a pesar de contemplar la subdivisi\u00f3n de 212 parcelas -de igual o mayor tama\u00f1o a 0,5 hect\u00e1reas-, incluyendo obras de urbanizaci\u00f3n con fines habitacionales.<\/p>\n<p>Respecto de este caso, la SMA realiz\u00f3 un requerimiento de informaci\u00f3n al titular, adem\u00e1s de solicitar informaci\u00f3n al Servicio Nacional de Turismo de Ays\u00e9n y al Consejo de Monumentos Nacionales.<\/p>\n<p>De esta forma, a partir de las actividades de fiscalizaci\u00f3n realizadas, la Superintendencia pudo constatar que, adem\u00e1s de las parcelas mencionadas, el proyecto contempla un loteo adicional de 1,21 hect\u00e1reas destinado a servidumbres de acceso al Lago General Carrera y caminos interiores. A esto se suma, que la ubicaci\u00f3n aislada de los predios y la ausencia de oferta de alojamiento cercano, hacen razonable proyectar la construcci\u00f3n de viviendas, lo que implicar\u00eda la eventual urbanizaci\u00f3n del terreno.<\/p>\n<p>Asimismo, se identific\u00f3 que el proyecto se ubica dentro del \u00e1rea de protecci\u00f3n oficial Zona de Inter\u00e9s Tur\u00edstico \u201cChelenko\u201d, por lo que la magnitud, duraci\u00f3n y caracter\u00edsticas del proyecto podr\u00edan generar impactos sobre una zona de alto valor ambiental, tur\u00edstico y paisaj\u00edstico.<\/p>\n<p>El Jefe de la Oficina Regional de Ays\u00e9n, \u00d3scar Leal, explic\u00f3 que \u201cse trata de un proyecto de desarrollo urbano, ubicado en una zona no incluida en un plan evaluado estrat\u00e9gicamente, que contempla m\u00e1s de 80 viviendas y que adem\u00e1s se emplaza dentro de un \u00e1rea de protecci\u00f3n ambiental de la regi\u00f3n. Por estas razones, el proyecto se enmarcar\u00eda en una causal de ingreso al Sistema de Evaluaci\u00f3n de Impacto Ambiental\u201d.<\/p>\n<p>Cabe se\u00f1alar, que este procedimiento pretende recabar antecedentes que permitan determinar si corresponde o no exigir el ingreso a evaluaci\u00f3n ambiental.<\/p>\n<p>Actualmente, el titular tiene un plazo de 15 d\u00edas h\u00e1biles desde la fecha en que fue notificado, para hacer valer las observaciones, alegaciones, o pruebas, que estime pertinentes frente a la hip\u00f3tesis de elusi\u00f3n al SEIA.<\/p>\n<p>M\u00e1s informaci\u00f3n en el Sistema Nacional de Informaci\u00f3n de Fiscalizaci\u00f3n Ambiental <a href=\"https:\/\/snifa.sma.gob.cl\/RequerimientoIngreso\/Ficha\/222\">(SNIFA).<\/a><\/p>\n","protected":false},"excerpt":{"rendered":"<p>De acuerdo a la Superintendencia del Medio Ambiente, existen antecedentes para sostener que el proyecto de desarrollo urbano podr\u00eda requerir ingresar al Sistema de Evaluaci\u00f3n Ambiental, debido, entre otras razones, a que se encuentra emplazado dentro del \u00e1rea de protecci\u00f3n oficial Zona de Inter\u00e9s Tur\u00edstico \u201cChelenko\u201d. La Superintendencia del Medio Ambiente (SMA) inici\u00f3 un procedimiento de <a href=\"https:\/\/portal.sma.gob.cl\/index.php\/sma-inicia-procedimiento-de-requerimiento-de-ingreso-al-seia-contra-titular-de-proyecto-loteo-costa-cristal\/\">Leer m\u00e1s<\/a><\/p>\n","protected":false},"author":19,"featured_media":35311,"comment_status":"open","ping_status":"open","sticky":false,"template":"","format":"standard","meta":{"footnotes":""},"categories":[90,107,226,94],"tags":[],"class_list":["post-35310","post","type-post","status-publish","format-standard","has-post-thumbnail","hentry","category-comunicados-noticias","category-destacado","category-macrozona-sur","category-notas-noticias"],"_links":{"self":[{"href":"https:\/\/portal.sma.gob.cl\/index.php\/wp-json\/wp\/v2\/posts\/35310","targetHints":{"allow":["GET"]}}],"collection":[{"href":"https:\/\/portal.sma.gob.cl\/index.php\/wp-json\/wp\/v2\/posts"}],"about":[{"href":"https:\/\/portal.sma.gob.cl\/index.php\/wp-json\/wp\/v2\/types\/post"}],"author":[{"embeddable":true,"href":"https:\/\/portal.sma.gob.cl\/index.php\/wp-json\/wp\/v2\/users\/19"}],"replies":[{"embeddable":true,"href":"https:\/\/portal.sma.gob.cl\/index.php\/wp-json\/wp\/v2\/comments?post=35310"}],"version-history":[{"count":2,"href":"https:\/\/portal.sma.gob.cl\/index.php\/wp-json\/wp\/v2\/posts\/35310\/revisions"}],"predecessor-version":[{"id":35313,"href":"https:\/\/portal.sma.gob.cl\/index.php\/wp-json\/wp\/v2\/posts\/35310\/revisions\/35313"}],"wp:featuredmedia":[{"embeddable":true,"href":"https:\/\/portal.sma.gob.cl\/index.php\/wp-json\/wp\/v2\/media\/35311"}],"wp:attachment":[{"href":"https:\/\/portal.sma.gob.cl\/index.php\/wp-json\/wp\/v2\/media?parent=35310"}],"wp:term":[{"taxonomy":"category","embeddable":true,"href":"https:\/\/portal.sma.gob.cl\/index.php\/wp-json\/wp\/v2\/categories?post=35310"},{"taxonomy":"post_tag","embeddable":true,"href":"https:\/\/portal.sma.gob.cl\/index.php\/wp-json\/wp\/v2\/tags?post=35310"}],"curies":[{"name":"wp","href":"https:\/\/api.w.org\/{rel}","templated":true}]}}