{"id":35320,"date":"2025-04-15T10:54:17","date_gmt":"2025-04-15T14:54:17","guid":{"rendered":"https:\/\/portal.sma.gob.cl\/?p=35320"},"modified":"2025-04-15T12:55:45","modified_gmt":"2025-04-15T16:55:45","slug":"sma-ordena-clausura-total-y-definitiva-del-vertedero-ilegal-que-opera-en-humedal-vasco-da-gama","status":"publish","type":"post","link":"https:\/\/portal.sma.gob.cl\/index.php\/sma-ordena-clausura-total-y-definitiva-del-vertedero-ilegal-que-opera-en-humedal-vasco-da-gama\/","title":{"rendered":"SMA ordena clausura total y definitiva del vertedero ilegal que opera en humedal Vasco Da Gama"},"content":{"rendered":"<ul>\n<li><strong>En el marco de su investigaci\u00f3n, la Superintendencia confirm\u00f3 los dos cargos que fueron formulados contra el vertedero por operar sin autorizaci\u00f3n ambiental y no cumplir con las medidas provisionales dictadas en su contra.<\/strong><\/li>\n<\/ul>\n<p>La Superintendencia del Medio Ambiente (SMA) finaliz\u00f3 su investigaci\u00f3n contra el vertedero ilegal que operaba en el Humedal Vasco de Gama, ubicado en la comuna de Hualp\u00e9n, regi\u00f3n del Biob\u00edo, ordenando su clausura total y definitiva, adem\u00e1s del pago de una multa total de 2,3 UTA.<\/p>\n<p>El proyecto, del titular Heraldo Parra Pincheira, consiste en la operaci\u00f3n y mantenci\u00f3n de un vertedero ilegal donde se disponen residuos de distintos tipos, especialmente s\u00f3lidos no peligrosos y peligrosos, principalmente escombros de construcci\u00f3n. Para esto, adem\u00e1s, se realizan actividades de relleno de material de \u00e1ridos.<\/p>\n<p>La sanci\u00f3n fue ordenada, luego de que la Superintendencia confirmara los dos cargos que fueron formulados contra el vertedero en mayo de 2023. El primer cargo, consiste en ejecutar, sin contar con la Resoluci\u00f3n de Calificaci\u00f3n Ambiental (RCA) que lo autorice, un proyecto de relleno y disposici\u00f3n de residuos s\u00f3lidos dentro de un humedal declarado Sitio Prioritario para la Conservaci\u00f3n de la Biodiversidad, generando alteraciones f\u00edsicas y qu\u00edmicas en el mismo.<\/p>\n<p>El segundo cargo se\u00f1ala que el titular no cumpli\u00f3 con las medidas provisionales dictadas por la Superintendencia durante la etapa previa al procedimiento sancionatorio, persistiendo en la intervenci\u00f3n e incluso ampliando la superficie del humedal afectada.<\/p>\n<p>Lo anterior, ha provocado da\u00f1o ambiental en el Humedal Vasco Da Gama, causando la p\u00e9rdida de suelos, la desaparici\u00f3n del sustrato org\u00e1nico-inorg\u00e1nico, alteraciones en el patr\u00f3n h\u00eddrico y la cobertura de especies vegetales. Esto ha afectado el h\u00e1bitat de al menos veinte especies de fauna en conservaci\u00f3n, seis de ellas end\u00e9micas y de baja movilidad.<\/p>\n<p>El caso se origin\u00f3 a partir de una serie de denuncias presentadas en 2020, que motivaron la realizaci\u00f3n de diversas inspecciones ambientales entre 2020 y 2022.<\/p>\n<p>En este contexto, la Superintendenta Marie Claude Plumer explic\u00f3 que <em>\u201clas acciones realizadas por el titular generaron un da\u00f1o significativo en un humedal urbano de alto valor, generando la p\u00e9rdida de servicios ecosist\u00e9micos y\u00a0 biodiversidad del sector. Adem\u00e1s, se constat\u00f3 el incumplimiento total de las medidas provisionales instruidas por la SMA, lo que agrava a\u00fan m\u00e1s la situaci\u00f3n y justifica la sanci\u00f3n de clausura total y definitiva del vertedero.\u201d<\/em><\/p>\n<p><strong>Antecedentes del caso<\/strong><\/p>\n<p>El 10 de abril de 2023, la Superintendencia del Medio Ambiente dict\u00f3 medidas provisionales pre-procedimentales contra el titular del vertedero, debido al riesgo inminente que sus actividades representaban para el humedal cercano. Se prohibi\u00f3 la recepci\u00f3n de desechos en el humedal y su zona circundante, y se exigi\u00f3 la presentaci\u00f3n de un proyecto para retirar los residuos ya existentes.<\/p>\n<p>Posteriormente, el 8 de mayo de 2023, la SMA inici\u00f3 un procedimiento sancionatorio con la formulaci\u00f3n de dos cargos graves: uno por ejecutar un proyecto sin Resoluci\u00f3n de Calificaci\u00f3n Ambiental (RCA), y otro por incumplir las medidas provisionales dictadas en abril. Al titular se le otorgaron 10 d\u00edas h\u00e1biles para presentar un Programa de Cumplimiento y 15 para formular descargos, plazos dentro de los cuales no realiz\u00f3 ninguna presentaci\u00f3n.<\/p>\n<p>El 8 de febrero de 2024, la SMA orden\u00f3 la detenci\u00f3n del funcionamiento del vertedero y de toda actividad, incluyendo el ingreso de residuos, por 30 d\u00edas corridos. En tanto, el 13 de marzo, tras constatar nuevos sitios de acopio y dep\u00f3sitos de escombros en el sector poniente y sur del humedal, se orden\u00f3 la clausura temporal y total de las actividades por otros 30 d\u00edas. Esta medida fue renovada el 11 de abril y el 23 de mayo de 2024, tras comprobar que persist\u00edan los acopios ilegales de residuos y partes de veh\u00edculos.<\/p>\n<p><strong>Humedal Vasco da Gama<\/strong><\/p>\n<p>El Humedal Vasco da Gama forma parte de la red de humedales del Sitio Prioritario Rocuant-Andali\u00e9n\u2013Vasco da Gama\u2013Paicav\u00ed Tucapel, y fue oficialmente reconocido como \u201cHumedal Urbano Vasco da Gama \u2013 Chimalfe\u201d en septiembre de 2024. Cuenta con una superficie aproximada de 74,84 hect\u00e1reas, se ubica dentro del l\u00edmite urbano de la comuna de Hualp\u00e9n, en la Regi\u00f3n del Biob\u00edo.<\/p>\n<p>El humedal forma parte de un corredor biol\u00f3gico donde se ha registrado la presencia de fauna silvestre en categor\u00eda de conservaci\u00f3n, como la lagartija de Schr\u00f6eder, la rana arunco y la rana chilena, todas clasificadas como vulnerables. Asimismo, se han identificado especies casi amenazadas, como el sapo de cuatro ojos, la rana de antifaz y el cuervo de pantano, este \u00faltimo considerado poco com\u00fan en el pa\u00eds.<\/p>\n<p>M\u00e1s informaci\u00f3n en el\u00a0<strong>Sistema Nacional de Informaci\u00f3n de Fiscalizaci\u00f3n Ambiental <a href=\"https:\/\/snifa.sma.gob.cl\/Sancionatorio\/Ficha\/3305\">(SNIFA).\u00a0<\/a><\/strong><\/p>\n","protected":false},"excerpt":{"rendered":"<p>En el marco de su investigaci\u00f3n, la Superintendencia confirm\u00f3 los dos cargos que fueron formulados contra el vertedero por operar sin autorizaci\u00f3n ambiental y no cumplir con las medidas provisionales dictadas en su contra. La Superintendencia del Medio Ambiente (SMA) finaliz\u00f3 su investigaci\u00f3n contra el vertedero ilegal que operaba en el Humedal Vasco de Gama, ubicado <a href=\"https:\/\/portal.sma.gob.cl\/index.php\/sma-ordena-clausura-total-y-definitiva-del-vertedero-ilegal-que-opera-en-humedal-vasco-da-gama\/\">Leer m\u00e1s<\/a><\/p>\n","protected":false},"author":19,"featured_media":35321,"comment_status":"open","ping_status":"open","sticky":false,"template":"","format":"standard","meta":{"footnotes":""},"categories":[90,107,226,94],"tags":[],"class_list":["post-35320","post","type-post","status-publish","format-standard","has-post-thumbnail","hentry","category-comunicados-noticias","category-destacado","category-macrozona-sur","category-notas-noticias"],"_links":{"self":[{"href":"https:\/\/portal.sma.gob.cl\/index.php\/wp-json\/wp\/v2\/posts\/35320","targetHints":{"allow":["GET"]}}],"collection":[{"href":"https:\/\/portal.sma.gob.cl\/index.php\/wp-json\/wp\/v2\/posts"}],"about":[{"href":"https:\/\/portal.sma.gob.cl\/index.php\/wp-json\/wp\/v2\/types\/post"}],"author":[{"embeddable":true,"href":"https:\/\/portal.sma.gob.cl\/index.php\/wp-json\/wp\/v2\/users\/19"}],"replies":[{"embeddable":true,"href":"https:\/\/portal.sma.gob.cl\/index.php\/wp-json\/wp\/v2\/comments?post=35320"}],"version-history":[{"count":2,"href":"https:\/\/portal.sma.gob.cl\/index.php\/wp-json\/wp\/v2\/posts\/35320\/revisions"}],"predecessor-version":[{"id":35325,"href":"https:\/\/portal.sma.gob.cl\/index.php\/wp-json\/wp\/v2\/posts\/35320\/revisions\/35325"}],"wp:featuredmedia":[{"embeddable":true,"href":"https:\/\/portal.sma.gob.cl\/index.php\/wp-json\/wp\/v2\/media\/35321"}],"wp:attachment":[{"href":"https:\/\/portal.sma.gob.cl\/index.php\/wp-json\/wp\/v2\/media?parent=35320"}],"wp:term":[{"taxonomy":"category","embeddable":true,"href":"https:\/\/portal.sma.gob.cl\/index.php\/wp-json\/wp\/v2\/categories?post=35320"},{"taxonomy":"post_tag","embeddable":true,"href":"https:\/\/portal.sma.gob.cl\/index.php\/wp-json\/wp\/v2\/tags?post=35320"}],"curies":[{"name":"wp","href":"https:\/\/api.w.org\/{rel}","templated":true}]}}