{"id":35348,"date":"2025-04-21T09:17:27","date_gmt":"2025-04-21T13:17:27","guid":{"rendered":"https:\/\/portal.sma.gob.cl\/?p=35348"},"modified":"2025-04-21T09:17:27","modified_gmt":"2025-04-21T13:17:27","slug":"maule-sma-inicia-requerimiento-de-ingreso-al-seia-contra-titular-del-proyecto-inmobiliario-loteo-entre-parques","status":"publish","type":"post","link":"https:\/\/portal.sma.gob.cl\/index.php\/maule-sma-inicia-requerimiento-de-ingreso-al-seia-contra-titular-del-proyecto-inmobiliario-loteo-entre-parques\/","title":{"rendered":"Maule: SMA inicia requerimiento de ingreso al SEIA contra titular del proyecto inmobiliario Loteo Entre Parques"},"content":{"rendered":"<ul>\n<li><strong>El proyecto de desarrollo urbano considera un total de 113 parcelas y se encuentra emplazado entre dos \u00e1reas protegidas, el Parque Nacional Radal Siete Tazas y la Reserva Nacional Altos de Lircay.<\/strong><\/li>\n<\/ul>\n<p>La Superintendencia del Medio Ambiente (SMA) inici\u00f3 un procedimiento de requerimiento de ingreso al Sistema de Evaluaci\u00f3n de Impacto Ambiental (SEIA) respecto al proyecto Loteo Entre Parques, ubicado en el Sector Altos de Lircay, comuna de San Clemente, perteneciente al titular Inmobiliaria el Guanaco.<\/p>\n<p>Lo anterior considerando que el proyecto no cuenta con Resoluci\u00f3n de Calificaci\u00f3n Ambiental (RCA) pese a tratarse de un desarrollo urbano emplazado en una zona no comprendida en un plan evaluado estrat\u00e9gicamente, que contempla un conjunto habitacional superior a 80 viviendas, las cuales incluir\u00edan obras de urbanizaci\u00f3n.<\/p>\n<p>Es importante se\u00f1alar que este procedimiento pretende recabar antecedentes que permitan a la Superintendencia determinar si corresponde o no exigir al proyecto el ingreso a evaluaci\u00f3n ambiental.<\/p>\n<p>El proyecto, emplazado entre dos \u00e1reas declaradas bajo protecci\u00f3n oficial -el Parque Nacional Radal Siete Tazas y la Reserva Nacional Altos de Lircay-consiste en un desarrollo inmobiliario que considera un total de 113 parcelas, y que contempla obras de edificaci\u00f3n y urbanizaci\u00f3n.<\/p>\n<p>El origen del caso se remonta a la recepci\u00f3n de una denuncia en la que se solicita investigar el proyecto por una posible elusi\u00f3n al SEIA, argumentando que el desarrollo inmobiliario contemplar\u00eda m\u00e1s de 5.000 hect\u00e1reas de superficie y 1.200 hect\u00e1reas de bosque nativo.<\/p>\n<p>En este contexto, la SMA realiz\u00f3 actividades de fiscalizaci\u00f3n ambiental, a trav\u00e9s de las cuales pudo constatar que el proyecto se emplaza en un predio de 157 hect\u00e1reas, subdividido en 125 unidades, correspondiendo 113 a lotes y 12 a caminos, colindando con los parques mencionados.<\/p>\n<p>Con estos antecedentes, la Superintendencia\u00a0tienen indicios suficientes para iniciar un procedimiento de requerimiento de ingreso al SEIA, el cual tiene como objetivo recabar antecedentes que permitan determinar si corresponde o no exigir el ingreso a evaluaci\u00f3n ambiental.<\/p>\n<p>La jefa regional de la SMA en Maule, Mariela Valenzuela, destac\u00f3 que \u201cel Loteo Entre Parques cumplir\u00eda con una de las causales de ingreso al SEIA, al tratarse de un proyecto de desarrollo urbano que contempla la construcci\u00f3n de m\u00e1s de 80 viviendas y que se emplaza entre dos parques protegidos de gran relevancia ambiental y tur\u00edstica para la regi\u00f3n\u201d.<\/p>\n<p>Actualmente, el titular cuenta con un plazo de 15 d\u00edas h\u00e1biles desde la fecha en que fue notificado, para hacer valer las observaciones, alegaciones, o pruebas, que estime pertinentes frente a la hip\u00f3tesis de elusi\u00f3n al SEIA.<\/p>\n<p>M\u00e1s informaci\u00f3n en el Sistema Nacional de Informaci\u00f3n de Fiscalizaci\u00f3n Ambiental <a href=\"https:\/\/snifa.sma.gob.cl\/RequerimientoIngreso\/Ficha\/224\">(SNIFA).\u00a0<\/a><\/p>\n","protected":false},"excerpt":{"rendered":"<p>El proyecto de desarrollo urbano considera un total de 113 parcelas y se encuentra emplazado entre dos \u00e1reas protegidas, el Parque Nacional Radal Siete Tazas y la Reserva Nacional Altos de Lircay. La Superintendencia del Medio Ambiente (SMA) inici\u00f3 un procedimiento de requerimiento de ingreso al Sistema de Evaluaci\u00f3n de Impacto Ambiental (SEIA) respecto al proyecto <a href=\"https:\/\/portal.sma.gob.cl\/index.php\/maule-sma-inicia-requerimiento-de-ingreso-al-seia-contra-titular-del-proyecto-inmobiliario-loteo-entre-parques\/\">Leer m\u00e1s<\/a><\/p>\n","protected":false},"author":19,"featured_media":35349,"comment_status":"open","ping_status":"open","sticky":false,"template":"","format":"standard","meta":{"footnotes":""},"categories":[90,107,226,94],"tags":[],"class_list":["post-35348","post","type-post","status-publish","format-standard","has-post-thumbnail","hentry","category-comunicados-noticias","category-destacado","category-macrozona-sur","category-notas-noticias"],"_links":{"self":[{"href":"https:\/\/portal.sma.gob.cl\/index.php\/wp-json\/wp\/v2\/posts\/35348","targetHints":{"allow":["GET"]}}],"collection":[{"href":"https:\/\/portal.sma.gob.cl\/index.php\/wp-json\/wp\/v2\/posts"}],"about":[{"href":"https:\/\/portal.sma.gob.cl\/index.php\/wp-json\/wp\/v2\/types\/post"}],"author":[{"embeddable":true,"href":"https:\/\/portal.sma.gob.cl\/index.php\/wp-json\/wp\/v2\/users\/19"}],"replies":[{"embeddable":true,"href":"https:\/\/portal.sma.gob.cl\/index.php\/wp-json\/wp\/v2\/comments?post=35348"}],"version-history":[{"count":1,"href":"https:\/\/portal.sma.gob.cl\/index.php\/wp-json\/wp\/v2\/posts\/35348\/revisions"}],"predecessor-version":[{"id":35350,"href":"https:\/\/portal.sma.gob.cl\/index.php\/wp-json\/wp\/v2\/posts\/35348\/revisions\/35350"}],"wp:featuredmedia":[{"embeddable":true,"href":"https:\/\/portal.sma.gob.cl\/index.php\/wp-json\/wp\/v2\/media\/35349"}],"wp:attachment":[{"href":"https:\/\/portal.sma.gob.cl\/index.php\/wp-json\/wp\/v2\/media?parent=35348"}],"wp:term":[{"taxonomy":"category","embeddable":true,"href":"https:\/\/portal.sma.gob.cl\/index.php\/wp-json\/wp\/v2\/categories?post=35348"},{"taxonomy":"post_tag","embeddable":true,"href":"https:\/\/portal.sma.gob.cl\/index.php\/wp-json\/wp\/v2\/tags?post=35348"}],"curies":[{"name":"wp","href":"https:\/\/api.w.org\/{rel}","templated":true}]}}