{"id":35368,"date":"2025-04-22T18:44:46","date_gmt":"2025-04-22T22:44:46","guid":{"rendered":"https:\/\/portal.sma.gob.cl\/?p=35368"},"modified":"2025-04-23T08:29:43","modified_gmt":"2025-04-23T12:29:43","slug":"tercer-tribunal-ambiental-confirma-sancion-de-la-sma-contra-grupo-de-empresas-que-fraccionaron-proyecto-de-aridos-eludiendo-el-seia","status":"publish","type":"post","link":"https:\/\/portal.sma.gob.cl\/index.php\/tercer-tribunal-ambiental-confirma-sancion-de-la-sma-contra-grupo-de-empresas-que-fraccionaron-proyecto-de-aridos-eludiendo-el-seia\/","title":{"rendered":"Tercer Tribunal Ambiental confirma sanci\u00f3n de la SMA contra grupo de empresas que fraccionaron proyecto de \u00e1ridos eludiendo el SEIA"},"content":{"rendered":"<ul>\n<li data-leveltext=\"\uf0b7\" data-font=\"Symbol\" data-listid=\"1\" data-list-defn-props=\"{&quot;335552541&quot;:1,&quot;335559685&quot;:720,&quot;335559991&quot;:360,&quot;469769226&quot;:&quot;Symbol&quot;,&quot;469769242&quot;:[8226],&quot;469777803&quot;:&quot;left&quot;,&quot;469777804&quot;:&quot;\uf0b7&quot;,&quot;469777815&quot;:&quot;hybridMultilevel&quot;}\" aria-setsize=\"-1\" data-aria-posinset=\"1\" data-aria-level=\"1\"><span data-contrast=\"auto\">En 2022, la Superintendencia del Medio Ambiente <\/span><span data-contrast=\"auto\">sancion<\/span><span data-contrast=\"auto\">\u00f3 <\/span><span data-contrast=\"auto\">a seis titulares por el fraccionamiento de un proyecto de extracci\u00f3n de \u00e1ridos de dimensiones industriales ubicado en la comuna de Villarrica, Regi\u00f3n de La Araucan\u00eda, eludiendo el Sistema de Evaluaci\u00f3n de Impacto Ambiental. La resoluci\u00f3n de la SMA fue reclamada ante el tribunal por parte de los titulares.\u00a0<\/span><span data-ccp-props=\"{&quot;335551550&quot;:6,&quot;335551620&quot;:6}\">\u00a0<\/span><\/li>\n<\/ul>\n<p><span data-contrast=\"auto\">El Tercer Tribunal Ambiental dict\u00f3 sentencia en el marco de las reclamaciones presentadas <\/span><span data-contrast=\"auto\">en contra de la resoluci\u00f3n de la SMA que sancion<\/span><span data-contrast=\"auto\">\u00f3 <\/span><span data-contrast=\"auto\">a cinco empresas y una persona natural por <\/span><span data-contrast=\"auto\">la infracci\u00f3n de fraccionamiento en el proyecto \u00c1ridos Putu\u00e9, ubicado en la comuna de Villarrica, Regi\u00f3n de La Araucan\u00eda, con el fin de eludir el Sistema de Evaluaci\u00f3n de Impacto Ambiental (SEIA).\u00a0<\/span><span data-ccp-props=\"{&quot;335551550&quot;:6,&quot;335551620&quot;:6}\">\u00a0<\/span><\/p>\n<p><span data-contrast=\"auto\">De esta forma, y tras la revisi\u00f3n de los antecedentes presentados en la acci\u00f3n legal, el tribunal resolvi\u00f3 rechazar en todas sus partes las reclamaciones interpuestas por las empresas y acoger <\/span><span data-contrast=\"auto\">la reclamaci\u00f3n de Rub\u00e9n Rosas Alarc\u00f3n, <\/span><span data-contrast=\"auto\">representante legal de l<\/span><span data-contrast=\"auto\">as empresas<\/span><span data-contrast=\"auto\">.\u00a0<\/span><span data-ccp-props=\"{&quot;335551550&quot;:6,&quot;335551620&quot;:6}\">\u00a0<\/span><\/p>\n<p><span data-contrast=\"auto\">De acuerdo al tribunal, en este caso se cumplen los tres elementos <\/span><span data-contrast=\"auto\">d<\/span><span data-contrast=\"auto\">e<\/span> <span data-contrast=\"auto\">l<\/span><span data-contrast=\"auto\">a infracci\u00f3n de<\/span><span data-contrast=\"auto\"> fraccionamiento de<\/span><span data-contrast=\"auto\"> un<\/span><span data-contrast=\"auto\"> proyecto<\/span><span data-contrast=\"auto\">: <\/span><span data-contrast=\"auto\">la divisi\u00f3n de la misma unidad <\/span><span data-contrast=\"auto\">de proyecto<\/span><span data-contrast=\"auto\">, <\/span><span data-contrast=\"auto\">la intencionalidad de <\/span><span data-contrast=\"auto\">las acciones y <\/span><span data-contrast=\"none\">la finalidad de evitar la evaluaci\u00f3n ambiental o variar la v\u00eda de ingreso al SEIA<\/span><span data-contrast=\"auto\">.\u00a0<\/span><span data-ccp-props=\"{&quot;335551550&quot;:6,&quot;335551620&quot;:6}\">\u00a0<\/span><\/p>\n<p><span data-contrast=\"auto\">El Tribunal destaca<\/span><span data-contrast=\"auto\"> que <\/span><span data-contrast=\"auto\">las diversas presentaciones ante el Servicio de Evaluaci\u00f3n Ambiental (SEA) realizadas por distintas razones sociales -vinculadas por un mismo representante legal- <\/span><span data-contrast=\"auto\">permiti<\/span><span data-contrast=\"auto\">en<\/span><span data-contrast=\"auto\"> acreditar que existi\u00f3 una instrumentalizaci\u00f3n de la normativa<\/span><span data-contrast=\"auto\"> para evitar <\/span><span data-contrast=\"auto\">someter el proyecto al SEIA<\/span><span data-contrast=\"auto\">.<\/span><span data-ccp-props=\"{&quot;335551550&quot;:6,&quot;335551620&quot;:6}\">\u00a0<\/span><\/p>\n<p><span data-contrast=\"auto\">La sentencia tambi\u00e9n confirma que las empresas fueron <\/span><span data-contrast=\"auto\">coautor<\/span><span data-contrast=\"auto\">as de la infracci\u00f3n, ya que todas <\/span><span data-contrast=\"auto\">contribuyeron <\/span><span data-contrast=\"auto\">en <\/span><span data-contrast=\"auto\">su <\/span><span data-contrast=\"auto\">consumaci\u00f3n<\/span><span data-contrast=\"auto\">, <\/span><span data-contrast=\"auto\">algunas <\/span><span data-contrast=\"auto\">presentando consultas de pertinencia, haciendo parecer que las actividades extractivas eran unidades separadas para evitar la configuraci\u00f3n de la causal de ingreso obligatoria al SEIA, <\/span><span data-contrast=\"auto\">otras extrajeron \u00e1ridos y otra present\u00f3 una DIA de regularizaci\u00f3n, pero como un proyecto nuevo. <\/span><span data-contrast=\"auto\">L<\/span><span data-contrast=\"auto\">a sentencia<\/span> <span data-contrast=\"auto\">acoge la reclamaci\u00f3n interpuesta por <\/span><span data-contrast=\"auto\">la persona natural sancionada<\/span><span data-contrast=\"auto\">, porque no existen antecedentes que evidencien su participaci\u00f3n directa<\/span><span data-contrast=\"auto\"> en los hechos.<\/span><span data-ccp-props=\"{&quot;134233117&quot;:false,&quot;134233118&quot;:false,&quot;201341983&quot;:0,&quot;335551550&quot;:6,&quot;335551620&quot;:6,&quot;335559685&quot;:0,&quot;335559737&quot;:0,&quot;335559738&quot;:0,&quot;335559739&quot;:160,&quot;335559740&quot;:278}\">\u00a0<\/span><\/p>\n<p><span data-contrast=\"auto\">De esta forma, <\/span><span data-contrast=\"auto\">la sentencia <\/span><span data-contrast=\"auto\">confirma <\/span><span data-contrast=\"auto\">la <\/span><span data-contrast=\"auto\">legalidad de las sanciones que la SMA impuso a las empresas Inmobiliaria Mediterr\u00e1neo Ltda., Constructora <\/span><span data-contrast=\"auto\">Donimo<\/span><span data-contrast=\"auto\"> Ltda., Const<\/span><span data-contrast=\"auto\">ructor<\/span><span data-contrast=\"auto\">a y \u00c1ridos <\/span><span data-contrast=\"auto\">Donimo<\/span><span data-contrast=\"auto\"> SpA, Transportes Rub\u00e9n Rosas Alarc\u00f3n EIRL y Sociedad Productora de \u00c1ridos SpA.<\/span><span data-ccp-props=\"{&quot;335551550&quot;:6,&quot;335551620&quot;:6}\">\u00a0<\/span><\/p>\n<p><a href=\"https:\/\/portal.sma.gob.cl\/index.php\/download\/sentencia-definitiva\/?wpdmdl=35372&amp;masterkey=h3z4Ip3zAvfa8T7GdbVdtoKpGocL7GYE-dRe-fjCFZRejPa4X9YVrOV0DvPytBu3bXw_JDEYuAmq_PgL7TOjRxV3AA_NvDn-JYprW1cdi_A\"><span lang=\"ES\" data-olk-copy-source=\"MessageBody\">Revisa el fallo en este enlace.<\/span><\/a><\/p>\n","protected":false},"excerpt":{"rendered":"<p>En 2022, la Superintendencia del Medio Ambiente sancion\u00f3 a seis titulares por el fraccionamiento de un proyecto de extracci\u00f3n de \u00e1ridos de dimensiones industriales ubicado en la comuna de Villarrica, Regi\u00f3n de La Araucan\u00eda, eludiendo el Sistema de Evaluaci\u00f3n de Impacto Ambiental. La resoluci\u00f3n de la SMA fue reclamada ante el tribunal por parte de los <a href=\"https:\/\/portal.sma.gob.cl\/index.php\/tercer-tribunal-ambiental-confirma-sancion-de-la-sma-contra-grupo-de-empresas-que-fraccionaron-proyecto-de-aridos-eludiendo-el-seia\/\">Leer m\u00e1s<\/a><\/p>\n","protected":false},"author":13,"featured_media":35369,"comment_status":"open","ping_status":"open","sticky":false,"template":"","format":"standard","meta":{"footnotes":""},"categories":[90,226,94],"tags":[],"class_list":["post-35368","post","type-post","status-publish","format-standard","has-post-thumbnail","hentry","category-comunicados-noticias","category-macrozona-sur","category-notas-noticias"],"_links":{"self":[{"href":"https:\/\/portal.sma.gob.cl\/index.php\/wp-json\/wp\/v2\/posts\/35368","targetHints":{"allow":["GET"]}}],"collection":[{"href":"https:\/\/portal.sma.gob.cl\/index.php\/wp-json\/wp\/v2\/posts"}],"about":[{"href":"https:\/\/portal.sma.gob.cl\/index.php\/wp-json\/wp\/v2\/types\/post"}],"author":[{"embeddable":true,"href":"https:\/\/portal.sma.gob.cl\/index.php\/wp-json\/wp\/v2\/users\/13"}],"replies":[{"embeddable":true,"href":"https:\/\/portal.sma.gob.cl\/index.php\/wp-json\/wp\/v2\/comments?post=35368"}],"version-history":[{"count":4,"href":"https:\/\/portal.sma.gob.cl\/index.php\/wp-json\/wp\/v2\/posts\/35368\/revisions"}],"predecessor-version":[{"id":35375,"href":"https:\/\/portal.sma.gob.cl\/index.php\/wp-json\/wp\/v2\/posts\/35368\/revisions\/35375"}],"wp:featuredmedia":[{"embeddable":true,"href":"https:\/\/portal.sma.gob.cl\/index.php\/wp-json\/wp\/v2\/media\/35369"}],"wp:attachment":[{"href":"https:\/\/portal.sma.gob.cl\/index.php\/wp-json\/wp\/v2\/media?parent=35368"}],"wp:term":[{"taxonomy":"category","embeddable":true,"href":"https:\/\/portal.sma.gob.cl\/index.php\/wp-json\/wp\/v2\/categories?post=35368"},{"taxonomy":"post_tag","embeddable":true,"href":"https:\/\/portal.sma.gob.cl\/index.php\/wp-json\/wp\/v2\/tags?post=35368"}],"curies":[{"name":"wp","href":"https:\/\/api.w.org\/{rel}","templated":true}]}}