{"id":35408,"date":"2025-04-29T12:00:43","date_gmt":"2025-04-29T16:00:43","guid":{"rendered":"https:\/\/portal.sma.gob.cl\/?p=35408"},"modified":"2025-04-29T12:00:43","modified_gmt":"2025-04-29T16:00:43","slug":"autoridades-llaman-a-respetar-restricciones-en-dias-de-contaminacion-atmosferica-ante-el-aumento-de-enfermedades-respiratorias","status":"publish","type":"post","link":"https:\/\/portal.sma.gob.cl\/index.php\/autoridades-llaman-a-respetar-restricciones-en-dias-de-contaminacion-atmosferica-ante-el-aumento-de-enfermedades-respiratorias\/","title":{"rendered":"Autoridades llaman a respetar restricciones en d\u00edas de contaminaci\u00f3n atmosf\u00e9rica ante el aumento de enfermedades respiratorias"},"content":{"rendered":"<ul>\n<li><strong><em>Las ministras del Medio Ambiente, Maisa Rojas, y de Salud, Ximena Aguilera, junto al Delegado Presidencial RM, Gonzalo Dur\u00e1n, los servicios fiscalizadores de Transporte y CONAF, y la superintendenta del Medio Ambiente, Marie Claude Plumer, dieron inicio al periodo de Gesti\u00f3n de Episodios Cr\u00edticos (GEC) para la Regi\u00f3n Metropolitana, que se extiende hasta el 31 de agosto. <\/em><\/strong><\/li>\n<li><strong><em>Para este a\u00f1o las autoridades esperan un aumento en la circulaci\u00f3n de los virus invernales, lo que sumado a los episodios de contaminaci\u00f3n atmosf\u00e9rica que se registran en la RM en este periodo, podr\u00eda agudizar las enfermedades como rinovirus e influenza.<\/em><\/strong><\/li>\n<\/ul>\n<p>Las ministras del Medio Ambiente, <strong>Maisa Rojas<\/strong>, y de Salud, <strong>Ximena Aguilera<\/strong>, junto con el Delegado Presidencial RM, <strong>Gonzalo Dur\u00e1n<\/strong>, y la superintendenta del Medio Ambiente, <strong>Marie Claude Plumer<\/strong>, lanzaron esta ma\u00f1ana la <strong>Gesti\u00f3n de Episodios Cr\u00edticos (GEC)<\/strong> 2025 de la Regi\u00f3n Metropolitana, instancia que incluye medidas como la restricci\u00f3n vehicular y la paralizaci\u00f3n de industrias cuando se declara un episodio por mala calidad del aire en Santiago.<\/p>\n<p>En la ocasi\u00f3n, la ministra <strong>Maisa Rojas<\/strong> explic\u00f3 que la GEC inserta en el Plan de Prevenci\u00f3n y Descontaminaci\u00f3n Atmosf\u00e9rica de Santiago (PPDA) tiene como objetivo \u201cprevenir la exposici\u00f3n de la poblaci\u00f3n a los altos niveles de Material Particulado Fino mediante el seguimiento de los niveles de contaminaci\u00f3n, el pron\u00f3stico diario y la toma de medidas adecuadas para evitar esos niveles\u201d.<\/p>\n<p>En este contexto, la ministra <strong>Rojas<\/strong> record\u00f3 que \u201cdesde que contamos con un plan de descontaminaci\u00f3n en la Regi\u00f3n Metropolitana hemos reducido en m\u00e1s del 70% el material particulado fino, el que m\u00e1s afecta la salud de las personas, gracias a medidas estructurales. Pero en el periodo de oto\u00f1o e invierno, donde existen condiciones de ventilaci\u00f3n m\u00e1s desafiantes, opera la Gesti\u00f3n de Episodios Cr\u00edticos (GEC) -entre el 1 de mayo y 31 de agosto- donde se toman acciones adicionales para proteger la salud de la ciudadan\u00eda. Entre estas medidas est\u00e1 la restricci\u00f3n vehicular, la fiscalizaci\u00f3n a industrias y la prohibici\u00f3n de quemas agr\u00edcolas y uso de le\u00f1a\u201d.<\/p>\n<p>Por su parte, la ministra de Salud, Dra. <strong>Ximena Aguilera<\/strong>, expres\u00f3 \u201cnosotros como salud colaboramos por supuesto en el Plan, porque somos los primeros beneficiados como sector de que se cumplan todas las medidas. Hay que recordar que durante el periodo de Gesti\u00f3n de Episodios Cr\u00edticos de Contaminaci\u00f3n, las personas deben evitar realizar -cuando existe alerta- actividad f\u00edsica intensa, ya que el Material Particulado -que es justamente lo que trata de controlar este Plan de Descontaminaci\u00f3n- afecta la salud de las personas, particularmente de las personas mayores, y de los menores de edad, agrav\u00e1ndose los cuadros respiratorios, justamente cuando estamos en el momento de mayor circulaci\u00f3n de virus respiratorios. Quiero recordar tambi\u00e9n que, cuando las personas fuman dentro de espacios cerrados, el Material Particulado es tan grave como el d\u00eda de peor contaminaci\u00f3n atmosf\u00e9rica de una ciudad\u201d.<\/p>\n<p>El Delegado Presidencial RM,<strong> Gonzalo Dur\u00e1n, <\/strong>enfatiz\u00f3 que \u201cen este nuevo per\u00edodo de Gesti\u00f3n y Episodios, el compromiso de las instituciones y la colaboraci\u00f3n de la ciudadan\u00eda son fundamentales para cuidar el aire que respiramos. En este sentido, hacemos un llamado a las personas a respetar las restricciones que rigen en este periodo como el no realizar quemas agr\u00edcolas ni utilizar los calefactores a le\u00f1a, prohibidos durante todo el a\u00f1o en el Gran Santiago, y que se extiende a toda la RM en d\u00edas que se declara episodio ambiental como Alerta o Preemergencia\u201d.<\/p>\n<p>La superintendenta del Medio Ambiente, <strong>Marie Claude Plumer<\/strong>, por su parte, indic\u00f3 que la SMA es el organismo encargado de fiscalizar a las industrias de la Regi\u00f3n Metropolitana que tienen procesos de combusti\u00f3n con hornos y calderas, y que son responsables del 15% de la contaminaci\u00f3n de la cuenca de Santiago.<\/p>\n<p>\u201cEste a\u00f1o son nueve los grandes establecimientos que deber\u00e1n paralizar sus operaciones en d\u00edas de episodios cr\u00edticos en la Regi\u00f3n Metropolitana. En relaci\u00f3n a a\u00f1os anteriores, este n\u00famero refleja un mayor cumplimiento por parte de los establecimientos respecto de lo que se indica en el PPDA. Es importante aclarar que el total de industrias a paralizar puede variar, dependiendo de la regularizaci\u00f3n que realicen los propios titulares ante la SMA\u201d, dijo la superintendenta del Medio Ambiente.<\/p>\n<p><strong>Plumer<\/strong> agreg\u00f3: \u201cQueremos enfatizar el compromiso de la Superintendencia del Medio Ambiente de fiscalizar el cumplimiento de las obligaciones del plan de descontaminaci\u00f3n, el cual tiene como objetivo principal reducir los niveles de contaminaci\u00f3n en el aire; objetivo al que las medidas operacionales en episodios cr\u00edticos aportan significativamente, de manera de resguardar la salud de las personas\u201d.<\/p>\n<p><strong>Listado Grandes Empresas sujetas a paralizar en GEC 2025<\/strong><\/p>\n<p>El universo de los Grandes Establecimientos Industriales corresponde a 59 empresas \u2013equivalentes a m\u00e1s de 1.000 fuentes estacionarias que corresponden a calderas, hornos panaderos y procesos con y sin combusti\u00f3n\u2013, y el listado est\u00e1 publicado en el sitio web del Ministerio del Medio Ambiente: <a href=\"https:\/\/mma.gob.cl\/listado-de-grandes-establecimientos-en-la-rm\/\">https:\/\/mma.gob.cl\/listado-de-grandes-establecimientos-en-la-rm\/<\/a><\/p>\n<p>La Fiscalizaci\u00f3n la realiza la Superintendencia del Medio Ambiente (SMA) y para la GEC 2025 estableci\u00f3 el primer listado de paralizaci\u00f3n de grandes establecimientos industriales, en el cual 09 establecimientos deber\u00e1n paralizar, lo que representa el 15% del total.<\/p>\n<p><img decoding=\"async\" class=\"alignnone wp-image-35410 size-full\" src=\"https:\/\/portal.sma.gob.cl\/wp-content\/uploads\/2025\/04\/Clipboard_04-29-2025_01.jpg\" alt=\"\" width=\"589\" height=\"378\" srcset=\"https:\/\/portal.sma.gob.cl\/wp-content\/uploads\/2025\/04\/Clipboard_04-29-2025_01-200x128.jpg 200w, https:\/\/portal.sma.gob.cl\/wp-content\/uploads\/2025\/04\/Clipboard_04-29-2025_01-300x193.jpg 300w, https:\/\/portal.sma.gob.cl\/wp-content\/uploads\/2025\/04\/Clipboard_04-29-2025_01-400x257.jpg 400w, https:\/\/portal.sma.gob.cl\/wp-content\/uploads\/2025\/04\/Clipboard_04-29-2025_01.jpg 589w\" sizes=\"(max-width: 589px) 100vw, 589px\" \/><\/p>\n<p>Las multas por incumplimiento oscilan entre 1 Unidad Tributaria Anual (UTA) y 10.000 UTA. El valor de 1 UTA al mes de mayo de 2025 es de $ 823.776.<\/p>\n<p><strong>Restricci\u00f3n Vehicular<\/strong><\/p>\n<p>Durante el per\u00edodo GEC se establecen medidas permanentes para el parque automotor, de poco m\u00e1s de 1.648.000 de veh\u00edculos motorizados, de los cuales cerca del 81% no est\u00e1 afecto a la restricci\u00f3n debido a la considerable renovaci\u00f3n de veh\u00edculos en la Regi\u00f3n Metropolitana, siendo 312.080 los veh\u00edculos afectados por esta restricci\u00f3n.<\/p>\n<p>Al respecto el Seremi de Transportes RM, <strong>Rodrigo Valladares<\/strong>, explic\u00f3 que: \u201cEste 1 de mayo comienza a regir la restricci\u00f3n vehicular; sin embargo, al ser d\u00eda feriado, la medida no aplica. Por ello, los primeros d\u00edgitos afectados ser\u00e1n los del viernes 2 de mayo, correspondientes a los n\u00fameros 4 y 5. Hacemos un llamado a las personas a cumplir con la medida, a preferir el transporte p\u00fablico y a recordar que la fiscalizaci\u00f3n ser\u00e1 constante, tanto en terreno como a trav\u00e9s de los 271 puntos de monitoreo de c\u00e1maras de la Divisi\u00f3n de Fiscalizaci\u00f3n\u201d.<\/p>\n<p>La Restricci\u00f3n Vehicular 2025 se aplica para autom\u00f3viles, station wagons y similares con sello verde, inscritos en el registro Nacional de Veh\u00edculos motorizados antes del 1 de septiembre de 2011, y el calendario permanente afecta a las patentes terminadas en:\u00a0 6 y 7 (lunes), 8 y 9 (martes), 0 y 1 (mi\u00e9rcoles), 2 y 3 (jueves) y 4 y 5 (viernes), de forma sucesiva hasta el 31 de agosto.<\/p>\n<p><strong>Exenciones<\/strong><\/p>\n<p>Quedan exceptuados veh\u00edculos de Carabineros, PDI, Bomberos, Gendarmer\u00eda, ambulancias, fiscalizaci\u00f3n, municipales con funciones policiales, estatales (seg\u00fan D.L. 799), transporte p\u00fablico urbano, diplom\u00e1ticos, escolares autorizados, funerarios, TV con equipos de transmisi\u00f3n, el\u00e9ctricos o h\u00edbridos, a gas con revisi\u00f3n vigente, recolectores de basura, y servicios m\u00e9dicos o de emergencia.<\/p>\n<p>Tambi\u00e9n se excluyen veh\u00edculos de personas con discapacidad, enfermedades cr\u00f3nicas o TEA, siempre que cuenten con credencial o certificado m\u00e9dico que acredite la condici\u00f3n, y en estos casos se requerir\u00e1 autorizaci\u00f3n previa de la Seremi de Transportes para circular.<\/p>\n<p>Para el periodo 2025 se registra una modificaci\u00f3n respecto a la realizaci\u00f3n del tr\u00e1mite de exenci\u00f3n, el cual se deber\u00e1 solicitar de forma 100% digital a trav\u00e9s del enlace <a href=\"https:\/\/cerofilas.subtrans.gob.cl\/\">https:\/\/cerofilas.subtrans.gob.cl\/<\/a>\u00a0 para personas naturales. En tanto, las personas jur\u00eddicas deber\u00e1n realizar el tr\u00e1mite a trav\u00e9s del correo <a href=\"mailto:ofiparteseremitrm@mtt.gob.cl\">ofiparteseremitrm@mtt.gob.cl<\/a>, lo mismo los casos excepcionales.<\/p>\n<p><strong>Quemas Agr\u00edcolas<\/strong><\/p>\n<p>Entre las medidas permanentes en periodo GEC est\u00e1 la prohibici\u00f3n de Quemas Agr\u00edcolas que se extiende entre el 1 de marzo y el 31 de octubre de cada a\u00f1o. La Seremi de Agricultura RM -a trav\u00e9s de los servicios CONAF y SAG RM- se encarga de gestionar las denuncias por este tema. Tambi\u00e9n estos servicios -junto con la Superintendencia del Medio Ambiente (SMA)- son los encargados de fiscalizar la calidad de la le\u00f1a que se expende en las provincias rurales de la capital. \u00a0Las multas por infringir la normativa oscilan entre las 1 a 70 UTM.<\/p>\n<p>A contar del 26 de noviembre del a\u00f1o 2026 las Quemas Agr\u00edcolas estar\u00e1n prohibidas durante todo el a\u00f1o (Del 1 de enero al 31 de diciembre) en toda la RM. En ese contexto, se reforzar\u00e1 las alternativas del uso del fuego ya conocidas (trozar y dispersar, silvopastoreo, lombricompostaje, reincorporaci\u00f3n al suelo, cero labranza o siembra directa), y se buscar\u00e1n acuerdos interinstitucionales para aumentar la llegada a los usuarios del fuego, con el fin de que en conjunto encontrar una soluci\u00f3n r\u00e1pida, efectiva y viable.<\/p>\n<p><strong>Calefacci\u00f3n Residencial <\/strong><\/p>\n<p>En relaci\u00f3n con los calefactores a le\u00f1a disponibles en la Regi\u00f3n Metropolitana, el estudio piloto \u201cCatastro de Emisiones de Calefactores y Cocinas\u201d -encargado por la Seremi del Medio Ambiente RM- se\u00f1ala que habr\u00eda 110.285 calefactores a le\u00f1a y que las provincias de Chacabuco, Melipilla y Talagante ser\u00edan las con mayor uso. Esta cantidad ha disminuido, debido a la conversi\u00f3n a calefacci\u00f3n m\u00e1s limpia, como aire acondicionado o estufas el\u00e9ctricas.<\/p>\n<p>La fiscalizaci\u00f3n del uso de los calefactores a le\u00f1a en los hogares es competencia de la Seremi de Salud RM, que este a\u00f1o priorizar\u00e1 su vigilancia seg\u00fan los siguientes criterios:<\/p>\n<ul>\n<li>Privilegiar aquellos sectores comunales de cada Provincia donde hay una mayor concentraci\u00f3n de domicilios con calefactores a le\u00f1a, en especial en aquellos sectores que pudieran disponer de alternativas de calefacci\u00f3n de menor emisi\u00f3n.<\/li>\n<li>Focalizar fiscalizaci\u00f3n a domicilios sancionados que han tenido una conducta reiterativa en a\u00f1os pasados.<\/li>\n<li>Priorizar la atenci\u00f3n de Solicitudes de Fiscalizaci\u00f3n de emisiones de humo provenientes de calefactores a le\u00f1a y\/o pellets o derivados de la madera.<\/li>\n<li>Anticipar la labor de terreno mediante patrullajes en comunas que presentan mayor cantidad de solicitudes de fiscalizaci\u00f3n presentadas ante esta Seremi de Salud.<\/li>\n<\/ul>\n<p>En caso de incumplimiento, la Seremi de Salud puede aplicar multas que van desde 0,1 UTM hasta 1000 UTM. El monto se determina caso a caso, dependiendo de los riesgos sanitarios y reincidencias, entre otros. Las denuncias, se reciben a trav\u00e9s del sitio web www.asrm.cl, en el sistema OIRS en l\u00ednea.<\/p>\n<p>Tambi\u00e9n pueden fiscalizar las municipalidades que tengan Ordenanza Municipal, cuyos inspectores municipales citan al infractor al Juzgado de Polic\u00eda Local.\u00a0 Seg\u00fan lo informado por la SEREMI del Medio Ambiente, tienen ordenanza para fiscalizar en episodios cr\u00edticos, al menos, 11 municipalidades. Las denuncias, se pueden realizar directamente en cada municipalidad.<\/p>\n<p>Para m\u00e1s informaci\u00f3n sobre las medidas que rigen en GEC visite: <a href=\"https:\/\/airerm.mma.gob.cl\/\">https:\/\/airerm.mma.gob.cl\/<\/a><\/p>\n","protected":false},"excerpt":{"rendered":"<p>Las ministras del Medio Ambiente, Maisa Rojas, y de Salud, Ximena Aguilera, junto al Delegado Presidencial RM, Gonzalo Dur\u00e1n, los servicios fiscalizadores de Transporte y CONAF, y la superintendenta del Medio Ambiente, Marie Claude Plumer, dieron inicio al periodo de Gesti\u00f3n de Episodios Cr\u00edticos (GEC) para la Regi\u00f3n Metropolitana, que se extiende hasta el 31 de <a href=\"https:\/\/portal.sma.gob.cl\/index.php\/autoridades-llaman-a-respetar-restricciones-en-dias-de-contaminacion-atmosferica-ante-el-aumento-de-enfermedades-respiratorias\/\">Leer m\u00e1s<\/a><\/p>\n","protected":false},"author":8,"featured_media":35413,"comment_status":"open","ping_status":"open","sticky":false,"template":"","format":"standard","meta":{"footnotes":""},"categories":[90,107,225,232],"tags":[],"class_list":["post-35408","post","type-post","status-publish","format-standard","has-post-thumbnail","hentry","category-comunicados-noticias","category-destacado","category-macrozona-centro","category-metropolitana"],"_links":{"self":[{"href":"https:\/\/portal.sma.gob.cl\/index.php\/wp-json\/wp\/v2\/posts\/35408","targetHints":{"allow":["GET"]}}],"collection":[{"href":"https:\/\/portal.sma.gob.cl\/index.php\/wp-json\/wp\/v2\/posts"}],"about":[{"href":"https:\/\/portal.sma.gob.cl\/index.php\/wp-json\/wp\/v2\/types\/post"}],"author":[{"embeddable":true,"href":"https:\/\/portal.sma.gob.cl\/index.php\/wp-json\/wp\/v2\/users\/8"}],"replies":[{"embeddable":true,"href":"https:\/\/portal.sma.gob.cl\/index.php\/wp-json\/wp\/v2\/comments?post=35408"}],"version-history":[{"count":3,"href":"https:\/\/portal.sma.gob.cl\/index.php\/wp-json\/wp\/v2\/posts\/35408\/revisions"}],"predecessor-version":[{"id":35412,"href":"https:\/\/portal.sma.gob.cl\/index.php\/wp-json\/wp\/v2\/posts\/35408\/revisions\/35412"}],"wp:featuredmedia":[{"embeddable":true,"href":"https:\/\/portal.sma.gob.cl\/index.php\/wp-json\/wp\/v2\/media\/35413"}],"wp:attachment":[{"href":"https:\/\/portal.sma.gob.cl\/index.php\/wp-json\/wp\/v2\/media?parent=35408"}],"wp:term":[{"taxonomy":"category","embeddable":true,"href":"https:\/\/portal.sma.gob.cl\/index.php\/wp-json\/wp\/v2\/categories?post=35408"},{"taxonomy":"post_tag","embeddable":true,"href":"https:\/\/portal.sma.gob.cl\/index.php\/wp-json\/wp\/v2\/tags?post=35408"}],"curies":[{"name":"wp","href":"https:\/\/api.w.org\/{rel}","templated":true}]}}