{"id":35447,"date":"2025-05-06T12:55:02","date_gmt":"2025-05-06T16:55:02","guid":{"rendered":"https:\/\/portal.sma.gob.cl\/?p=35447"},"modified":"2025-07-21T14:53:02","modified_gmt":"2025-07-21T18:53:02","slug":"sma-informa-a-establecimientos-que-deben-paralizar-en-periodo-gec-la-obligacion-de-reportar-sus-variables-operacionales","status":"publish","type":"post","link":"https:\/\/portal.sma.gob.cl\/index.php\/sma-informa-a-establecimientos-que-deben-paralizar-en-periodo-gec-la-obligacion-de-reportar-sus-variables-operacionales\/","title":{"rendered":"SMA informa a establecimientos que deben paralizar en periodo GEC la obligaci\u00f3n de reportar sus variables operacionales"},"content":{"rendered":"<ul>\n<li><em>Los titulares de establecimientos afectos a paralizar sus operaciones en episodios de Preemergencia y Emergencia Ambiental, deben realizar un reporte en el Sistema de Seguimiento Atmosf\u00e9rico de la Superintendencia del Medio Ambiente.<\/em><\/li>\n<\/ul>\n<p>En el marco del inicio del periodo de Gesti\u00f3n de Episodios Cr\u00edticos (GEC), la Superintendencia del Medio Ambiente (SMA) recuerda a los establecimientos afectos a paralizar su funcionamiento en episodios declarados de Preemergencia y Emergencia Ambiental, su obligaci\u00f3n de reportar sus variables operacionales en el <a href=\"https:\/\/sisat.sma.gob.cl\/login\/cu\">Sistema de Seguimiento Atmosf\u00e9rico<\/a> (SISAT). En su reporte, los titulares deben complementar con informaci\u00f3n relativa al periodo anterior y posterior al periodo GEC.<\/p>\n<p>El reporte aplica para los Planes de Prevenci\u00f3n y\/o Descontaminaci\u00f3n Atmosf\u00e9rica de cuatro zonas del pa\u00eds:<\/p>\n<ul>\n<li>Concepci\u00f3n Metropolitano<\/li>\n<li>Valle Central de la Provincia de Curic\u00f3<\/li>\n<li>Los \u00c1ngeles<\/li>\n<li>Valdivia<\/li>\n<\/ul>\n<p>Adicional a este reporte, la SMA realizar\u00e1 fiscalizaciones en terreno para corroborar la obligaci\u00f3n de paralizar de los establecimientos afectos.<\/p>\n<p>Es importante recordar que -tal como lo establece el Protocolo de Conexi\u00f3n y Reporte de Variables Operacionales para la Verificaci\u00f3n de Compromisos Ambientales (Res.N\u00b02452 de 2020)- para dar cumplimiento a la instrucci\u00f3n, los titulares deben registrar las fuentes estacionarias de su establecimiento en el m\u00f3dulo de catastro del SISAT, de forma posterior al registro de fuentes y procesos (RFP) del Ministerio del Medio Ambiente.<\/p>\n<p>&nbsp;<\/p>\n","protected":false},"excerpt":{"rendered":"<p>Los titulares de establecimientos afectos a paralizar sus operaciones en episodios de Preemergencia y Emergencia Ambiental, deben realizar un reporte en el Sistema de Seguimiento Atmosf\u00e9rico de la Superintendencia del Medio Ambiente. En el marco del inicio del periodo de Gesti\u00f3n de Episodios Cr\u00edticos (GEC), la Superintendencia del Medio Ambiente (SMA) recuerda a los establecimientos afectos <a href=\"https:\/\/portal.sma.gob.cl\/index.php\/sma-informa-a-establecimientos-que-deben-paralizar-en-periodo-gec-la-obligacion-de-reportar-sus-variables-operacionales\/\">Leer m\u00e1s<\/a><\/p>\n","protected":false},"author":13,"featured_media":35448,"comment_status":"open","ping_status":"open","sticky":false,"template":"","format":"standard","meta":{"footnotes":""},"categories":[90,107,225,283],"tags":[],"class_list":["post-35447","post","type-post","status-publish","format-standard","has-post-thumbnail","hentry","category-comunicados-noticias","category-destacado","category-macrozona-centro","category-sisat"],"_links":{"self":[{"href":"https:\/\/portal.sma.gob.cl\/index.php\/wp-json\/wp\/v2\/posts\/35447","targetHints":{"allow":["GET"]}}],"collection":[{"href":"https:\/\/portal.sma.gob.cl\/index.php\/wp-json\/wp\/v2\/posts"}],"about":[{"href":"https:\/\/portal.sma.gob.cl\/index.php\/wp-json\/wp\/v2\/types\/post"}],"author":[{"embeddable":true,"href":"https:\/\/portal.sma.gob.cl\/index.php\/wp-json\/wp\/v2\/users\/13"}],"replies":[{"embeddable":true,"href":"https:\/\/portal.sma.gob.cl\/index.php\/wp-json\/wp\/v2\/comments?post=35447"}],"version-history":[{"count":2,"href":"https:\/\/portal.sma.gob.cl\/index.php\/wp-json\/wp\/v2\/posts\/35447\/revisions"}],"predecessor-version":[{"id":35450,"href":"https:\/\/portal.sma.gob.cl\/index.php\/wp-json\/wp\/v2\/posts\/35447\/revisions\/35450"}],"wp:featuredmedia":[{"embeddable":true,"href":"https:\/\/portal.sma.gob.cl\/index.php\/wp-json\/wp\/v2\/media\/35448"}],"wp:attachment":[{"href":"https:\/\/portal.sma.gob.cl\/index.php\/wp-json\/wp\/v2\/media?parent=35447"}],"wp:term":[{"taxonomy":"category","embeddable":true,"href":"https:\/\/portal.sma.gob.cl\/index.php\/wp-json\/wp\/v2\/categories?post=35447"},{"taxonomy":"post_tag","embeddable":true,"href":"https:\/\/portal.sma.gob.cl\/index.php\/wp-json\/wp\/v2\/tags?post=35447"}],"curies":[{"name":"wp","href":"https:\/\/api.w.org\/{rel}","templated":true}]}}