{"id":35479,"date":"2025-05-13T11:06:25","date_gmt":"2025-05-13T15:06:25","guid":{"rendered":"https:\/\/portal.sma.gob.cl\/?p=35479"},"modified":"2025-05-13T11:06:25","modified_gmt":"2025-05-13T15:06:25","slug":"sma-inicia-procedimiento-de-requerimiento-de-ingreso-al-seia-contra-titular-del-proyecto-criaderos-la-ponderosa","status":"publish","type":"post","link":"https:\/\/portal.sma.gob.cl\/index.php\/sma-inicia-procedimiento-de-requerimiento-de-ingreso-al-seia-contra-titular-del-proyecto-criaderos-la-ponderosa\/","title":{"rendered":"SMA inicia procedimiento de requerimiento de ingreso al SEIA contra titular del proyecto Criaderos La Ponderosa"},"content":{"rendered":"<ul>\n<li><strong>El proyecto, que opera como un plantel de engorda de porcinos y bovinos destinados a la producci\u00f3n de leche, ha tenido modificaciones en cuanto a su n\u00famero de animales confinados.\u00a0<\/strong><\/li>\n<\/ul>\n<p>La Superintendencia del Medio Ambiente (SMA) inici\u00f3 un procedimiento de requerimiento de ingreso al Sistema de Evaluaci\u00f3n de Impacto Ambiental (SEIA) respecto al proyecto \u201cCriaderos La Ponderosa\u201d, que se localiza en la comuna de Chimbarongo, Regi\u00f3n de O\u2019Higgins, y cuyo titular es Emilio Fern\u00e1ndez Ferreras.<\/p>\n<p>Lo anterior, considerando que el proyecto no cuenta con Resoluci\u00f3n de Calificaci\u00f3n Ambiental (RCA), pese a que se tratar\u00eda de un proyecto de en un plantel de engorda de porcinos (n\u00famero aproximado de 5.800) y bovinos destinados a la producci\u00f3n de leche (n\u00famero aproximado de 300). El predio habr\u00eda comenzado sus operaciones en el a\u00f1o 1982, sin perjuicio de lo cual existen antecedentes de que al menos en el a\u00f1o 2006 se construyeron dos nuevos pabellones para engorda de porcinos.<\/p>\n<p>Es importante se\u00f1alar que este procedimiento pretende recabar antecedentes que permitan a la Superintendencia determinar si corresponde o no exigir al proyecto el ingreso a evaluaci\u00f3n ambiental.<\/p>\n<p>El origen del caso se remonta a la recepci\u00f3n de una denuncia ciudadana en la que se informa que en el a\u00f1o 2004 el criadero se habr\u00eda ampliado, instalando dos pabellones de engorda, adicionales a los ya construidos; y que, adem\u00e1s, su operaci\u00f3n genera problemas de olores a la comunidad colindante, y derrames de desechos a cursos de aguas.<\/p>\n<p>En este contexto, la SMA realiz\u00f3 una actividad de inspecci\u00f3n ambiental y un an\u00e1lisis de los antecedentes presentados por el titular, en respuesta al requerimiento efectuado en el acta de inspecci\u00f3n ambiental. Adem\u00e1s, la SMA solicit\u00f3 informaci\u00f3n a los Seremis de Salud y SAG de O\u2019Higgins.<\/p>\n<p>La jefa regional de la SMA en O\u2019Higgins, Karina Olivares, relev\u00f3 que\u202f<em>\u201cel proyecto Criaderos La Ponderosa, que no cuenta con una RCA para su operaci\u00f3n, cumplir\u00eda con una de las causales de ingreso al SEIA, debido a que existen antecedentes que dan cuenta de modificaciones introducidas al proyecto al menos desde el a\u00f1o 2006\u201d. <\/em>Adem\u00e1s, agreg\u00f3 que<em> \u201casimismo, se advierte que la fracci\u00f3n adicional de porcinos eventualmente incorporada al plantel producto de su ampliaci\u00f3n podr\u00eda estar generando una cantidad de residuos s\u00f3lidos superior a las 50 toneladas\u201d.<\/em><\/p>\n<p>Actualmente, el titular cuenta con un plazo de 15 d\u00edas h\u00e1biles desde la fecha en que fue notificado, para hacer valer las observaciones, alegaciones, o pruebas, que estime pertinentes frente a la hip\u00f3tesis de elusi\u00f3n al SEIA.<\/p>\n<p>M\u00e1s informaci\u00f3n en el Sistema Nacional de Informaci\u00f3n de Fiscalizaci\u00f3n Ambiental (SNIFA): <a href=\"https:\/\/snifa.sma.gob.cl\/RequerimientoIngreso\/Ficha\/227\">https:\/\/snifa.sma.gob.cl\/RequerimientoIngreso\/Ficha\/227<\/a><\/p>\n","protected":false},"excerpt":{"rendered":"<p>El proyecto, que opera como un plantel de engorda de porcinos y bovinos destinados a la producci\u00f3n de leche, ha tenido modificaciones en cuanto a su n\u00famero de animales confinados.\u00a0 La Superintendencia del Medio Ambiente (SMA) inici\u00f3 un procedimiento de requerimiento de ingreso al Sistema de Evaluaci\u00f3n de Impacto Ambiental (SEIA) respecto al proyecto \u201cCriaderos La <a href=\"https:\/\/portal.sma.gob.cl\/index.php\/sma-inicia-procedimiento-de-requerimiento-de-ingreso-al-seia-contra-titular-del-proyecto-criaderos-la-ponderosa\/\">Leer m\u00e1s<\/a><\/p>\n","protected":false},"author":8,"featured_media":35477,"comment_status":"open","ping_status":"open","sticky":false,"template":"","format":"standard","meta":{"footnotes":""},"categories":[90,107,225,233],"tags":[],"class_list":["post-35479","post","type-post","status-publish","format-standard","has-post-thumbnail","hentry","category-comunicados-noticias","category-destacado","category-macrozona-centro","category-ohiggins"],"_links":{"self":[{"href":"https:\/\/portal.sma.gob.cl\/index.php\/wp-json\/wp\/v2\/posts\/35479","targetHints":{"allow":["GET"]}}],"collection":[{"href":"https:\/\/portal.sma.gob.cl\/index.php\/wp-json\/wp\/v2\/posts"}],"about":[{"href":"https:\/\/portal.sma.gob.cl\/index.php\/wp-json\/wp\/v2\/types\/post"}],"author":[{"embeddable":true,"href":"https:\/\/portal.sma.gob.cl\/index.php\/wp-json\/wp\/v2\/users\/8"}],"replies":[{"embeddable":true,"href":"https:\/\/portal.sma.gob.cl\/index.php\/wp-json\/wp\/v2\/comments?post=35479"}],"version-history":[{"count":1,"href":"https:\/\/portal.sma.gob.cl\/index.php\/wp-json\/wp\/v2\/posts\/35479\/revisions"}],"predecessor-version":[{"id":35480,"href":"https:\/\/portal.sma.gob.cl\/index.php\/wp-json\/wp\/v2\/posts\/35479\/revisions\/35480"}],"wp:featuredmedia":[{"embeddable":true,"href":"https:\/\/portal.sma.gob.cl\/index.php\/wp-json\/wp\/v2\/media\/35477"}],"wp:attachment":[{"href":"https:\/\/portal.sma.gob.cl\/index.php\/wp-json\/wp\/v2\/media?parent=35479"}],"wp:term":[{"taxonomy":"category","embeddable":true,"href":"https:\/\/portal.sma.gob.cl\/index.php\/wp-json\/wp\/v2\/categories?post=35479"},{"taxonomy":"post_tag","embeddable":true,"href":"https:\/\/portal.sma.gob.cl\/index.php\/wp-json\/wp\/v2\/tags?post=35479"}],"curies":[{"name":"wp","href":"https:\/\/api.w.org\/{rel}","templated":true}]}}