{"id":35482,"date":"2025-05-14T09:40:55","date_gmt":"2025-05-14T13:40:55","guid":{"rendered":"https:\/\/portal.sma.gob.cl\/?p=35482"},"modified":"2025-05-14T10:01:07","modified_gmt":"2025-05-14T14:01:07","slug":"ley-rep-sma-capacito-a-consumidores-industriales-sobre-el-mecanismo-de-reporte-por-residuos-del-2024","status":"publish","type":"post","link":"https:\/\/portal.sma.gob.cl\/index.php\/ley-rep-sma-capacito-a-consumidores-industriales-sobre-el-mecanismo-de-reporte-por-residuos-del-2024\/","title":{"rendered":"Ley REP: SMA capacit\u00f3 a Consumidores Industriales sobre el mecanismo de reporte por residuos del 2024"},"content":{"rendered":"<p>La Superintendencia del Medio Ambiente (SMA) realiz\u00f3 una nueva capacitaci\u00f3n para representantes de los Consumidores Industriales que deben dar cumplimiento a la Ley de Responsabilidad Extendida del Productor, m\u00e1s conocida como Ley REP o Ley del Reciclaje.<\/p>\n<p>En la instancia, que cont\u00f3 con la asistencia de 177 personas, se explic\u00f3 a los regulados la forma en que pueden cumplir con la obligaci\u00f3n de reportar la valorizaci\u00f3n de los residuos de los productos prioritarios generados (ya sea por s\u00ed mismos o a trav\u00e9s de gestores autorizados y registrados) en el a\u00f1o 2024.<\/p>\n<p>El plazo para la entrega de los reportes vence el d\u00eda 31 de mayo, por lo que, a contar de la \u00faltima semana de mayo, en el micrositio REP de la SMA (<a href=\"https:\/\/portal.sma.gob.cl\/index.php\/ley-rep\/\">haciendo click ac\u00e1<\/a>)\u00a0estar\u00e1 disponible un formulario para que los regulados puedan cargar la informaci\u00f3n con los datos de sus operaciones de valorizaci\u00f3n de residuos REP.<\/p>\n<p><img decoding=\"async\" class=\"wp-image-35483 size-full aligncenter\" src=\"https:\/\/portal.sma.gob.cl\/wp-content\/uploads\/2025\/05\/Imagen3.png\" alt=\"\" width=\"736\" height=\"414\" srcset=\"https:\/\/portal.sma.gob.cl\/wp-content\/uploads\/2025\/05\/Imagen3-200x113.png 200w, https:\/\/portal.sma.gob.cl\/wp-content\/uploads\/2025\/05\/Imagen3-300x169.png 300w, https:\/\/portal.sma.gob.cl\/wp-content\/uploads\/2025\/05\/Imagen3-400x225.png 400w, https:\/\/portal.sma.gob.cl\/wp-content\/uploads\/2025\/05\/Imagen3-600x338.png 600w, https:\/\/portal.sma.gob.cl\/wp-content\/uploads\/2025\/05\/Imagen3.png 736w\" sizes=\"(max-width: 736px) 100vw, 736px\" \/><\/p>\n<p>Durante el taller, los consumidores industriales pudieron conocer el formulario de reporte, adem\u00e1s de resolver dudas relativas a los datos que se deber\u00e1 entregar y al cumplimiento de la ley.<\/p>\n<ul>\n<li><span style=\"text-decoration: underline;\"><a href=\"https:\/\/portal.sma.gob.cl\/wp-content\/uploads\/2025\/05\/20250512_REP_capacitacionCI.pdf\" target=\"_blank\" rel=\"noopener\">Descarga la presentaci\u00f3n en este enlace.<\/a><\/span><\/li>\n<li><span style=\"text-decoration: underline;\"><a href=\"https:\/\/portal.sma.gob.cl\/wp-content\/uploads\/2025\/05\/20250513_Diccionario.pdf\" target=\"_blank\" rel=\"noopener\">Descarga el diccionario de ayuda en este enlace.<\/a><\/span><\/li>\n<\/ul>\n","protected":false},"excerpt":{"rendered":"<p>La Superintendencia del Medio Ambiente (SMA) realiz\u00f3 una nueva capacitaci\u00f3n para representantes de los Consumidores Industriales que deben dar cumplimiento a la Ley de Responsabilidad Extendida del Productor, m\u00e1s conocida como Ley REP o Ley del Reciclaje. En la instancia, que cont\u00f3 con la asistencia de 177 personas, se explic\u00f3 a los regulados la forma en <a href=\"https:\/\/portal.sma.gob.cl\/index.php\/ley-rep-sma-capacito-a-consumidores-industriales-sobre-el-mecanismo-de-reporte-por-residuos-del-2024\/\">Leer m\u00e1s<\/a><\/p>\n","protected":false},"author":13,"featured_media":35488,"comment_status":"open","ping_status":"open","sticky":false,"template":"","format":"standard","meta":{"footnotes":""},"categories":[90,275,225],"tags":[],"class_list":["post-35482","post","type-post","status-publish","format-standard","has-post-thumbnail","hentry","category-comunicados-noticias","category-ley-rep","category-macrozona-centro"],"_links":{"self":[{"href":"https:\/\/portal.sma.gob.cl\/index.php\/wp-json\/wp\/v2\/posts\/35482","targetHints":{"allow":["GET"]}}],"collection":[{"href":"https:\/\/portal.sma.gob.cl\/index.php\/wp-json\/wp\/v2\/posts"}],"about":[{"href":"https:\/\/portal.sma.gob.cl\/index.php\/wp-json\/wp\/v2\/types\/post"}],"author":[{"embeddable":true,"href":"https:\/\/portal.sma.gob.cl\/index.php\/wp-json\/wp\/v2\/users\/13"}],"replies":[{"embeddable":true,"href":"https:\/\/portal.sma.gob.cl\/index.php\/wp-json\/wp\/v2\/comments?post=35482"}],"version-history":[{"count":8,"href":"https:\/\/portal.sma.gob.cl\/index.php\/wp-json\/wp\/v2\/posts\/35482\/revisions"}],"predecessor-version":[{"id":35495,"href":"https:\/\/portal.sma.gob.cl\/index.php\/wp-json\/wp\/v2\/posts\/35482\/revisions\/35495"}],"wp:featuredmedia":[{"embeddable":true,"href":"https:\/\/portal.sma.gob.cl\/index.php\/wp-json\/wp\/v2\/media\/35488"}],"wp:attachment":[{"href":"https:\/\/portal.sma.gob.cl\/index.php\/wp-json\/wp\/v2\/media?parent=35482"}],"wp:term":[{"taxonomy":"category","embeddable":true,"href":"https:\/\/portal.sma.gob.cl\/index.php\/wp-json\/wp\/v2\/categories?post=35482"},{"taxonomy":"post_tag","embeddable":true,"href":"https:\/\/portal.sma.gob.cl\/index.php\/wp-json\/wp\/v2\/tags?post=35482"}],"curies":[{"name":"wp","href":"https:\/\/api.w.org\/{rel}","templated":true}]}}