{"id":35518,"date":"2025-05-16T09:28:44","date_gmt":"2025-05-16T13:28:44","guid":{"rendered":"https:\/\/portal.sma.gob.cl\/?p=35518"},"modified":"2025-07-01T11:48:51","modified_gmt":"2025-07-01T15:48:51","slug":"region-de-nuble-sma-junto-a-las-autoridades-refuerzan-fiscalizacion-de-lena-en-medio-de-preemergencia-ambiental","status":"publish","type":"post","link":"https:\/\/portal.sma.gob.cl\/index.php\/region-de-nuble-sma-junto-a-las-autoridades-refuerzan-fiscalizacion-de-lena-en-medio-de-preemergencia-ambiental\/","title":{"rendered":"Regi\u00f3n de \u00d1uble: SMA junto a las autoridades refuerzan fiscalizaci\u00f3n de le\u00f1a en medio de preemergencia ambiental"},"content":{"rendered":"<ul>\n<li><strong>Chill\u00e1n y Chill\u00e1n Viejo registraron segundo d\u00eda en preemergencia ambiental.<\/strong><\/li>\n<\/ul>\n<p>Por segundo d\u00eda consecutivo, las comunas de Chill\u00e1n y Chill\u00e1n Viejo se encuentran bajo la condici\u00f3n de Preemergencia ambiental, decretada en el marco del Plan de Prevenci\u00f3n y Descontaminaci\u00f3n Atmosf\u00e9rica (PPDA) para la intercomuna.<\/p>\n<p>Ante este escenario, la Superintendencia del Medio Ambiente (SMA) ha intensificado estos d\u00edas las inspecciones en el comercio formal de le\u00f1a, con el objetivo de verificar el cumplimiento de la normativa vigente que exige un contenido de humedad inferior al 25% en este biocombustible s\u00f3lido.<\/p>\n<p>Durante la jornada de este mi\u00e9rcoles, las labores de fiscalizaci\u00f3n contaron con la presencia del Delegado Presidencial Regional de \u00d1uble, Rodrigo Garc\u00eda, y el Seremi del Medio Ambiente, Mario Rivas, quienes acompa\u00f1aron a los equipos en terreno.<\/p>\n<p><em>\u201cEste tipo de fiscalizaciones permiten asegurar que la le\u00f1a que se comercializa cumple con los est\u00e1ndares establecidos, lo que es fundamental para proteger la salud de las personas y avanzar en la reducci\u00f3n del material particulado en nuestra regi\u00f3n\u201d<\/em>, se\u00f1al\u00f3 Cristian Lineros, Jefe Oficina Regional SMA de \u00d1uble.<\/p>\n<p>Desde la autoridad ambiental se destac\u00f3 adem\u00e1s el alto nivel de cumplimiento que presenta el comercio regulado de le\u00f1a en la regi\u00f3n de \u00d1uble, lo que contribuye significativamente a la mejora de la calidad del aire y al bienestar de la ciudadan\u00eda, especialmente en un contexto en que el Ministerio de Salud ha reforzado las alertas por enfermedades respiratorias propias de la temporada invernal.<\/p>\n","protected":false},"excerpt":{"rendered":"<p>Chill\u00e1n y Chill\u00e1n Viejo registraron segundo d\u00eda en preemergencia ambiental. Por segundo d\u00eda consecutivo, las comunas de Chill\u00e1n y Chill\u00e1n Viejo se encuentran bajo la condici\u00f3n de Preemergencia ambiental, decretada en el marco del Plan de Prevenci\u00f3n y Descontaminaci\u00f3n Atmosf\u00e9rica (PPDA) para la intercomuna. Ante este escenario, la Superintendencia del Medio Ambiente (SMA) ha intensificado estos <a href=\"https:\/\/portal.sma.gob.cl\/index.php\/region-de-nuble-sma-junto-a-las-autoridades-refuerzan-fiscalizacion-de-lena-en-medio-de-preemergencia-ambiental\/\">Leer m\u00e1s<\/a><\/p>\n","protected":false},"author":8,"featured_media":35522,"comment_status":"open","ping_status":"open","sticky":false,"template":"","format":"standard","meta":{"footnotes":""},"categories":[90,226,235],"tags":[],"class_list":["post-35518","post","type-post","status-publish","format-standard","has-post-thumbnail","hentry","category-comunicados-noticias","category-macrozona-sur","category-nuble"],"_links":{"self":[{"href":"https:\/\/portal.sma.gob.cl\/index.php\/wp-json\/wp\/v2\/posts\/35518","targetHints":{"allow":["GET"]}}],"collection":[{"href":"https:\/\/portal.sma.gob.cl\/index.php\/wp-json\/wp\/v2\/posts"}],"about":[{"href":"https:\/\/portal.sma.gob.cl\/index.php\/wp-json\/wp\/v2\/types\/post"}],"author":[{"embeddable":true,"href":"https:\/\/portal.sma.gob.cl\/index.php\/wp-json\/wp\/v2\/users\/8"}],"replies":[{"embeddable":true,"href":"https:\/\/portal.sma.gob.cl\/index.php\/wp-json\/wp\/v2\/comments?post=35518"}],"version-history":[{"count":3,"href":"https:\/\/portal.sma.gob.cl\/index.php\/wp-json\/wp\/v2\/posts\/35518\/revisions"}],"predecessor-version":[{"id":35527,"href":"https:\/\/portal.sma.gob.cl\/index.php\/wp-json\/wp\/v2\/posts\/35518\/revisions\/35527"}],"wp:featuredmedia":[{"embeddable":true,"href":"https:\/\/portal.sma.gob.cl\/index.php\/wp-json\/wp\/v2\/media\/35522"}],"wp:attachment":[{"href":"https:\/\/portal.sma.gob.cl\/index.php\/wp-json\/wp\/v2\/media?parent=35518"}],"wp:term":[{"taxonomy":"category","embeddable":true,"href":"https:\/\/portal.sma.gob.cl\/index.php\/wp-json\/wp\/v2\/categories?post=35518"},{"taxonomy":"post_tag","embeddable":true,"href":"https:\/\/portal.sma.gob.cl\/index.php\/wp-json\/wp\/v2\/tags?post=35518"}],"curies":[{"name":"wp","href":"https:\/\/api.w.org\/{rel}","templated":true}]}}