{"id":35529,"date":"2025-05-16T12:43:53","date_gmt":"2025-05-16T16:43:53","guid":{"rendered":"https:\/\/portal.sma.gob.cl\/?p=35529"},"modified":"2025-05-16T12:43:53","modified_gmt":"2025-05-16T16:43:53","slug":"dia-de-la-luz-sma-oficio-a-empresas-de-publicidad-exterior-para-dar-cumplimiento-a-la-norma-luminica","status":"publish","type":"post","link":"https:\/\/portal.sma.gob.cl\/index.php\/dia-de-la-luz-sma-oficio-a-empresas-de-publicidad-exterior-para-dar-cumplimiento-a-la-norma-luminica\/","title":{"rendered":"D\u00eda de la Luz: SMA ofici\u00f3 a empresas de publicidad exterior para dar cumplimiento a la norma lum\u00ednica"},"content":{"rendered":"<ul>\n<li><strong> Los titulares fueron informadas sobre las obligaciones de la nueva norma lum\u00ednica con el objetivo promover el cumplimiento y evitar posibles consecuencias generadas por este contaminante. <\/strong><\/li>\n<\/ul>\n<p>En el marco del D\u00eda Internacional de la Luz, la Superintendencia del Medio Ambiente (SMA) ofici\u00f3 a 29 empresas de publicidad exterior titulares de fuentes destinadas a la divulgaci\u00f3n de anuncios mediante avisos y letreros publicitarios luminosos e iluminados, con el objetivo de informar sobre las obligaciones contempladas en la nueva norma lum\u00ednica (Norma de Emisi\u00f3n de Luminosidad Artificial Generada por Alumbrados Exteriores), vigente desde octubre de 2024.<\/p>\n<p>A trav\u00e9s de este oficio, se inform\u00f3 tanto de las exigencias que ya se encuentran vigentes en todo el pa\u00eds \u2014como el apagado del alumbrado publicitario entre las 00:00 y las 07:00 horas, que comenz\u00f3 a regir el 19 de octubre de 2024\u2014 como de aquellas que tienen una aplicaci\u00f3n progresiva.<\/p>\n<p>En este contexto, entre algunas de las medidas que deber\u00e1n adoptar los titulares, se establece que la luminaria del alumbrado publicitario no podr\u00e1 superar los 50 cd\/m\u00b2 y no deber\u00e1n estar orientados hacia el cielo; los letreros luminosos deber\u00e1n ser iluminados desde arriba hacia abajo, concentrando el haz de luz en la superficie a iluminar; y se deber\u00e1n respetar los l\u00edmites de radiancia espectral seg\u00fan la zona geogr\u00e1fica.<\/p>\n<p>Esta medida se enmarca dentro de los avances de la nueva normativa lum\u00ednica que ampli\u00f3 su alcance territorial, pasando \u00fanicamente de la protecci\u00f3n de los cielos nocturnos de tres regiones del pa\u00eds \u2014Antofagasta, Atacama y Coquimbo\u2014 a una regulaci\u00f3n que abarca todo el territorio nacional, incluy\u00e9ndose la protecci\u00f3n de la biodiversidad y la salud de las personas.<\/p>\n<p>Adem\u00e1s, la norma incluye un componente preventivo que considera autorizaciones, certificaciones de productos y fiscalizaci\u00f3n por parte de la Superintendencia de Electricidad y Combustibles (SEC), especialmente respecto a la venta y uso de luminarias.<\/p>\n<p>La Superintendenta del Medio Ambiente, Marie Claude Plumer, destac\u00f3 que \u201cesta iniciativa busca informar y promover el cumplimiento por parte de los titulares, para evitar los efectos negativos que puede provocar la contaminaci\u00f3n lum\u00ednica, especialmente en zonas residenciales y ecosistemas sensibles, como \u00e1reas urbanas cercanas a rutas de aves migratorias\u201d.<\/p>\n<p>Cabe recordar que la norma lum\u00ednica establece una diferenciaci\u00f3n en t\u00e9rminos de exigencias y plazos para \u00c1reas de Protecci\u00f3n Especial, como son las \u00c1reas Astron\u00f3micas y \u00c1reas de Protecci\u00f3n de Biodiversidad, como Reservas, Parques Nacionales o comunas con mayor impacto en especies amenazadas por la contaminaci\u00f3n lum\u00ednica, se\u00f1aladas el Plan de Recuperaci\u00f3n, Conservaci\u00f3n y Gesti\u00f3n de Especies (Plan RECOGE).<\/p>\n<p>&nbsp;<\/p>\n","protected":false},"excerpt":{"rendered":"<p>Los titulares fueron informadas sobre las obligaciones de la nueva norma lum\u00ednica con el objetivo promover el cumplimiento y evitar posibles consecuencias generadas por este contaminante. En el marco del D\u00eda Internacional de la Luz, la Superintendencia del Medio Ambiente (SMA) ofici\u00f3 a 29 empresas de publicidad exterior titulares de fuentes destinadas a la divulgaci\u00f3n de <a href=\"https:\/\/portal.sma.gob.cl\/index.php\/dia-de-la-luz-sma-oficio-a-empresas-de-publicidad-exterior-para-dar-cumplimiento-a-la-norma-luminica\/\">Leer m\u00e1s<\/a><\/p>\n","protected":false},"author":19,"featured_media":33405,"comment_status":"open","ping_status":"open","sticky":false,"template":"","format":"standard","meta":{"footnotes":""},"categories":[90,107,225,94],"tags":[],"class_list":["post-35529","post","type-post","status-publish","format-standard","has-post-thumbnail","hentry","category-comunicados-noticias","category-destacado","category-macrozona-centro","category-notas-noticias"],"_links":{"self":[{"href":"https:\/\/portal.sma.gob.cl\/index.php\/wp-json\/wp\/v2\/posts\/35529","targetHints":{"allow":["GET"]}}],"collection":[{"href":"https:\/\/portal.sma.gob.cl\/index.php\/wp-json\/wp\/v2\/posts"}],"about":[{"href":"https:\/\/portal.sma.gob.cl\/index.php\/wp-json\/wp\/v2\/types\/post"}],"author":[{"embeddable":true,"href":"https:\/\/portal.sma.gob.cl\/index.php\/wp-json\/wp\/v2\/users\/19"}],"replies":[{"embeddable":true,"href":"https:\/\/portal.sma.gob.cl\/index.php\/wp-json\/wp\/v2\/comments?post=35529"}],"version-history":[{"count":1,"href":"https:\/\/portal.sma.gob.cl\/index.php\/wp-json\/wp\/v2\/posts\/35529\/revisions"}],"predecessor-version":[{"id":35530,"href":"https:\/\/portal.sma.gob.cl\/index.php\/wp-json\/wp\/v2\/posts\/35529\/revisions\/35530"}],"wp:featuredmedia":[{"embeddable":true,"href":"https:\/\/portal.sma.gob.cl\/index.php\/wp-json\/wp\/v2\/media\/33405"}],"wp:attachment":[{"href":"https:\/\/portal.sma.gob.cl\/index.php\/wp-json\/wp\/v2\/media?parent=35529"}],"wp:term":[{"taxonomy":"category","embeddable":true,"href":"https:\/\/portal.sma.gob.cl\/index.php\/wp-json\/wp\/v2\/categories?post=35529"},{"taxonomy":"post_tag","embeddable":true,"href":"https:\/\/portal.sma.gob.cl\/index.php\/wp-json\/wp\/v2\/tags?post=35529"}],"curies":[{"name":"wp","href":"https:\/\/api.w.org\/{rel}","templated":true}]}}