{"id":35533,"date":"2025-05-16T15:53:55","date_gmt":"2025-05-16T19:53:55","guid":{"rendered":"https:\/\/portal.sma.gob.cl\/?p=35533"},"modified":"2025-07-01T11:50:33","modified_gmt":"2025-07-01T15:50:33","slug":"periodo-gec-2025-fiscalizadores-de-la-sma-se-desplegaron-en-terreno-ante-la-primera-preemergencia-ambiental-del-pda-de-coyhaique","status":"publish","type":"post","link":"https:\/\/portal.sma.gob.cl\/index.php\/periodo-gec-2025-fiscalizadores-de-la-sma-se-desplegaron-en-terreno-ante-la-primera-preemergencia-ambiental-del-pda-de-coyhaique\/","title":{"rendered":"Periodo GEC 2025: Fiscalizadores de la SMA se desplegaron en terreno ante la primera Preemergencia ambiental del PDA de Coyhaique"},"content":{"rendered":"<ul>\n<li><strong><em>Inspecciones se centraron en las medidas permanentes del Plan de Descontaminaci\u00f3n Atmosf\u00e9rica (PDA), que proh\u00edbe el uso de calefactores a le\u00f1a en establecimientos comerciales y en dependencias estatales y municipales.<\/em><\/strong><\/li>\n<\/ul>\n<p>En el marco del Plan de Descontaminaci\u00f3n Atmosf\u00e9rica de Coyhaique y su zona circundante, fiscalizadores de la Superintendencia del Medio Ambiente se desplegaron en terreno durante la primera Preemergencia ambiental del periodo de Gesti\u00f3n de Episodios Cr\u00edticos (GEC) 2025, declarada por la Delegaci\u00f3n Presidencial Regional.<\/p>\n<p>Durante la jornada se fiscaliz\u00f3 el cumplimiento de las medidas permanentes establecidas en el art\u00edculo 43 del Plan, que proh\u00edbe de forma permanente el uso de calefactores a le\u00f1a en establecimientos comerciales y en dependencias de organismos de la Administraci\u00f3n del Estado y municipal.<\/p>\n<p>Al respecto, \u00d3scar Leal, Jefe Regional SMA de Ays\u00e9n hizo un llamado a todos los regulados a respetar las disposiciones del plan durante el periodo GEC: <em>\u201cEl cumplimiento de estas medidas es fundamental para avanzar en la mejora de la calidad del aire de nuestra ciudad y proteger la salud de la poblaci\u00f3n, como Superintendencia, realizaremos las acciones de fiscalizaci\u00f3n durante todo el periodo GEC\u201d.<\/em><\/p>\n<p>El Plan de Descontaminaci\u00f3n Atmosf\u00e9rica busca reducir los niveles de material particulado fino (MP2,5), uno de los principales contaminantes del aire en la zona, especialmente durante la temporada de oto\u00f1o e invierno, cuando el uso de calefacci\u00f3n a le\u00f1a se intensifica.<\/p>\n","protected":false},"excerpt":{"rendered":"<p>Inspecciones se centraron en las medidas permanentes del Plan de Descontaminaci\u00f3n Atmosf\u00e9rica (PDA), que proh\u00edbe el uso de calefactores a le\u00f1a en establecimientos comerciales y en dependencias estatales y municipales. En el marco del Plan de Descontaminaci\u00f3n Atmosf\u00e9rica de Coyhaique y su zona circundante, fiscalizadores de la Superintendencia del Medio Ambiente se desplegaron en terreno durante <a href=\"https:\/\/portal.sma.gob.cl\/index.php\/periodo-gec-2025-fiscalizadores-de-la-sma-se-desplegaron-en-terreno-ante-la-primera-preemergencia-ambiental-del-pda-de-coyhaique\/\">Leer m\u00e1s<\/a><\/p>\n","protected":false},"author":8,"featured_media":35540,"comment_status":"open","ping_status":"open","sticky":false,"template":"","format":"standard","meta":{"footnotes":""},"categories":[240,90,226],"tags":[],"class_list":["post-35533","post","type-post","status-publish","format-standard","has-post-thumbnail","hentry","category-aysen","category-comunicados-noticias","category-macrozona-sur"],"_links":{"self":[{"href":"https:\/\/portal.sma.gob.cl\/index.php\/wp-json\/wp\/v2\/posts\/35533","targetHints":{"allow":["GET"]}}],"collection":[{"href":"https:\/\/portal.sma.gob.cl\/index.php\/wp-json\/wp\/v2\/posts"}],"about":[{"href":"https:\/\/portal.sma.gob.cl\/index.php\/wp-json\/wp\/v2\/types\/post"}],"author":[{"embeddable":true,"href":"https:\/\/portal.sma.gob.cl\/index.php\/wp-json\/wp\/v2\/users\/8"}],"replies":[{"embeddable":true,"href":"https:\/\/portal.sma.gob.cl\/index.php\/wp-json\/wp\/v2\/comments?post=35533"}],"version-history":[{"count":2,"href":"https:\/\/portal.sma.gob.cl\/index.php\/wp-json\/wp\/v2\/posts\/35533\/revisions"}],"predecessor-version":[{"id":35541,"href":"https:\/\/portal.sma.gob.cl\/index.php\/wp-json\/wp\/v2\/posts\/35533\/revisions\/35541"}],"wp:featuredmedia":[{"embeddable":true,"href":"https:\/\/portal.sma.gob.cl\/index.php\/wp-json\/wp\/v2\/media\/35540"}],"wp:attachment":[{"href":"https:\/\/portal.sma.gob.cl\/index.php\/wp-json\/wp\/v2\/media?parent=35533"}],"wp:term":[{"taxonomy":"category","embeddable":true,"href":"https:\/\/portal.sma.gob.cl\/index.php\/wp-json\/wp\/v2\/categories?post=35533"},{"taxonomy":"post_tag","embeddable":true,"href":"https:\/\/portal.sma.gob.cl\/index.php\/wp-json\/wp\/v2\/tags?post=35533"}],"curies":[{"name":"wp","href":"https:\/\/api.w.org\/{rel}","templated":true}]}}