{"id":35548,"date":"2025-05-19T17:01:04","date_gmt":"2025-05-19T21:01:04","guid":{"rendered":"https:\/\/portal.sma.gob.cl\/?p=35548"},"modified":"2025-07-01T11:52:14","modified_gmt":"2025-07-01T15:52:14","slug":"agenda-internacional-sma-asistio-a-encuentro-organizado-por-el-bid-sobre-licenciamiento-y-cumplimiento-ambiental-en-america-latina","status":"publish","type":"post","link":"https:\/\/portal.sma.gob.cl\/index.php\/agenda-internacional-sma-asistio-a-encuentro-organizado-por-el-bid-sobre-licenciamiento-y-cumplimiento-ambiental-en-america-latina\/","title":{"rendered":"Agenda internacional: SMA asisti\u00f3 a encuentro organizado por el BID sobre licenciamiento y cumplimiento ambiental en Am\u00e9rica Latina"},"content":{"rendered":"<ul>\n<li><b><i><span data-contrast=\"auto\">La actividad, que se realiz\u00f3 en Bogot\u00e1, Colombia, tuvo por objetivo fortalecer la articulaci\u00f3n entre los miembros que conforman la Red Latinoamericana de Sistemas de Evaluaci\u00f3n de Impacto Ambiental (REDLASEIA), la Red Latinoamericana de Fiscalizaci\u00f3n y Cumplimiento Ambiental (REDLAFICA) y el BID.<\/span><\/i><\/b><\/li>\n<\/ul>\n<p><span data-contrast=\"auto\">La Superintendenta del Medio Ambiente de Chile y presidenta pro tempore de la Red Latinoamericana de Fiscalizaci\u00f3n y Cumplimiento Ambiental (REDLAFICA), Marie Claude Plumer, asisti\u00f3 el d\u00eda 15 de mayo al XII Di\u00e1logo Regional de Pol\u00edtica sobre Licenciamiento y Cumplimiento Ambiental y Social en Am\u00e9rica Latina y el Caribe, que se desarroll\u00f3 en la ciudad de Bogot\u00e1.<\/span><span data-ccp-props=\"{&quot;335551550&quot;:6,&quot;335551620&quot;:6}\">\u00a0<\/span><\/p>\n<p><span data-contrast=\"auto\">El evento internacional cont\u00f3 con la participaci\u00f3n de representantes de las instituciones que forman parte de REDLAFICA, REDLASEIA, Banco Interamericano de Desarrollo (BID), la Comisi\u00f3n Econ\u00f3mica para Am\u00e9rica Latina y el Caribe (CEPAL), Cooperaci\u00f3n alemana al desarrollo (GIZ), Banco Mundial, la Asociaci\u00f3n Internacional para la Evaluaci\u00f3n de Impacto (IAIA), la Red Internacional de Cumplimiento Ambientales (INECE), entre otros organismos.<\/span><span data-ccp-props=\"{&quot;335551550&quot;:6,&quot;335551620&quot;:6}\">\u00a0<\/span><\/p>\n<p><span data-contrast=\"auto\">La Superintendenta Plumer expuso en el espacio de reflexi\u00f3n y lazos de cooperaci\u00f3n regional, donde reforz\u00f3 las principales l\u00edneas de acci\u00f3n que REDLAFICA est\u00e1 desplegando, las cuales, se concentran en tem\u00e1ticas de impactos ambientales fronterizos; monitoreo participativo en fiscalizaci\u00f3n; buenas pr\u00e1cticas en fiscalizaci\u00f3n y uso de tecnolog\u00edas; modelos sancionatorios y herramientas legales para el cumplimiento; y en cambio clim\u00e1tico.<\/span><span data-ccp-props=\"{&quot;335551550&quot;:6,&quot;335551620&quot;:6}\">\u00a0<\/span><\/p>\n<p><span data-contrast=\"auto\">Al respecto, la Superintendenta relev\u00f3 que <\/span><i><span data-contrast=\"auto\">\u201ceventos de estas caracter\u00edsticas son muy importantes para todas las instituciones que formamos parte tanto de la evaluaci\u00f3n y fiscalizaci\u00f3n de instrumentos de gesti\u00f3n ambiental en toda Am\u00e9rica Latina y El Caribe, porque nos permite nutrirnos de las experiencias que est\u00e1n desplegando otros pa\u00edses en estas materias; as\u00ed como tambi\u00e9n, nos brinda la oportunidad de dar a conocer el trabajo que realizan nuestras redes\u201d.<\/span><\/i><span data-ccp-props=\"{&quot;335551550&quot;:6,&quot;335551620&quot;:6}\">\u00a0<\/span><\/p>\n<p><span data-contrast=\"auto\">Durante la tarde, en el cierre del evento, destac\u00f3 tambi\u00e9n la sinergia que se ha podido concretar entre REDLASEIA y REDLAFICA como espacio de fortalecimiento tanto el proceso de evaluaci\u00f3n como el de fiscalizaci\u00f3n ambiental y relev\u00f3 la importancia de la voluntad y trabajo conjunto de los equipos para lograr la generaci\u00f3n de gu\u00edas, capacitaciones y dialogo, que nos permitan seguir contribuyendo a la mejora ambiental de nuestros pa\u00edses.\u00a0<\/span><span data-ccp-props=\"{&quot;335551550&quot;:6,&quot;335551620&quot;:6}\">\u00a0<\/span><\/p>\n<p><span data-contrast=\"auto\">Finalmente, la Directora de ANLA y presidenta Pro Tempore de REDLASEIA, Irene V\u00e9lez, cerr\u00f3 el evento valor\u00e1ndolo como un espacio de encuentro, extendi\u00f3 la invitaci\u00f3n a los pa\u00edses miembros de REDLASEIA y REDLAFICA a participar en el Dialogo Regional de Pol\u00edtica que se realizar\u00e1 en octubre de 2025 en la ciudad de Santa Marta, Colombia y resalt\u00f3 que <\/span><i><span data-contrast=\"auto\">\u201cEsta red seguir\u00e1 creciendo porque est\u00e1 viva, porque escucha y act\u00faa. Nos llevamos no solo productos y acuerdos, sino tambi\u00e9n alianzas, aprendizajes y una renovaba convicci\u00f3n sobre que el cuidado ambiental de Am\u00e9rica Latina solo ser\u00e1 posible con dialogo, innovaci\u00f3n, cooperaci\u00f3n y una defensa rotunda a la soberan\u00eda de nuestros pueblos\u201d.<\/span><\/i><span data-ccp-props=\"{&quot;335551550&quot;:6,&quot;335551620&quot;:6}\">\u00a0<\/span><\/p>\n<p>A continuaci\u00f3n, un video resumen de todo el Di\u00e1logo:<\/p>\n<div class=\"video-shortcode\"><iframe title=\"#EnVivo: XII Di\u00e1logo Regional de Pol\u00edtica sobre Licenciamiento y Cumplimiento Ambiental y Social\" width=\"1100\" height=\"619\" src=\"https:\/\/www.youtube.com\/embed\/yHejOLqN_GE?feature=oembed\" frameborder=\"0\" allow=\"accelerometer; autoplay; clipboard-write; encrypted-media; gyroscope; picture-in-picture; web-share\" referrerpolicy=\"strict-origin-when-cross-origin\" allowfullscreen><\/iframe><\/div>\n","protected":false},"excerpt":{"rendered":"<p>La actividad, que se realiz\u00f3 en Bogot\u00e1, Colombia, tuvo por objetivo fortalecer la articulaci\u00f3n entre los miembros que conforman la Red Latinoamericana de Sistemas de Evaluaci\u00f3n de Impacto Ambiental (REDLASEIA), la Red Latinoamericana de Fiscalizaci\u00f3n y Cumplimiento Ambiental (REDLAFICA) y el BID. La Superintendenta del Medio Ambiente de Chile y presidenta pro tempore de la Red <a href=\"https:\/\/portal.sma.gob.cl\/index.php\/agenda-internacional-sma-asistio-a-encuentro-organizado-por-el-bid-sobre-licenciamiento-y-cumplimiento-ambiental-en-america-latina\/\">Leer m\u00e1s<\/a><\/p>\n","protected":false},"author":8,"featured_media":35551,"comment_status":"open","ping_status":"open","sticky":false,"template":"","format":"standard","meta":{"footnotes":""},"categories":[90,107,225,271],"tags":[],"class_list":["post-35548","post","type-post","status-publish","format-standard","has-post-thumbnail","hentry","category-comunicados-noticias","category-destacado","category-macrozona-centro","category-redlafica"],"_links":{"self":[{"href":"https:\/\/portal.sma.gob.cl\/index.php\/wp-json\/wp\/v2\/posts\/35548","targetHints":{"allow":["GET"]}}],"collection":[{"href":"https:\/\/portal.sma.gob.cl\/index.php\/wp-json\/wp\/v2\/posts"}],"about":[{"href":"https:\/\/portal.sma.gob.cl\/index.php\/wp-json\/wp\/v2\/types\/post"}],"author":[{"embeddable":true,"href":"https:\/\/portal.sma.gob.cl\/index.php\/wp-json\/wp\/v2\/users\/8"}],"replies":[{"embeddable":true,"href":"https:\/\/portal.sma.gob.cl\/index.php\/wp-json\/wp\/v2\/comments?post=35548"}],"version-history":[{"count":7,"href":"https:\/\/portal.sma.gob.cl\/index.php\/wp-json\/wp\/v2\/posts\/35548\/revisions"}],"predecessor-version":[{"id":35561,"href":"https:\/\/portal.sma.gob.cl\/index.php\/wp-json\/wp\/v2\/posts\/35548\/revisions\/35561"}],"wp:featuredmedia":[{"embeddable":true,"href":"https:\/\/portal.sma.gob.cl\/index.php\/wp-json\/wp\/v2\/media\/35551"}],"wp:attachment":[{"href":"https:\/\/portal.sma.gob.cl\/index.php\/wp-json\/wp\/v2\/media?parent=35548"}],"wp:term":[{"taxonomy":"category","embeddable":true,"href":"https:\/\/portal.sma.gob.cl\/index.php\/wp-json\/wp\/v2\/categories?post=35548"},{"taxonomy":"post_tag","embeddable":true,"href":"https:\/\/portal.sma.gob.cl\/index.php\/wp-json\/wp\/v2\/tags?post=35548"}],"curies":[{"name":"wp","href":"https:\/\/api.w.org\/{rel}","templated":true}]}}