{"id":35607,"date":"2025-05-28T10:05:05","date_gmt":"2025-05-28T14:05:05","guid":{"rendered":"https:\/\/portal.sma.gob.cl\/?p=35607"},"modified":"2025-05-28T10:05:05","modified_gmt":"2025-05-28T14:05:05","slug":"sma-es-reconocida-dentro-de-los-10-servicios-publicos-mas-innovadores-del-pais","status":"publish","type":"post","link":"https:\/\/portal.sma.gob.cl\/index.php\/sma-es-reconocida-dentro-de-los-10-servicios-publicos-mas-innovadores-del-pais\/","title":{"rendered":"SMA es reconocida dentro de los 10 servicios p\u00fablicos m\u00e1s innovadores del pa\u00eds"},"content":{"rendered":"<ul>\n<li data-leveltext=\"\uf0b7\" data-font=\"Symbol\" data-listid=\"1\" data-list-defn-props=\"{&quot;335552541&quot;:1,&quot;335559685&quot;:720,&quot;335559991&quot;:360,&quot;469769226&quot;:&quot;Symbol&quot;,&quot;469769242&quot;:[8226],&quot;469777803&quot;:&quot;left&quot;,&quot;469777804&quot;:&quot;\uf0b7&quot;,&quot;469777815&quot;:&quot;hybridMultilevel&quot;}\" aria-setsize=\"-1\" data-aria-posinset=\"1\" data-aria-level=\"1\"><strong>La Superintendencia del Medio Ambiente fue seleccionada por el Laboratorio de Gobierno en el marco del \u00cdndice de Innovaci\u00f3n P\u00fablica, en la categor\u00eda \u201cColaboraci\u00f3n y Apertura\u201d, por la estrategia desarrollada por la Instituci\u00f3n para relacionarse con actores externos, facilitando \u201cla retroalimentaci\u00f3n con usuarios y la incorporaci\u00f3n oportuna de mejoras\u201d.\u00a0\u00a0<\/strong><\/li>\n<\/ul>\n<ul>\n<li data-leveltext=\"\uf0b7\" data-font=\"Symbol\" data-listid=\"1\" data-list-defn-props=\"{&quot;335552541&quot;:1,&quot;335559685&quot;:720,&quot;335559991&quot;:360,&quot;469769226&quot;:&quot;Symbol&quot;,&quot;469769242&quot;:[8226],&quot;469777803&quot;:&quot;left&quot;,&quot;469777804&quot;:&quot;\uf0b7&quot;,&quot;469777815&quot;:&quot;hybridMultilevel&quot;}\" aria-setsize=\"-1\" data-aria-posinset=\"2\" data-aria-level=\"1\"><strong>Uno de los hitos destacados fue la implementaci\u00f3n del sistema de compensaci\u00f3n de emisiones en el marco del impuesto verde. \u201cEste proyecto destac\u00f3 no solo por su complejidad t\u00e9cnica y los altos niveles de coordinaci\u00f3n requeridos, sino tambi\u00e9n por su repercusi\u00f3n pol\u00edtica\u201d, se indica.\u00a0\u00a0<\/strong><\/li>\n<\/ul>\n<p><strong>\u00a0<\/strong><\/p>\n<p><span data-contrast=\"auto\">La Superintendencia del Medio Ambiente (SMA) fue reconocida dentro de los diez servicios p\u00fablicos m\u00e1s innovadores del pa\u00eds, de acuerdo al <a href=\"https:\/\/www.lab.gob.cl\/indice\/instituciones-destacadas\">\u00cdndice de Innovaci\u00f3n P\u00fablica 2025<\/a> que es elaborado por el Laboratorio de Gobierno, entidad dependiente del Ministerio de Hacienda. El \u00edndice, que evalu\u00f3 a 56 instituciones p\u00fablicas seg\u00fan sus capacidades de innovaci\u00f3n, reconoci\u00f3 <\/span><span data-contrast=\"auto\">\u00a0<\/span><span data-contrast=\"auto\">diez casos destacados que han instalado la innovaci\u00f3n al servicio de una gesti\u00f3n p\u00fablica m\u00e1s adaptativa y efectiva. <\/span><span data-ccp-props=\"{&quot;335551550&quot;:6,&quot;335551620&quot;:6}\">\u00a0<\/span><\/p>\n<p><span data-contrast=\"auto\">As\u00ed, la SMA fue seleccionada en la dimensi\u00f3n \u201cColaboraci\u00f3n y Apertura\u201d por su \u201cGesti\u00f3n del Entorno\u201d. De acuerdo al an\u00e1lisis, el organismo se ha abierto al di\u00e1logo y colaboraci\u00f3n con actores externos, \u201cpermiti\u00e9ndole avanzar hacia una gesti\u00f3n m\u00e1s abierta e innovadora. La Instituci\u00f3n ha desarrollado instancias participativas con representantes del sector regulado, organismos internacionales y otras entidades p\u00fablicas, con el objetivo de revisar proyectos estrat\u00e9gicos, recoger perspectivas diversas y generar soluciones con mayor p\u00fablico\u201d. <\/span><span data-ccp-props=\"{&quot;335551550&quot;:6,&quot;335551620&quot;:6}\">\u00a0<\/span><\/p>\n<p><span data-contrast=\"auto\">Adem\u00e1s, se indica que \u201cla SMA ha aprovechado aceleradores institucionales como el uso estrat\u00e9gico de sus atribuciones en asistencia al cumplimiento y la adopci\u00f3n temprana de metodolog\u00edas \u00e1giles\u201d. Junto con esto, se agrega que \u201cestas pr\u00e1cticas han facilitado la retroalimentaci\u00f3n con usuarios y la incorporaci\u00f3n oportuna de mejoras, sin comprometer su rol fiscalizador\u201d.\u00a0<\/span><span data-ccp-props=\"{&quot;335551550&quot;:6,&quot;335551620&quot;:6}\">\u00a0<\/span><\/p>\n<p><span data-contrast=\"auto\">Como parte de esto, se se\u00f1ala que uno de los hitos m\u00e1s relevantes del periodo evaluado fue la implementaci\u00f3n del sistema de compensaci\u00f3n de emisiones en el marco del impuesto verde. \u201cEste proyecto destac\u00f3 no solo por su complejidad t\u00e9cnica y los altos niveles de coordinaci\u00f3n requeridos, sino tambi\u00e9n por su repercusi\u00f3n pol\u00edtica\u201d. De esta forma, se destaca el trabajo realizado con el Banco Interamericano de Desarrollo (BID), junto a otros organismos p\u00fablicos. <\/span><span data-ccp-props=\"{&quot;335551550&quot;:6,&quot;335551620&quot;:6}\">\u00a0<\/span><\/p>\n<p><span data-contrast=\"auto\">\u201cEl cumplimiento exitoso de los objetivos de este proyecto refleja un nivel de madurez institucional significativo, evidenciado en su capacidad para gestionar iniciativas de alta complejidad t\u00e9cnica y pol\u00edtica\u201d, a\u00f1aden.\u00a0<\/span><span data-ccp-props=\"{&quot;335551550&quot;:6,&quot;335551620&quot;:6}\">\u00a0<\/span><\/p>\n<p><span data-contrast=\"auto\">La Superintendenta Marie Claude Plumer expres\u00f3 que \u201cla innovaci\u00f3n p\u00fablica no es un acto aislado de una sola persona, sino que es el resultado de un trabajo y compromiso por parte de los equipos de la Instituci\u00f3n, en funci\u00f3n de una visi\u00f3n y meta compartida. En esta l\u00ednea ha trabajado los \u00faltimos a\u00f1os la SMA, permiti\u00e9ndonos avanzar mejor en muchos frentes diferentes\u201d.\u00a0<\/span><span data-ccp-props=\"{&quot;335551550&quot;:6,&quot;335551620&quot;:6}\">\u00a0<\/span><\/p>\n<p><span data-contrast=\"auto\">En el marco del an\u00e1lisis, se reconoci\u00f3 la conformaci\u00f3n de comit\u00e9s internos integrados por representantes de distintas \u00e1reas, en el transcurso del a\u00f1o 2023, y los avances en asistencia al cumplimiento.\u00a0<\/span><span data-ccp-props=\"{&quot;335551550&quot;:6,&quot;335551620&quot;:6}\">\u00a0<\/span><\/p>\n<p><span data-contrast=\"auto\">Junto con la SMA fueron destacados el Servicio Nacional de Aduanas, la Oficina de Estudios y Pol\u00edticas Agrarias, Fonasa, ChileCompra, Corfo, la Superintendencia de Electricidad y Combustibles, la Superintendencia de Seguridad Social, la Comisi\u00f3n para el Mercado Financiero y la Superintendencia de Pensiones. <\/span><span data-ccp-props=\"{&quot;335551550&quot;:6,&quot;335551620&quot;:6}\">\u00a0<\/span><\/p>\n<p>&nbsp;<\/p>\n","protected":false},"excerpt":{"rendered":"<p>La Superintendencia del Medio Ambiente fue seleccionada por el Laboratorio de Gobierno en el marco del \u00cdndice de Innovaci\u00f3n P\u00fablica, en la categor\u00eda \u201cColaboraci\u00f3n y Apertura\u201d, por la estrategia desarrollada por la Instituci\u00f3n para relacionarse con actores externos, facilitando \u201cla retroalimentaci\u00f3n con usuarios y la incorporaci\u00f3n oportuna de mejoras\u201d.\u00a0\u00a0 Uno de los hitos destacados fue la <a href=\"https:\/\/portal.sma.gob.cl\/index.php\/sma-es-reconocida-dentro-de-los-10-servicios-publicos-mas-innovadores-del-pais\/\">Leer m\u00e1s<\/a><\/p>\n","protected":false},"author":19,"featured_media":35608,"comment_status":"open","ping_status":"open","sticky":false,"template":"","format":"standard","meta":{"footnotes":""},"categories":[90,107,225,232,94],"tags":[],"class_list":["post-35607","post","type-post","status-publish","format-standard","has-post-thumbnail","hentry","category-comunicados-noticias","category-destacado","category-macrozona-centro","category-metropolitana","category-notas-noticias"],"_links":{"self":[{"href":"https:\/\/portal.sma.gob.cl\/index.php\/wp-json\/wp\/v2\/posts\/35607","targetHints":{"allow":["GET"]}}],"collection":[{"href":"https:\/\/portal.sma.gob.cl\/index.php\/wp-json\/wp\/v2\/posts"}],"about":[{"href":"https:\/\/portal.sma.gob.cl\/index.php\/wp-json\/wp\/v2\/types\/post"}],"author":[{"embeddable":true,"href":"https:\/\/portal.sma.gob.cl\/index.php\/wp-json\/wp\/v2\/users\/19"}],"replies":[{"embeddable":true,"href":"https:\/\/portal.sma.gob.cl\/index.php\/wp-json\/wp\/v2\/comments?post=35607"}],"version-history":[{"count":1,"href":"https:\/\/portal.sma.gob.cl\/index.php\/wp-json\/wp\/v2\/posts\/35607\/revisions"}],"predecessor-version":[{"id":35609,"href":"https:\/\/portal.sma.gob.cl\/index.php\/wp-json\/wp\/v2\/posts\/35607\/revisions\/35609"}],"wp:featuredmedia":[{"embeddable":true,"href":"https:\/\/portal.sma.gob.cl\/index.php\/wp-json\/wp\/v2\/media\/35608"}],"wp:attachment":[{"href":"https:\/\/portal.sma.gob.cl\/index.php\/wp-json\/wp\/v2\/media?parent=35607"}],"wp:term":[{"taxonomy":"category","embeddable":true,"href":"https:\/\/portal.sma.gob.cl\/index.php\/wp-json\/wp\/v2\/categories?post=35607"},{"taxonomy":"post_tag","embeddable":true,"href":"https:\/\/portal.sma.gob.cl\/index.php\/wp-json\/wp\/v2\/tags?post=35607"}],"curies":[{"name":"wp","href":"https:\/\/api.w.org\/{rel}","templated":true}]}}