{"id":35680,"date":"2025-06-05T10:22:54","date_gmt":"2025-06-05T14:22:54","guid":{"rendered":"https:\/\/portal.sma.gob.cl\/?p=35680"},"modified":"2025-07-01T11:54:25","modified_gmt":"2025-07-01T15:54:25","slug":"sma-inicia-dos-procedimientos-sancionatorios-contra-titulares-que-incumplieron-medidas-de-los-planes-de-descontaminacion-vigentes-en-la-region-del-biobio","status":"publish","type":"post","link":"https:\/\/portal.sma.gob.cl\/index.php\/sma-inicia-dos-procedimientos-sancionatorios-contra-titulares-que-incumplieron-medidas-de-los-planes-de-descontaminacion-vigentes-en-la-region-del-biobio\/","title":{"rendered":"SMA inicia dos procedimientos sancionatorios contra titulares que incumplieron medidas de los Planes de Descontaminaci\u00f3n vigentes en la regi\u00f3n del Biob\u00edo"},"content":{"rendered":"<ul>\n<li><strong>Las empresas Inmobiliaria Espacio Pac\u00edfico S.A. y Mar Fusi\u00f3n S.A., arriesgan cada una, sanciones de hasta cinco mil unidades tributarias anuales (UTA).<\/strong><\/li>\n<\/ul>\n<p>La Superintendencia del Medio Ambiente (SMA) inici\u00f3 dos procedimientos sancionatorios con la formulaci\u00f3n de cargos en contra de las empresas Inmobiliaria Espacio Pac\u00edfico S.A., titular del establecimiento denominado \u201cProyecto inmobiliario Jardines de Avellaneda II\u201d, por el incumplimiento del Plan de Descontaminaci\u00f3n Atmosf\u00e9rica (PDA), que rige para la comuna de Los \u00c1ngeles; y contra la empresa Mar Fusi\u00f3n S.A., titular del establecimiento denominado \u201cMar Fusi\u00f3n Ex Azul Profundo\u201d, por incumplimientos del PDA que rige para las comunas de Concepci\u00f3n Metropolitano.<\/p>\n<p>Respecto a la <strong>Inmobiliaria Espacio Pac\u00edfico S.A.<\/strong>, se realizaron cuatro requerimientos de informaci\u00f3n al titular, y tras el an\u00e1lisis legal de todos estos antecedentes, la SMA le imput\u00f3 una infracci\u00f3n clasificada como grave, luego de verificar que el titular no ha dado cumplimiento del Programa de Compensaci\u00f3n de Emisiones (PCE) aprobado mediante la Resoluci\u00f3n Exenta N\u00b0507\/2022, al no ejecutar el recambio de 77 calefactores a le\u00f1a comprometidos, en el marco del cumplimiento del PDA de la comuna de Los \u00c1ngeles.<\/p>\n<p>En cuanto a la empresa <strong>Mar Fusi\u00f3n S.A.<\/strong>, la SMA realiz\u00f3 una actividad de inspecci\u00f3n ambiental al proyecto y luego del an\u00e1lisis legal de estos antecedentes, la instituci\u00f3n le imput\u00f3 al titular un cargo grave por haber superado el l\u00edmite m\u00e1ximo de emisi\u00f3n de material particulado (MP) respecto de la caldera del establecimiento (registro SSCON-189), en muestreo isocin\u00e9tico de fecha 09\/07\/2024.<\/p>\n<p>Al respecto, la\u00a0<strong>Superintendenta Marie Claude Plumer<\/strong>\u00a0explic\u00f3 que\u00a0<em>\u201ces importante recordar a los titulares que el cumplimiento ambiental es una obligaci\u00f3n y parte de las reglas para poder desarrollar cualquier actividad econ\u00f3mica. Los Planes de Descontaminaci\u00f3n tienen un objetivo muy importante que es reducir los niveles de contaminaci\u00f3n en el aire, y as\u00ed, resguardar la salud de las personas. Por esta raz\u00f3n, es esencial que los titulares respeten lo establecido en materia de control de emisiones para fuentes fijas\u201d.<\/em><em>\u202f<\/em><em>\u00a0<\/em><\/p>\n<p>Las infracciones, al ser clasificadas como graves, hacen que cada empresa arriesgue una sanci\u00f3n de hasta 5.000 UTA, equivalente a m\u00e1s $4.127 millones de pesos. Tras la formulaci\u00f3n de cargos, cada titular tiene 22 d\u00edas para presentar sus descargos, o bien, 15 d\u00edas para presentar un Programa de Cumplimiento ante la SMA.<\/p>\n<p>M\u00e1s informaci\u00f3n de estas formulaciones de cargos en el Sistema Nacional de Informaci\u00f3n de Fiscalizaci\u00f3n Ambiental (SNIFA):<\/p>\n<ul>\n<li><strong>Inmobiliaria Espacio Pac\u00edfico S.A.: <\/strong><a href=\"https:\/\/snifa.sma.gob.cl\/Sancionatorio\/Ficha\/4047\"><strong>https:\/\/snifa.sma.gob.cl\/Sancionatorio\/Ficha\/4047<\/strong><\/a><\/li>\n<li><strong>Mar Fusi\u00f3n S.A.: <\/strong><a href=\"https:\/\/snifa.sma.gob.cl\/Sancionatorio\/Ficha\/4079\"><strong>https:\/\/snifa.sma.gob.cl\/Sancionatorio\/Ficha\/4079<\/strong><\/a><\/li>\n<\/ul>\n","protected":false},"excerpt":{"rendered":"<p>Las empresas Inmobiliaria Espacio Pac\u00edfico S.A. y Mar Fusi\u00f3n S.A., arriesgan cada una, sanciones de hasta cinco mil unidades tributarias anuales (UTA). La Superintendencia del Medio Ambiente (SMA) inici\u00f3 dos procedimientos sancionatorios con la formulaci\u00f3n de cargos en contra de las empresas Inmobiliaria Espacio Pac\u00edfico S.A., titular del establecimiento denominado \u201cProyecto inmobiliario Jardines de Avellaneda II\u201d, <a href=\"https:\/\/portal.sma.gob.cl\/index.php\/sma-inicia-dos-procedimientos-sancionatorios-contra-titulares-que-incumplieron-medidas-de-los-planes-de-descontaminacion-vigentes-en-la-region-del-biobio\/\">Leer m\u00e1s<\/a><\/p>\n","protected":false},"author":8,"featured_media":35682,"comment_status":"open","ping_status":"open","sticky":false,"template":"","format":"standard","meta":{"footnotes":""},"categories":[236,90,107,226],"tags":[],"class_list":["post-35680","post","type-post","status-publish","format-standard","has-post-thumbnail","hentry","category-biobio","category-comunicados-noticias","category-destacado","category-macrozona-sur"],"_links":{"self":[{"href":"https:\/\/portal.sma.gob.cl\/index.php\/wp-json\/wp\/v2\/posts\/35680","targetHints":{"allow":["GET"]}}],"collection":[{"href":"https:\/\/portal.sma.gob.cl\/index.php\/wp-json\/wp\/v2\/posts"}],"about":[{"href":"https:\/\/portal.sma.gob.cl\/index.php\/wp-json\/wp\/v2\/types\/post"}],"author":[{"embeddable":true,"href":"https:\/\/portal.sma.gob.cl\/index.php\/wp-json\/wp\/v2\/users\/8"}],"replies":[{"embeddable":true,"href":"https:\/\/portal.sma.gob.cl\/index.php\/wp-json\/wp\/v2\/comments?post=35680"}],"version-history":[{"count":2,"href":"https:\/\/portal.sma.gob.cl\/index.php\/wp-json\/wp\/v2\/posts\/35680\/revisions"}],"predecessor-version":[{"id":35683,"href":"https:\/\/portal.sma.gob.cl\/index.php\/wp-json\/wp\/v2\/posts\/35680\/revisions\/35683"}],"wp:featuredmedia":[{"embeddable":true,"href":"https:\/\/portal.sma.gob.cl\/index.php\/wp-json\/wp\/v2\/media\/35682"}],"wp:attachment":[{"href":"https:\/\/portal.sma.gob.cl\/index.php\/wp-json\/wp\/v2\/media?parent=35680"}],"wp:term":[{"taxonomy":"category","embeddable":true,"href":"https:\/\/portal.sma.gob.cl\/index.php\/wp-json\/wp\/v2\/categories?post=35680"},{"taxonomy":"post_tag","embeddable":true,"href":"https:\/\/portal.sma.gob.cl\/index.php\/wp-json\/wp\/v2\/tags?post=35680"}],"curies":[{"name":"wp","href":"https:\/\/api.w.org\/{rel}","templated":true}]}}