{"id":35685,"date":"2025-06-05T13:15:10","date_gmt":"2025-06-05T17:15:10","guid":{"rendered":"https:\/\/portal.sma.gob.cl\/?p=35685"},"modified":"2025-07-01T11:56:31","modified_gmt":"2025-07-01T15:56:31","slug":"en-el-dia-mundial-del-medio-ambiente-sma-inaugura-nueva-delegacion-en-los-angeles","status":"publish","type":"post","link":"https:\/\/portal.sma.gob.cl\/index.php\/en-el-dia-mundial-del-medio-ambiente-sma-inaugura-nueva-delegacion-en-los-angeles\/","title":{"rendered":"En el D\u00eda Mundial del Medio Ambiente: SMA inaugura nueva delegaci\u00f3n en Los \u00c1ngeles"},"content":{"rendered":"<ul>\n<li><strong>La nueva dependencia es la n\u00famero 13 en este formato a lo largo de Chile y estar\u00e1 ubicada f\u00edsicamente en la Delegaci\u00f3n Presidencial Provincial del Biob\u00edo.<\/strong><\/li>\n<li><strong>Las delegaciones exclusivas de la SMA se constituyen como extensiones de las oficinas regionales, en comunas o territorios alejados. <\/strong><\/li>\n<\/ul>\n<p>En el contexto de la conmemoraci\u00f3n del D\u00eda Mundial del Medio Ambiente, esta ma\u00f1ana la Superintendencia del Medio Ambiente (SMA) inaugur\u00f3 una nueva delegaci\u00f3n exclusiva en la Regi\u00f3n del Biob\u00edo, en la ciudad de Los \u00c1ngeles, con el objetivo de extender su presencia territorial y abarcar proyectos relevantes de la provincia del Biob\u00edo.<\/p>\n<p>La inauguraci\u00f3n fue liderada por la Superintendenta del Medio Ambiente, Marie Claude Plumer, el subsecretario del Medio Ambiente, Maximiliano Proa\u00f1o, y el Delegado Presidencial Provincial del Biob\u00edo, Javier Fuchslocher, entre otras autoridades de la zona.<\/p>\n<p>La nueva delegaci\u00f3n de Los \u00c1ngeles \u2013que contar\u00e1 con una fiscalizadora exclusiva para este territorio- se convierte, de esta forma, en la n\u00famero 13 del pa\u00eds y la segunda ubicada en la Regi\u00f3n del Biob\u00edo, que ya cuenta con una delegaci\u00f3n exclusiva para la comuna de Coronel.<\/p>\n<p>La Superintendenta del Medio Ambiente, Marie Claude Plumer, explic\u00f3 que <em>\u201cse trata de una muy buena noticia el poder contar con una nueva dependencia de la SMA en la Regi\u00f3n del Biob\u00edo, que acerca la fiscalizaci\u00f3n al territorio. Esta delegaci\u00f3n se instala en el marco del trabajo de descentralizaci\u00f3n que est\u00e1 realizando el Estado para hacerse cargo de las problem\u00e1ticas ambientales y asegurar una gesti\u00f3n ambiental m\u00e1s eficiente y eficaz, mejorando nuestro trabajo de fiscalizaci\u00f3n y tambi\u00e9n de respuestas a la ciudadan\u00eda\u201d. <\/em><\/p>\n<p>Adem\u00e1s, agreg\u00f3 que <em>\u201cquisiera agradecer la colaboraci\u00f3n y disposici\u00f3n del Delegado Presidencial Provincial, por haber facilitado el espacio f\u00edsico para que esto fuera posible\u201d. <\/em><\/p>\n<p>El subsecretario Proa\u00f1o, se\u00f1al\u00f3 que \u201c<em>la apertura de esta nueva delegaci\u00f3n de la SMA en Los \u00c1ngeles es una se\u00f1al clara del compromiso de nuestro gobierno con la justicia ambiental y con el derecho de las personas a vivir en un ambiente sano. Esta es una provincia con importantes desaf\u00edos ambientales, especialmente en calidad del aire y control de ruidos\u201d. \u201cPor eso, con esta oficina acercamos la fiscalizaci\u00f3n al territorio, fortalecemos la capacidad del Estado y, sobre todo, escuchamos a las comunidades que exigen una acci\u00f3n m\u00e1s efectiva y presente\u201d, <\/em>a\u00f1adi\u00f3.<\/p>\n<p>En tanto, el Delegado Presidencial Javier Fuchslocher expres\u00f3 que \u201c<em>para nosotros es sumamente relevante poder contar con esta nueva oficina no s\u00f3lo para la comuna de Los \u00c1ngeles sino que para toda la provincia de Biob\u00edo. Sabemos la importancia que pone nuestro Gobierno en acercar los servicios p\u00fablicos a todos los territorios y ac\u00e1 vemos los frutos que van en beneficio directo de los vecinos<\/em>\u201d.<\/p>\n<p>Las delegaciones exclusivas tienen como funci\u00f3n la fiscalizaci\u00f3n en terreno de Resoluciones de Calificaci\u00f3n Ambiental (RCA) y normas de emisi\u00f3n (como, por ejemplo: ruidos), la recepci\u00f3n de denuncias, atenci\u00f3n al p\u00fablico, apoyo a la Delegaci\u00f3n Provincial, contacto directo e informaci\u00f3n a la Oficina Regional.\u00a0En este caso, la delegaci\u00f3n exclusiva Los \u00c1ngeles -que estar\u00e1 ubicada en la Delegaci\u00f3n Presidencial Provincial del Biob\u00edo (Caupolic\u00e1n N\u00b0410) forma parte de la Oficina Regional del Biob\u00edo, a cargo de Juan Pablo Granzow.<\/p>\n<p><em>\u201cLos habitantes de la Provincia de Biob\u00edo podr\u00e1n acudir directamente a denunciar temas de competencia de la SMA a esta nueva delegaci\u00f3n. La Oficina Regional se mantendr\u00e1 en constante monitoreo y apoyo para contingencias que requieran refuerzo\u201d<\/em>, agreg\u00f3 el jefe de la Oficina Regional de la SMA Biob\u00edo, Juan Pablo Granzow.<\/p>\n<p>Esta nueva dependencia se suma a las ya operativas en zonas como Calama (Antofagasta), Huasco (Atacama), Choapa (Coquimbo), Quintero, Puchuncav\u00ed, Catemu, San Antonio (Valpara\u00edso), Coronel (Biob\u00edo), Araucan\u00eda Lacustre y Malleco (La Araucan\u00eda), Osorno y Chilo\u00e9 (Los Lagos). Todas ellas permiten a la instituci\u00f3n priorizar territorios que requieren atenci\u00f3n en fiscalizaci\u00f3n y acciones de correcci\u00f3n por su vulnerabilidad ambiental, adem\u00e1s de las 16 Oficinas Regionales ubicadas en todas las capitales del territorio nacional.<\/p>\n<p>&nbsp;<\/p>\n","protected":false},"excerpt":{"rendered":"<p>La nueva dependencia es la n\u00famero 13 en este formato a lo largo de Chile y estar\u00e1 ubicada f\u00edsicamente en la Delegaci\u00f3n Presidencial Provincial del Biob\u00edo. Las delegaciones exclusivas de la SMA se constituyen como extensiones de las oficinas regionales, en comunas o territorios alejados. En el contexto de la conmemoraci\u00f3n del D\u00eda Mundial del Medio <a href=\"https:\/\/portal.sma.gob.cl\/index.php\/en-el-dia-mundial-del-medio-ambiente-sma-inaugura-nueva-delegacion-en-los-angeles\/\">Leer m\u00e1s<\/a><\/p>\n","protected":false},"author":19,"featured_media":35686,"comment_status":"open","ping_status":"open","sticky":false,"template":"","format":"standard","meta":{"footnotes":""},"categories":[236,90,107,226],"tags":[],"class_list":["post-35685","post","type-post","status-publish","format-standard","has-post-thumbnail","hentry","category-biobio","category-comunicados-noticias","category-destacado","category-macrozona-sur"],"_links":{"self":[{"href":"https:\/\/portal.sma.gob.cl\/index.php\/wp-json\/wp\/v2\/posts\/35685","targetHints":{"allow":["GET"]}}],"collection":[{"href":"https:\/\/portal.sma.gob.cl\/index.php\/wp-json\/wp\/v2\/posts"}],"about":[{"href":"https:\/\/portal.sma.gob.cl\/index.php\/wp-json\/wp\/v2\/types\/post"}],"author":[{"embeddable":true,"href":"https:\/\/portal.sma.gob.cl\/index.php\/wp-json\/wp\/v2\/users\/19"}],"replies":[{"embeddable":true,"href":"https:\/\/portal.sma.gob.cl\/index.php\/wp-json\/wp\/v2\/comments?post=35685"}],"version-history":[{"count":2,"href":"https:\/\/portal.sma.gob.cl\/index.php\/wp-json\/wp\/v2\/posts\/35685\/revisions"}],"predecessor-version":[{"id":35691,"href":"https:\/\/portal.sma.gob.cl\/index.php\/wp-json\/wp\/v2\/posts\/35685\/revisions\/35691"}],"wp:featuredmedia":[{"embeddable":true,"href":"https:\/\/portal.sma.gob.cl\/index.php\/wp-json\/wp\/v2\/media\/35686"}],"wp:attachment":[{"href":"https:\/\/portal.sma.gob.cl\/index.php\/wp-json\/wp\/v2\/media?parent=35685"}],"wp:term":[{"taxonomy":"category","embeddable":true,"href":"https:\/\/portal.sma.gob.cl\/index.php\/wp-json\/wp\/v2\/categories?post=35685"},{"taxonomy":"post_tag","embeddable":true,"href":"https:\/\/portal.sma.gob.cl\/index.php\/wp-json\/wp\/v2\/tags?post=35685"}],"curies":[{"name":"wp","href":"https:\/\/api.w.org\/{rel}","templated":true}]}}