{"id":35722,"date":"2025-06-23T15:24:59","date_gmt":"2025-06-23T19:24:59","guid":{"rendered":"https:\/\/portal.sma.gob.cl\/?p=35722"},"modified":"2025-06-23T15:32:49","modified_gmt":"2025-06-23T19:32:49","slug":"los-lagos-sma-inicia-procedimiento-para-verificar-si-el-proyecto-de-extraccion-de-aridos-constructora-rio-negro-debe-someterse-a-evaluacion-ambiental","status":"publish","type":"post","link":"https:\/\/portal.sma.gob.cl\/index.php\/los-lagos-sma-inicia-procedimiento-para-verificar-si-el-proyecto-de-extraccion-de-aridos-constructora-rio-negro-debe-someterse-a-evaluacion-ambiental\/","title":{"rendered":"Los Lagos: SMA inicia procedimiento para verificar si el proyecto de extracci\u00f3n de \u00e1ridos Constructora R\u00edo Negro debe someterse a evaluaci\u00f3n ambiental"},"content":{"rendered":"<ul>\n<li><strong>La Superintendencia del Medio Ambiente realiz\u00f3 actividades de fiscalizaci\u00f3n donde se evidenci\u00f3 que el volumen de extracci\u00f3n de \u00e1ridos realizado por el titular excede de manera significativa el umbral establecido en el Reglamento SEIA, sin haberse sometido a evaluaci\u00f3n ambiental. <\/strong><\/li>\n<\/ul>\n<p>La Superintendencia del Medio Ambiente inicio un procedimiento de requerimiento de ingreso al Sistema de Evaluaci\u00f3n de Impacto Ambiental (SEIA) contra el proyecto \u00c1ridos Constructora R\u00edo Negro, del titular Constructora R\u00edo Negro, que se encuentra ubicado en la comuna de Puerto Montt, Regi\u00f3n de Los Lagos.<\/p>\n<p>Es importante se\u00f1alar que este procedimiento pretende recabar antecedentes que permitan a la Superintendencia determinar si corresponde o no exigir al proyecto el ingreso a evaluaci\u00f3n ambiental.<\/p>\n<p>El origen del caso se enmarca en el ingreso de dos denuncias contra la faena de extracci\u00f3n de \u00e1ridos, relacionadas con la supuesta tala de bosque nativo para la ejecuci\u00f3n del proyecto, y la extracci\u00f3n de \u00e1ridos en cantidades que requieren evaluaci\u00f3n ambiental.<\/p>\n<p>Ante esto, fiscalizadores de la Superintendencia del Medio Ambiente realizaron 3 actividades de inspecci\u00f3n ambiental que incluyeron sobrevuelos a trav\u00e9s de dron y recorridos a la faena de extracci\u00f3n, adem\u00e1s de un requerimiento de informaci\u00f3n al titular donde este inform\u00f3 que la cantidad aproximada de material extra\u00eddo en la faena corresponde a 252.000 m\u00b3.<\/p>\n<p>A trav\u00e9s de estas actividades se pudo concluir que el volumen de extracci\u00f3n excede significativamente el umbral de ingreso de 100.000m3 establecido en el Reglamento del SEIA. \u00a0Asimismo, se pudo determinar que el \u00e1rea de intervenci\u00f3n corresponde a una superficie de 5,2 hect\u00e1reas, lo que tambi\u00e9n sobrepasa el umbral de ingreso de 5 hect\u00e1reas.<\/p>\n<p>La jefa de la Oficina Regional de Los Lagos, Ivonne Mansilla, destac\u00f3 que \u201cconsiderando que el volumen y el \u00e1rea de extracci\u00f3n superan el umbral establecido, tenemos indicios suficientes para iniciar un procedimiento de requerimiento de ingreso al SEIA, el cual tiene como objetivo recabar antecedentes que permitan determinar si corresponde o no exigir el ingreso a evaluaci\u00f3n ambiental\u201d.<\/p>\n<p>Actualmente, el titular cuenta con un plazo de 15 d\u00edas h\u00e1biles para hacer valer sus observaciones, alegaciones o pruebas, frente a la hip\u00f3tesis de elusi\u00f3n levantada por la Superintendencia.<\/p>\n<p>M\u00e1s informaci\u00f3n de este requerimiento de ingreso en el Sistema Nacional de Informaci\u00f3n de Fiscalizaci\u00f3n Ambiental (SNIFA): https:\/\/snifa.sma.gob.cl\/RequerimientoIngreso\/Ficha\/233<\/p>\n","protected":false},"excerpt":{"rendered":"<p>La Superintendencia del Medio Ambiente realiz\u00f3 actividades de fiscalizaci\u00f3n donde se evidenci\u00f3 que el volumen de extracci\u00f3n de \u00e1ridos realizado por el titular excede de manera significativa el umbral establecido en el Reglamento SEIA, sin haberse sometido a evaluaci\u00f3n ambiental. La Superintendencia del Medio Ambiente inicio un procedimiento de requerimiento de ingreso al Sistema de Evaluaci\u00f3n <a href=\"https:\/\/portal.sma.gob.cl\/index.php\/los-lagos-sma-inicia-procedimiento-para-verificar-si-el-proyecto-de-extraccion-de-aridos-constructora-rio-negro-debe-someterse-a-evaluacion-ambiental\/\">Leer m\u00e1s<\/a><\/p>\n","protected":false},"author":19,"featured_media":35723,"comment_status":"open","ping_status":"open","sticky":false,"template":"","format":"standard","meta":{"footnotes":""},"categories":[90,107,226,94],"tags":[],"class_list":["post-35722","post","type-post","status-publish","format-standard","has-post-thumbnail","hentry","category-comunicados-noticias","category-destacado","category-macrozona-sur","category-notas-noticias"],"_links":{"self":[{"href":"https:\/\/portal.sma.gob.cl\/index.php\/wp-json\/wp\/v2\/posts\/35722","targetHints":{"allow":["GET"]}}],"collection":[{"href":"https:\/\/portal.sma.gob.cl\/index.php\/wp-json\/wp\/v2\/posts"}],"about":[{"href":"https:\/\/portal.sma.gob.cl\/index.php\/wp-json\/wp\/v2\/types\/post"}],"author":[{"embeddable":true,"href":"https:\/\/portal.sma.gob.cl\/index.php\/wp-json\/wp\/v2\/users\/19"}],"replies":[{"embeddable":true,"href":"https:\/\/portal.sma.gob.cl\/index.php\/wp-json\/wp\/v2\/comments?post=35722"}],"version-history":[{"count":1,"href":"https:\/\/portal.sma.gob.cl\/index.php\/wp-json\/wp\/v2\/posts\/35722\/revisions"}],"predecessor-version":[{"id":35724,"href":"https:\/\/portal.sma.gob.cl\/index.php\/wp-json\/wp\/v2\/posts\/35722\/revisions\/35724"}],"wp:featuredmedia":[{"embeddable":true,"href":"https:\/\/portal.sma.gob.cl\/index.php\/wp-json\/wp\/v2\/media\/35723"}],"wp:attachment":[{"href":"https:\/\/portal.sma.gob.cl\/index.php\/wp-json\/wp\/v2\/media?parent=35722"}],"wp:term":[{"taxonomy":"category","embeddable":true,"href":"https:\/\/portal.sma.gob.cl\/index.php\/wp-json\/wp\/v2\/categories?post=35722"},{"taxonomy":"post_tag","embeddable":true,"href":"https:\/\/portal.sma.gob.cl\/index.php\/wp-json\/wp\/v2\/tags?post=35722"}],"curies":[{"name":"wp","href":"https:\/\/api.w.org\/{rel}","templated":true}]}}