{"id":35784,"date":"2025-07-01T13:10:32","date_gmt":"2025-07-01T17:10:32","guid":{"rendered":"https:\/\/portal.sma.gob.cl\/?p=35784"},"modified":"2025-07-01T13:10:32","modified_gmt":"2025-07-01T17:10:32","slug":"sma-realizo-taller-de-asistencia-al-cumplimiento-por-planes-de-descontaminacion-atmosferica-de-maule","status":"publish","type":"post","link":"https:\/\/portal.sma.gob.cl\/index.php\/sma-realizo-taller-de-asistencia-al-cumplimiento-por-planes-de-descontaminacion-atmosferica-de-maule\/","title":{"rendered":"SMA realiz\u00f3 taller de asistencia al cumplimiento por Planes de Descontaminaci\u00f3n Atmosf\u00e9rica de Maule"},"content":{"rendered":"<p>La Superintendencia del Medio Ambiente (SMA) realiz\u00f3 un taller de asistencia al cumplimiento dirigido a los titulares de las fuentes afectas a los Planes de Descontaminaci\u00f3n Atmosf\u00e9rica de la Regi\u00f3n del Maule (PDA Talca-Maule y PDA Valle Central de la Provincia de Curic\u00f3).<\/p>\n<p>La actividad se realiz\u00f3 en la Corporaci\u00f3n Cultural de la Municipalidad de Curic\u00f3 y cont\u00f3 con representantes de distintas empresas.<\/p>\n<p>El objetivo del taller fue reforzar el cumplimiento de las medidas establecidas en los planes y capacitar respecto de las obligaciones de catastro y reporte de muestreo y medici\u00f3n de material particulado y SO2 en el <a href=\"https:\/\/sisat.sma.gob.cl\/\">Sistema de Seguimiento Atmosf\u00e9rico<\/a> (SISAT) de la SMA.\u00a0 Adem\u00e1s, se dieron ejemplos pr\u00e1cticos de c\u00f3mo utilizar la plataforma y c\u00f3mo se procesa la informaci\u00f3n.<\/p>\n<p>La capacitaci\u00f3n estuvo a cargo de la Oficina Regional de la SMA en Maule, junto a profesionales de la Divisi\u00f3n de Fiscalizaci\u00f3n y del Departamento de Informaci\u00f3n y Seguimiento Ambiental.<\/p>\n","protected":false},"excerpt":{"rendered":"<p>La Superintendencia del Medio Ambiente (SMA) realiz\u00f3 un taller de asistencia al cumplimiento dirigido a los titulares de las fuentes afectas a los Planes de Descontaminaci\u00f3n Atmosf\u00e9rica de la Regi\u00f3n del Maule (PDA Talca-Maule y PDA Valle Central de la Provincia de Curic\u00f3). La actividad se realiz\u00f3 en la Corporaci\u00f3n Cultural de la Municipalidad de Curic\u00f3 <a href=\"https:\/\/portal.sma.gob.cl\/index.php\/sma-realizo-taller-de-asistencia-al-cumplimiento-por-planes-de-descontaminacion-atmosferica-de-maule\/\">Leer m\u00e1s<\/a><\/p>\n","protected":false},"author":13,"featured_media":35785,"comment_status":"open","ping_status":"open","sticky":false,"template":"","format":"standard","meta":{"footnotes":""},"categories":[252,90,225],"tags":[],"class_list":["post-35784","post","type-post","status-publish","format-standard","has-post-thumbnail","hentry","category-asistencia-al-cumplimiento","category-comunicados-noticias","category-macrozona-centro"],"_links":{"self":[{"href":"https:\/\/portal.sma.gob.cl\/index.php\/wp-json\/wp\/v2\/posts\/35784","targetHints":{"allow":["GET"]}}],"collection":[{"href":"https:\/\/portal.sma.gob.cl\/index.php\/wp-json\/wp\/v2\/posts"}],"about":[{"href":"https:\/\/portal.sma.gob.cl\/index.php\/wp-json\/wp\/v2\/types\/post"}],"author":[{"embeddable":true,"href":"https:\/\/portal.sma.gob.cl\/index.php\/wp-json\/wp\/v2\/users\/13"}],"replies":[{"embeddable":true,"href":"https:\/\/portal.sma.gob.cl\/index.php\/wp-json\/wp\/v2\/comments?post=35784"}],"version-history":[{"count":1,"href":"https:\/\/portal.sma.gob.cl\/index.php\/wp-json\/wp\/v2\/posts\/35784\/revisions"}],"predecessor-version":[{"id":35786,"href":"https:\/\/portal.sma.gob.cl\/index.php\/wp-json\/wp\/v2\/posts\/35784\/revisions\/35786"}],"wp:featuredmedia":[{"embeddable":true,"href":"https:\/\/portal.sma.gob.cl\/index.php\/wp-json\/wp\/v2\/media\/35785"}],"wp:attachment":[{"href":"https:\/\/portal.sma.gob.cl\/index.php\/wp-json\/wp\/v2\/media?parent=35784"}],"wp:term":[{"taxonomy":"category","embeddable":true,"href":"https:\/\/portal.sma.gob.cl\/index.php\/wp-json\/wp\/v2\/categories?post=35784"},{"taxonomy":"post_tag","embeddable":true,"href":"https:\/\/portal.sma.gob.cl\/index.php\/wp-json\/wp\/v2\/tags?post=35784"}],"curies":[{"name":"wp","href":"https:\/\/api.w.org\/{rel}","templated":true}]}}