{"id":36154,"date":"2025-07-21T16:32:53","date_gmt":"2025-07-21T20:32:53","guid":{"rendered":"https:\/\/portal.sma.gob.cl\/?p=36154"},"modified":"2025-07-21T16:32:53","modified_gmt":"2025-07-21T20:32:53","slug":"proyecto-que-fortalece-la-sma-comision-de-medio-ambiente-del-senado-aprobo-idea-de-legislar-la-iniciativa-y-continua-su-avance","status":"publish","type":"post","link":"https:\/\/portal.sma.gob.cl\/index.php\/proyecto-que-fortalece-la-sma-comision-de-medio-ambiente-del-senado-aprobo-idea-de-legislar-la-iniciativa-y-continua-su-avance\/","title":{"rendered":"Proyecto que fortalece la SMA: Comisi\u00f3n de Medio Ambiente del Senado aprob\u00f3 idea de legislar la iniciativa y contin\u00faa su avance"},"content":{"rendered":"<ul>\n<li aria-setsize=\"-1\" data-leveltext=\"\uf0b7\" data-font=\"Symbol\" data-listid=\"1\" data-list-defn-props=\"{&quot;335552541&quot;:1,&quot;335559685&quot;:720,&quot;335559991&quot;:360,&quot;469769226&quot;:&quot;Symbol&quot;,&quot;469769242&quot;:[8226],&quot;469777803&quot;:&quot;left&quot;,&quot;469777804&quot;:&quot;\uf0b7&quot;,&quot;469777815&quot;:&quot;hybridMultilevel&quot;}\" data-aria-posinset=\"1\" data-aria-level=\"1\"><span data-contrast=\"auto\">Con esto, la Sala del Senado votar\u00e1 ahora la idea de legislar el proyecto del Ejecutivo, que est\u00e1 en segundo tr\u00e1mite. La iniciativa que moderniza la instituci\u00f3n y le proporciona nuevas y mejores herramientas para robustecer la fiscalizaci\u00f3n y el cumplimiento ambiental.<\/span><span data-ccp-props=\"{&quot;335551550&quot;:6,&quot;335551620&quot;:6}\">\u00a0<\/span><\/li>\n<\/ul>\n<p><span data-ccp-props=\"{&quot;335551550&quot;:6,&quot;335551620&quot;:6}\">\u00a0<\/span><\/p>\n<p><span data-contrast=\"auto\">Este lunes, la Comisi\u00f3n de Medio Ambiente, Cambio Clim\u00e1tico y Bienes Nacionales del Senado aprob\u00f3 la idea de legislar el proyecto que fortalece y mejora la eficiencia de la fiscalizaci\u00f3n y el cumplimiento ambiental de la Superintendencia del Medio Ambiente (SMA). De esta forma, la iniciativa ingresada por el Ejecutivo en enero de 2024 pasar\u00e1 a Sala.<\/span><span data-ccp-props=\"{&quot;335551550&quot;:6,&quot;335551620&quot;:6}\">\u00a0<\/span><\/p>\n<p><span data-contrast=\"auto\">Entre sus objetivos, el proyecto busca reformar la Ley Org\u00e1nica de la SMA a fin de robustecer su marco institucional, incorporando nuevas y mejores herramientas para fortalecer la fiscalizaci\u00f3n e incentivar el cumplimiento de la regulaci\u00f3n ambiental vigente en Chile. Junto con esto, la iniciativa del Ministerio del Medio Ambiente avanza en un modelo que permitir\u00e1 a la SMA entregar respuestas m\u00e1s eficientes, fijar reglas claras y agilizar la toma de decisiones.\u00a0<\/span><span data-ccp-props=\"{&quot;335551550&quot;:6,&quot;335551620&quot;:6}\">\u00a0<\/span><\/p>\n<p><span data-contrast=\"auto\">Adem\u00e1s, entre otras materias, se propone una mejora en la gesti\u00f3n de las denuncias, estableciendo plazos m\u00e1s acotados para la respuesta de admisibilidad y la entrega de resultados.\u00a0<\/span><span data-ccp-props=\"{&quot;335551550&quot;:6,&quot;335551620&quot;:6}\">\u00a0<\/span><\/p>\n<p><span data-contrast=\"auto\">Al salir de la comisi\u00f3n, la ministra del Medio Ambiente, Maisa Rojas, se\u00f1al\u00f3 que \u201ces una noticia muy positiva que la reforma a la Superintendencia del Medio Ambiente avance en su tramitaci\u00f3n legislativa. Este proyecto de ley tiene como objetivo fortalecer este organismo y, de esa manera, asegurar el cumplimiento ambiental y mejorar la fiscalizaci\u00f3n. Robustecer este rol significa proteger nuestro medioambiente y el patrimonio natural de Chile\u201d.<\/span><span data-ccp-props=\"{&quot;335551550&quot;:6,&quot;335551620&quot;:6}\">\u00a0<\/span><\/p>\n<p><span data-contrast=\"auto\">En tanto, la Superintendenta del Medio Ambiente, Marie Claude Plumer, explic\u00f3 que \u201cel avance de este proyecto es una muy buena noticia, ya que el fortalecimiento de la Instituci\u00f3n permitir\u00e1 no solo mejorar y corregir algunos aspectos que est\u00e1n contenidos en la ley org\u00e1nica actual de la SMA, sino tambi\u00e9n fortalecer las herramientas que tiene el Servicio a su disposici\u00f3n para mejorar tanto la fiscalizaci\u00f3n ambiental como la respuesta sancionatoria\u201d.\u00a0<\/span><span data-ccp-props=\"{&quot;335551550&quot;:6,&quot;335551620&quot;:6}\">\u00a0<\/span><\/p>\n<p><span data-contrast=\"auto\">Cabe recordar que la iniciativa -que se encuentra en su segundo tr\u00e1mite constitucional- fue aprobada en enero de 2025 por la C\u00e1mara de Diputadas y Diputados, tras ser revisada positivamente por las comisiones de Medio Ambiente y de Hacienda de la instancia.<\/span><span data-ccp-props=\"{&quot;335551550&quot;:6,&quot;335551620&quot;:6}\">\u00a0<\/span><\/p>\n","protected":false},"excerpt":{"rendered":"<p>Con esto, la Sala del Senado votar\u00e1 ahora la idea de legislar el proyecto del Ejecutivo, que est\u00e1 en segundo tr\u00e1mite. La iniciativa que moderniza la instituci\u00f3n y le proporciona nuevas y mejores herramientas para robustecer la fiscalizaci\u00f3n y el cumplimiento ambiental.\u00a0 \u00a0 Este lunes, la Comisi\u00f3n de Medio Ambiente, Cambio Clim\u00e1tico y Bienes Nacionales del <a href=\"https:\/\/portal.sma.gob.cl\/index.php\/proyecto-que-fortalece-la-sma-comision-de-medio-ambiente-del-senado-aprobo-idea-de-legislar-la-iniciativa-y-continua-su-avance\/\">Leer m\u00e1s<\/a><\/p>\n","protected":false},"author":13,"featured_media":36155,"comment_status":"open","ping_status":"open","sticky":false,"template":"","format":"standard","meta":{"footnotes":""},"categories":[90,107,225],"tags":[],"class_list":["post-36154","post","type-post","status-publish","format-standard","has-post-thumbnail","hentry","category-comunicados-noticias","category-destacado","category-macrozona-centro"],"_links":{"self":[{"href":"https:\/\/portal.sma.gob.cl\/index.php\/wp-json\/wp\/v2\/posts\/36154","targetHints":{"allow":["GET"]}}],"collection":[{"href":"https:\/\/portal.sma.gob.cl\/index.php\/wp-json\/wp\/v2\/posts"}],"about":[{"href":"https:\/\/portal.sma.gob.cl\/index.php\/wp-json\/wp\/v2\/types\/post"}],"author":[{"embeddable":true,"href":"https:\/\/portal.sma.gob.cl\/index.php\/wp-json\/wp\/v2\/users\/13"}],"replies":[{"embeddable":true,"href":"https:\/\/portal.sma.gob.cl\/index.php\/wp-json\/wp\/v2\/comments?post=36154"}],"version-history":[{"count":1,"href":"https:\/\/portal.sma.gob.cl\/index.php\/wp-json\/wp\/v2\/posts\/36154\/revisions"}],"predecessor-version":[{"id":36158,"href":"https:\/\/portal.sma.gob.cl\/index.php\/wp-json\/wp\/v2\/posts\/36154\/revisions\/36158"}],"wp:featuredmedia":[{"embeddable":true,"href":"https:\/\/portal.sma.gob.cl\/index.php\/wp-json\/wp\/v2\/media\/36155"}],"wp:attachment":[{"href":"https:\/\/portal.sma.gob.cl\/index.php\/wp-json\/wp\/v2\/media?parent=36154"}],"wp:term":[{"taxonomy":"category","embeddable":true,"href":"https:\/\/portal.sma.gob.cl\/index.php\/wp-json\/wp\/v2\/categories?post=36154"},{"taxonomy":"post_tag","embeddable":true,"href":"https:\/\/portal.sma.gob.cl\/index.php\/wp-json\/wp\/v2\/tags?post=36154"}],"curies":[{"name":"wp","href":"https:\/\/api.w.org\/{rel}","templated":true}]}}