{"id":36511,"date":"2025-08-04T10:15:09","date_gmt":"2025-08-04T14:15:09","guid":{"rendered":"https:\/\/portal.sma.gob.cl\/?p=36511"},"modified":"2025-08-07T10:00:51","modified_gmt":"2025-08-07T14:00:51","slug":"sma-de-chile-anla-de-colombia-y-el-ministerio-del-ambiente-de-uruguay-realizaron-seminario-virtual-centrado-en-la-incorporacion-de-variables-de-cambio-climatico-en-procesos-de-fiscalizacion-y-cumplim","status":"publish","type":"post","link":"https:\/\/portal.sma.gob.cl\/index.php\/sma-de-chile-anla-de-colombia-y-el-ministerio-del-ambiente-de-uruguay-realizaron-seminario-virtual-centrado-en-la-incorporacion-de-variables-de-cambio-climatico-en-procesos-de-fiscalizacion-y-cumplim\/","title":{"rendered":"SMA de Chile, ANLA de Colombia y el Ministerio del Ambiente de Uruguay realizaron seminario virtual centrado en la Incorporaci\u00f3n de Variables de Cambio Clim\u00e1tico en procesos de fiscalizaci\u00f3n y cumplimiento ambiental"},"content":{"rendered":"<ul>\n<li><strong><em>La actividad, que tambi\u00e9n cont\u00f3 con la participaci\u00f3n de la CEPAL, estuvo orientada en conocer la experiencia de los pa\u00edses de la regi\u00f3n que est\u00e1n integrando el cambio clim\u00e1tico tanto en la evaluaci\u00f3n, seguimiento, as\u00ed como tambi\u00e9n en la fiscalizaci\u00f3n ambiental.<\/em><\/strong><\/li>\n<\/ul>\n<p>En el marco de las actividades establecidas por la Red Latinoamericana de Fiscalizaci\u00f3n y Cumplimiento Ambiental (REDLAFICA) respecto a la focalizaci\u00f3n de proyectos 2025, en particular, al eje de\u00a0<strong>Cambio Clim\u00e1tico<\/strong>, la Superintendencia del Medio Ambiente (SMA) de Chile en conjunto con la Autoridad Nacional de Licencias Ambientales (ANLA) de Colombia y el Ministerio de Ambiente de Uruguay realizaron un seminario virtual denominado<strong><em>: \u201cIncorporaci\u00f3n de variables de Cambio Clim\u00e1tico en proceso de fiscalizaci\u00f3n y cumplimiento ambiental\u201d<\/em><\/strong>, webinar que cont\u00f3 tambi\u00e9n con la participaci\u00f3n de la Comisi\u00f3n Econ\u00f3mica para Am\u00e9rica Latina y el Caribe (CEPAL).<\/p>\n<p>El seminario fue moderado por <strong>Paula Roa<\/strong>, Profesional del Equipo de Cooperaci\u00f3n Internacional de la ANLA Colombia, y quien destac\u00f3 que la actividad cont\u00f3 con la conexi\u00f3n de m\u00e1s de 370 representantes de las distintas entidades que conforman la Red Latinoamericana de Fiscalizaci\u00f3n Ambiental (REDLAFICA) y de la Red Latinoamericana de Sistemas de Evaluaci\u00f3n de Impacto Ambiental (REDLASEIA), entre otras agencias y organismos.<\/p>\n<p>El evento tambi\u00e9n cont\u00f3 con la apertura de <strong>Marie Claude Plumer<\/strong>, Superintendenta del Medio Ambiente de Chile y presidenta pro tempore de REDLAFICA, quien agradeci\u00f3 la gran convocatoria de la actividad. <em>\u201cEstamos muy contentos de poder realizar este encuentro sobre un tema que ha sido de inter\u00e9s permanente de la Red Latinoamericana de Fiscalizaci\u00f3n Ambiental, la incorporaci\u00f3n del cambio clim\u00e1tico en los distintos espacios de problem\u00e1ticas que tenemos como agencias y en nuestros procesos de fiscalizaci\u00f3n, en nuestros procesos sancionatorios y de cumplimiento ambiental\u201d.<\/em><\/p>\n<p>La autoridad tambi\u00e9n enfatiz\u00f3 que <em>\u201cel cambio clim\u00e1tico es una variable que es hoy d\u00eda ineludible abordar, hacerse cargo y desde la \u00f3ptica que nos corresponde a nosotros en las distintas agencias, incorporarla en nuestra toma de decisiones\u201d.<\/em><\/p>\n<p>El webinar cont\u00f3 con la primera exposici\u00f3n a cargo de\u00a0<strong>Alba Olmos<\/strong>, Coordinadora del Grupo de Instrumentos de la Subdirecci\u00f3n de Instrumentos, Permisos y Tr\u00e1mites Ambientales de ANLA, y quien expuso sobre \u201cEl Cambio Clim\u00e1tico en la Evaluaci\u00f3n y Fiscalizaci\u00f3n Ambiental en Colombia\u201d, donde present\u00f3 tambi\u00e9n el caso de estudio del proyecto de la Mina La Calera respecto al Plan Integral de Gesti\u00f3n de Cambio Clim\u00e1tico (PIGCC).<\/p>\n<p>La ejecutiva de ANLA abord\u00f3 como tem\u00e1ticas la \u201csombrilla jur\u00eddica\u201d del pa\u00eds cafetero (sentencia C280-2024); las variables de cambio clim\u00e1tico en instrumentos de manejo y control; an\u00e1lisis de instrumentos utilizados en la evaluaci\u00f3n y definici\u00f3n de medidas adicionales; seguimiento y fiscalizaci\u00f3n ambiental desde la entidad; y expuso sobre lecciones aprendidas y oportunidades de mejora sobre esta materia.<\/p>\n<p>Luego, el seminario cont\u00f3 con la exposici\u00f3n de <strong>Juan Peregall\u00ed<\/strong>, Asesor de la Direcci\u00f3n Nacional de Calidad y Evaluaci\u00f3n Ambiental (DINACEA) del Ministerio de Ambiente de Uruguay, quien explic\u00f3 sobre el contexto normativo ambiental de la Rep\u00fablica Oriental del Uruguay, en particular sobre el art\u00edculo 47 de su constituci\u00f3n, la Ley N\u00b0 17.283 sobre Protecci\u00f3n General del Ambiente, Ley N\u00b0 16.466 respecto a la Evaluaci\u00f3n de Impacto Ambiental, entre otros normas y decretos uruguayos.<\/p>\n<p>Peregalli tambi\u00e9n abord\u00f3 la Estrategia de Control y Mejora de Desempe\u00f1o y la incorporaci\u00f3n del cambio clim\u00e1tico y la variabilidad clim\u00e1tica a los procesos de autorizaci\u00f3n ambiental previa y autorizaci\u00f3n ambiental de operaci\u00f3n en Uruguay.<\/p>\n<p>La actividad continu\u00f3 con las presentaciones de <strong>Francisca Vergara<\/strong> <strong>y Gabriel Bustos<\/strong>, profesionales de la Divisi\u00f3n de Sanci\u00f3n y Cumplimiento (DSC) de la SMA, quienes relevaron la incorporaci\u00f3n de la variable del cambio clim\u00e1tico en sanciones administrativas ambientales desde la experiencia del organismo chileno.<\/p>\n<p>Los profesionales de la SMA explicaron el alcance de la Ley Marco Cambio Clim\u00e1tico (Ley N\u00b0 21.455), vigente desde el 2022 en Chile,\u00a0 y que integra el principio de urgencia clim\u00e1tica; consagra el principio precautorio -ya incorporado en la Ley N\u00b0 19.300; y que establece -principalmente- que los \u00f3rganos estatales deben adoptar medidas ante amenazas asociadas a cambio clim\u00e1tico, incluso si existe incertidumbre cient\u00edfica sobre el alcance de los efectos o da\u00f1os ambientales futuros que puedan generarse, y exige a las entidades estatales considerar las variables de cambio clim\u00e1tico en la elaboraci\u00f3n y evaluaci\u00f3n de sus pol\u00edticas, planes, programas y normas.<\/p>\n<p>Por \u00faltimo, <strong>Mauricio Pereira<\/strong>, profesional de la Divisi\u00f3n de Desarrollo Sostenible y Asentamientos Humanos de la Comisi\u00f3n Econ\u00f3mica para Am\u00e9rica Latina y el Caribe (CEPAL), present\u00f3 sobre los antecedentes y compromisos en materia de cambio clim\u00e1tico levantando por el organismo internacional; cambio clim\u00e1tico en los proyectos de inversi\u00f3n; monitoreo y fiscalizaci\u00f3n.<\/p>\n<p>Y, en este \u00faltimo punto, Pereira sostuvo que la CEPAL ha recomendado integrar el cambio clim\u00e1tico en los Estudio de Impacto Ambiental (EIA); considerar la din\u00e1mica del cambio clim\u00e1tico, su variabilidad e incertidumbre; explorar medidas fiscales y tributarias que impulsen inversiones en proyectos de mitigaci\u00f3n y adaptaci\u00f3n al cambio clim\u00e1tico; reforzar los recursos institucionales de licenciamiento y fiscalizaci\u00f3n; y reforzar capacidades TOPP: T\u00e9cnicas -especializadas-, Operativas -coordinaci\u00f3n y ejecuci\u00f3n-, Pol\u00edticas\u00a0 -negociaci\u00f3n- y Prospectivas -anticipaci\u00f3n-.<\/p>\n<p>Al t\u00e9rmino de las presentaciones los expositores abordaron distintas preguntas planteadas por la audiencia del seminario virtual que se extendi\u00f3 por casi de dos horas.<\/p>\n<p>Invitamos a conocer las presentaciones del taller, as\u00ed como tambi\u00e9n su reproducci\u00f3n, a trav\u00e9s del siguientes links:<\/p>\n<ul>\n<li><span style=\"text-decoration: underline;\"><a href=\"https:\/\/portal.sma.gob.cl\/index.php\/download\/redlafica-cambio-climatico\/?wpdmdl=36514&amp;masterkey=7f_u4MmiLUJIOIe1e1s0ObCRMzxxRTQW9XKi8o-8ZsEqORAcNufbndS-1bNynr_yxPq6sp2Ls4Qj_apsglICf2LLzl2UXwUuErEPrRna5RQ\">Presentaciones<\/a><\/span><\/li>\n<\/ul>\n<p>Video webinar:<\/p>\n<div class=\"video-shortcode\"><iframe title=\"Incorporaci\u00f3n de variables de Cambio Clim\u00e1tico en proceso de fiscalizaci\u00f3n y cumplimiento ambiental\" width=\"1100\" height=\"619\" src=\"https:\/\/www.youtube.com\/embed\/5yrtteYXIJw?feature=oembed\" frameborder=\"0\" allow=\"accelerometer; autoplay; clipboard-write; encrypted-media; gyroscope; picture-in-picture; web-share\" referrerpolicy=\"strict-origin-when-cross-origin\" allowfullscreen><\/iframe><\/div>\n","protected":false},"excerpt":{"rendered":"<p>La actividad, que tambi\u00e9n cont\u00f3 con la participaci\u00f3n de la CEPAL, estuvo orientada en conocer la experiencia de los pa\u00edses de la regi\u00f3n que est\u00e1n integrando el cambio clim\u00e1tico tanto en la evaluaci\u00f3n, seguimiento, as\u00ed como tambi\u00e9n en la fiscalizaci\u00f3n ambiental. En el marco de las actividades establecidas por la Red Latinoamericana de Fiscalizaci\u00f3n y Cumplimiento <a href=\"https:\/\/portal.sma.gob.cl\/index.php\/sma-de-chile-anla-de-colombia-y-el-ministerio-del-ambiente-de-uruguay-realizaron-seminario-virtual-centrado-en-la-incorporacion-de-variables-de-cambio-climatico-en-procesos-de-fiscalizacion-y-cumplim\/\">Leer m\u00e1s<\/a><\/p>\n","protected":false},"author":8,"featured_media":29765,"comment_status":"open","ping_status":"open","sticky":false,"template":"","format":"standard","meta":{"footnotes":""},"categories":[90,225,232,271],"tags":[],"class_list":["post-36511","post","type-post","status-publish","format-standard","has-post-thumbnail","hentry","category-comunicados-noticias","category-macrozona-centro","category-metropolitana","category-redlafica"],"_links":{"self":[{"href":"https:\/\/portal.sma.gob.cl\/index.php\/wp-json\/wp\/v2\/posts\/36511","targetHints":{"allow":["GET"]}}],"collection":[{"href":"https:\/\/portal.sma.gob.cl\/index.php\/wp-json\/wp\/v2\/posts"}],"about":[{"href":"https:\/\/portal.sma.gob.cl\/index.php\/wp-json\/wp\/v2\/types\/post"}],"author":[{"embeddable":true,"href":"https:\/\/portal.sma.gob.cl\/index.php\/wp-json\/wp\/v2\/users\/8"}],"replies":[{"embeddable":true,"href":"https:\/\/portal.sma.gob.cl\/index.php\/wp-json\/wp\/v2\/comments?post=36511"}],"version-history":[{"count":5,"href":"https:\/\/portal.sma.gob.cl\/index.php\/wp-json\/wp\/v2\/posts\/36511\/revisions"}],"predecessor-version":[{"id":36522,"href":"https:\/\/portal.sma.gob.cl\/index.php\/wp-json\/wp\/v2\/posts\/36511\/revisions\/36522"}],"wp:featuredmedia":[{"embeddable":true,"href":"https:\/\/portal.sma.gob.cl\/index.php\/wp-json\/wp\/v2\/media\/29765"}],"wp:attachment":[{"href":"https:\/\/portal.sma.gob.cl\/index.php\/wp-json\/wp\/v2\/media?parent=36511"}],"wp:term":[{"taxonomy":"category","embeddable":true,"href":"https:\/\/portal.sma.gob.cl\/index.php\/wp-json\/wp\/v2\/categories?post=36511"},{"taxonomy":"post_tag","embeddable":true,"href":"https:\/\/portal.sma.gob.cl\/index.php\/wp-json\/wp\/v2\/tags?post=36511"}],"curies":[{"name":"wp","href":"https:\/\/api.w.org\/{rel}","templated":true}]}}