{"id":36572,"date":"2025-08-13T11:32:35","date_gmt":"2025-08-13T15:32:35","guid":{"rendered":"https:\/\/portal.sma.gob.cl\/?p=36572"},"modified":"2025-08-22T16:19:33","modified_gmt":"2025-08-22T20:19:33","slug":"presidencia-pro-tempore-realizo-segunda-reunion-de-trabajo-2025-con-puntos-focales-de-redlafica","status":"publish","type":"post","link":"https:\/\/portal.sma.gob.cl\/index.php\/presidencia-pro-tempore-realizo-segunda-reunion-de-trabajo-2025-con-puntos-focales-de-redlafica\/","title":{"rendered":"Presidencia Pro Tempore realiz\u00f3 segunda reuni\u00f3n de trabajo 2025 con puntos focales de REDLAFICA"},"content":{"rendered":"<ul>\n<li><strong>Durante el encuentro se revisaron los preparativos del XII Di\u00e1logo Regional de Pol\u00edtica de Licenciamiento y Fiscalizaci\u00f3n Ambiental y Social (DRP) organizado por el BID, y que se realizar\u00e1 en la ciudad de Santa Marta, Colombia.<\/strong><\/li>\n<li><strong>Adem\u00e1s, se revis\u00f3 la agenda de seminarios y productos que se realizar\u00e1n durante este \u00faltimo cuatrimestre, entre otros temas.<\/strong><\/li>\n<\/ul>\n<p>La Presidencia Pro Tempore de la\u00a0<a href=\"http:\/\/www.redlafica.org\/\"><strong>Red Latinoamericana de Fiscalizaci\u00f3n y Cumplimiento Ambiental (REDLAFICA)<\/strong><\/a>, a trav\u00e9s de\u00a0Daniela Pe\u00f1a, jefa de la Oficina de Gesti\u00f3n Estrat\u00e9gica de la Superintendencia del Medio Ambiente (SMA) de Chile y Coordinadora de la Red, dirigi\u00f3 ayer una segunda sesi\u00f3n extraordinaria de trabajo con los Puntos Focales designados por los pa\u00edses miembros de la Entidad. La actividad tuvo por objeto revisar los compromisos agendados para el tercer cuatrimestre de este a\u00f1o, y donde destaca la realizaci\u00f3n del XII Di\u00e1logo Regional de Pol\u00edtica de Licenciamiento y Fiscalizaci\u00f3n Ambiental y Social (DRP) organizado por el BID, y que se realizar\u00e1 en la ciudad de Santa Marta, Colombia entre el 29 de septiembre y el 4 de octubre.<\/p>\n<p>La reuni\u00f3n comenz\u00f3 con palabras de bienvenida de la Presidenta Pro Tempore de Redlafica y Superintendenta del Medio Ambiente (SMA) de Chile, Marie Claude Plumer, quien relev\u00f3 el objeto de esta reuni\u00f3n centrado en revisar la propuesta de la agenda del XII DPR e ir definiendo todos los detalles que es necesario resolver previo a su desarrollo.<\/p>\n<p><em>\u201cNosotros ya hemos tenido un par de reuniones de organizaci\u00f3n con Colombia y tambi\u00e9n con el equipo del BID para ir preparando los detalles de este gran encuentro, tanto lo log\u00edstico, como tambi\u00e9n algunas ideas de la programaci\u00f3n, as\u00ed que es importante ahora que cada uno tambi\u00e9n pueda participar en estas definiciones, porque finalmente de todo esto va a depender el \u00e9xito de nuestra actividad que se desarrollar\u00e1 a fines de septiembre, comienzos de octubre\u201d, <\/em>destac\u00f3 la autoridad.<\/p>\n<p>Durante la reuni\u00f3n, junto con detallar la propuesta de agenda del XII DPR -instancia donde se realiza el encuentro anual de REDLFAFICA-, tambi\u00e9n se anunci\u00f3 que en esta oportunidad, el encuentro se extender\u00e1 por un d\u00eda adicional, con la finalidad de que todos los pa\u00edses participantes puedan asistir a la inauguraci\u00f3n del Congreso Internacional de la Autoridad Nacional de Licencias Ambientales (ANLA) de Colombia.<\/p>\n<p>Junto con lo anterior, tambi\u00e9n se profundiz\u00f3 sobre la agenda de actividades comprometidas para este \u00faltimo cuatrimestre del periodo 25\u00b4, y cuya parrilla program\u00e1tica ha estado centrada en distintos ejes de acci\u00f3n.<\/p>\n<p>Respecto al eje sobre \u201cbuenas pr\u00e1cticas en pr\u00e1cticas en fiscalizaci\u00f3n y uso de tecnolog\u00edas\u201d\u200b, la red realizar\u00e1 un webinar sobre miner\u00eda, uso de tecnolog\u00eda y otros temas asociados el pr\u00f3ximo 28 de agosto a cargo de IBAMA Brasil. Tambi\u00e9n, bajo este eje, se trabajar\u00e1 en una nota t\u00e9cnica sobre capacitaciones de inspectores ambientales, a cargo de OEFA Per\u00fa.<\/p>\n<p>En cuanto al eje sobre \u201cimpactos fronterizos transfronterizos\u201d, REDLAFICA est\u00e1 organizando un intercambio entre OEFA Per\u00fa y ANLA Colombia que se desarrollar\u00e1 entre el 20 al 25 de octubre.<\/p>\n<p>En \u201cmodelos sancionatorios\u201d, ANLA Colombia est\u00e1 trabajando en una nota t\u00e9cnica sobre modelos sancionatorios de Latinoam\u00e9rica.<\/p>\n<p>Y, por \u00faltimo, en el eje \u201cmonitoreo participativo\u201d, Ecuador y Honduras est\u00e1n trabajando en un seminario web centrado en casos destacados de esta materia.<\/p>\n<p>Todos los resultados de estas actividades, as\u00ed como las fechas finales de cada una, se comunicar\u00e1n oportunamente.<\/p>\n<p>&nbsp;<\/p>\n<p><strong>Sobre la Red<\/strong><\/p>\n<p><strong>REDLAFICA<\/strong>\u202fes una organizaci\u00f3n integrada por instituciones p\u00fablicas que ejercen funciones de car\u00e1cter ambiental en los pa\u00edses de Argentina, Brasil, Bolivia, Colombia, Costa Rica, Chile, Ecuador, El Salvador, Guatemala, Honduras, M\u00e9xico, Panam\u00e1, Paraguay, Per\u00fa, Rep\u00fablica Dominicana y Uruguay. La Red surge con el objetivo de mejorar la fiscalizaci\u00f3n y el cumplimiento ambiental de toda la regi\u00f3n de Latinoam\u00e9rica.<\/p>\n","protected":false},"excerpt":{"rendered":"<p>Durante el encuentro se revisaron los preparativos del XII Di\u00e1logo Regional de Pol\u00edtica de Licenciamiento y Fiscalizaci\u00f3n Ambiental y Social (DRP) organizado por el BID, y que se realizar\u00e1 en la ciudad de Santa Marta, Colombia. Adem\u00e1s, se revis\u00f3 la agenda de seminarios y productos que se realizar\u00e1n durante este \u00faltimo cuatrimestre, entre otros temas. La <a href=\"https:\/\/portal.sma.gob.cl\/index.php\/presidencia-pro-tempore-realizo-segunda-reunion-de-trabajo-2025-con-puntos-focales-de-redlafica\/\">Leer m\u00e1s<\/a><\/p>\n","protected":false},"author":8,"featured_media":36574,"comment_status":"open","ping_status":"open","sticky":false,"template":"","format":"standard","meta":{"footnotes":""},"categories":[90,225,232,271],"tags":[],"class_list":["post-36572","post","type-post","status-publish","format-standard","has-post-thumbnail","hentry","category-comunicados-noticias","category-macrozona-centro","category-metropolitana","category-redlafica"],"_links":{"self":[{"href":"https:\/\/portal.sma.gob.cl\/index.php\/wp-json\/wp\/v2\/posts\/36572","targetHints":{"allow":["GET"]}}],"collection":[{"href":"https:\/\/portal.sma.gob.cl\/index.php\/wp-json\/wp\/v2\/posts"}],"about":[{"href":"https:\/\/portal.sma.gob.cl\/index.php\/wp-json\/wp\/v2\/types\/post"}],"author":[{"embeddable":true,"href":"https:\/\/portal.sma.gob.cl\/index.php\/wp-json\/wp\/v2\/users\/8"}],"replies":[{"embeddable":true,"href":"https:\/\/portal.sma.gob.cl\/index.php\/wp-json\/wp\/v2\/comments?post=36572"}],"version-history":[{"count":1,"href":"https:\/\/portal.sma.gob.cl\/index.php\/wp-json\/wp\/v2\/posts\/36572\/revisions"}],"predecessor-version":[{"id":36573,"href":"https:\/\/portal.sma.gob.cl\/index.php\/wp-json\/wp\/v2\/posts\/36572\/revisions\/36573"}],"wp:featuredmedia":[{"embeddable":true,"href":"https:\/\/portal.sma.gob.cl\/index.php\/wp-json\/wp\/v2\/media\/36574"}],"wp:attachment":[{"href":"https:\/\/portal.sma.gob.cl\/index.php\/wp-json\/wp\/v2\/media?parent=36572"}],"wp:term":[{"taxonomy":"category","embeddable":true,"href":"https:\/\/portal.sma.gob.cl\/index.php\/wp-json\/wp\/v2\/categories?post=36572"},{"taxonomy":"post_tag","embeddable":true,"href":"https:\/\/portal.sma.gob.cl\/index.php\/wp-json\/wp\/v2\/tags?post=36572"}],"curies":[{"name":"wp","href":"https:\/\/api.w.org\/{rel}","templated":true}]}}