{"id":36598,"date":"2025-08-21T14:02:31","date_gmt":"2025-08-21T18:02:31","guid":{"rendered":"https:\/\/portal.sma.gob.cl\/?p=36598"},"modified":"2025-08-21T14:04:50","modified_gmt":"2025-08-21T18:04:50","slug":"fortalecer-la-coordinacion-sma-siss-y-directemar-realizan-taller-orientado-en-el-sector-sanitario","status":"publish","type":"post","link":"https:\/\/portal.sma.gob.cl\/index.php\/fortalecer-la-coordinacion-sma-siss-y-directemar-realizan-taller-orientado-en-el-sector-sanitario\/","title":{"rendered":"Fortalecer la coordinaci\u00f3n: SMA, SISS y Directemar realizan taller orientado en el sector sanitario"},"content":{"rendered":"<ul>\n<li>El taller se realiz\u00f3 junto a la Directemar y la SISS, y cont\u00f3 con la participaci\u00f3n de m\u00e1s de 200 funcionarios de las tres instituciones. En la actividad se abord\u00f3 el marco normativo de cada Servicio en materia ambiental y sanitaria, con foco en la fiscalizaci\u00f3n en cuerpos de agua navegables, donde los tres organismos tienen competencias compartidas.<\/li>\n<\/ul>\n<p>La Superintendencia del Medio Ambiente (SMA) junto a la Direcci\u00f3n General del Territorio Mar\u00edtimo y de Marina Mercante (Directemar) y la Superintendencia de Servicios Sanitarios (SISS) llevaron a cabo un taller con el objetivo de capacitar a funcionarios de las tres instituciones en materia de fiscalizaci\u00f3n de empresas de servicios sanitarios concesionados.<\/p>\n<p>El objetivo del encuentro fue generar una mayor coordinaci\u00f3n y promover un mejor conocimiento de las funciones de cada organismo y sus atribuciones.<\/p>\n<p>Durante el taller -que reuni\u00f3 a m\u00e1s de 200 funcionarios de los tres organismos a nivel nacional- se abord\u00f3 el marco normativo de cada entidad en materia ambiental y sanitaria, en relaci\u00f3n a las competencias de cada uno. Esto, con foco en las actividades de fiscalizaci\u00f3n que involucran cuerpos de agua navegables donde concurren competencias compartidas, relevando los protocolos y convenios de colaboraci\u00f3n que han sido suscritos.<\/p>\n<p><img decoding=\"async\" class=\"wp-image-36601 aligncenter\" src=\"https:\/\/portal.sma.gob.cl\/wp-content\/uploads\/2025\/08\/Imagen1-300x169.png\" alt=\"\" width=\"362\" height=\"204\" srcset=\"https:\/\/portal.sma.gob.cl\/wp-content\/uploads\/2025\/08\/Imagen1-200x113.png 200w, https:\/\/portal.sma.gob.cl\/wp-content\/uploads\/2025\/08\/Imagen1-300x169.png 300w, https:\/\/portal.sma.gob.cl\/wp-content\/uploads\/2025\/08\/Imagen1-400x225.png 400w, https:\/\/portal.sma.gob.cl\/wp-content\/uploads\/2025\/08\/Imagen1-600x338.png 600w, https:\/\/portal.sma.gob.cl\/wp-content\/uploads\/2025\/08\/Imagen1-768x433.png 768w, https:\/\/portal.sma.gob.cl\/wp-content\/uploads\/2025\/08\/Imagen1-800x451.png 800w, https:\/\/portal.sma.gob.cl\/wp-content\/uploads\/2025\/08\/Imagen1-1024x577.png 1024w, https:\/\/portal.sma.gob.cl\/wp-content\/uploads\/2025\/08\/Imagen1-1200x676.png 1200w, https:\/\/portal.sma.gob.cl\/wp-content\/uploads\/2025\/08\/Imagen1.png 1439w\" sizes=\"(max-width: 362px) 100vw, 362px\" \/><\/p>\n<p>En la instancia se revis\u00f3, adem\u00e1s, un caso pr\u00e1ctico donde se presentaron las gestiones realizadas por los tres organismos, y se dio un espacio para resolver dudas ligadas a la coordinaci\u00f3n interinstitucional.<\/p>\n<p>En representaci\u00f3n de la SMA, el equipo de Recursos H\u00eddricos de la Divisi\u00f3n de Fiscalizaci\u00f3n realiz\u00f3 una presentaci\u00f3n a los asistentes, entre los que tambi\u00e9n estuvieron equipos de las oficinas regionales y de la Divisi\u00f3n de Sanci\u00f3n y Cumplimiento.<\/p>\n<p>&nbsp;<\/p>\n","protected":false},"excerpt":{"rendered":"<p>El taller se realiz\u00f3 junto a la Directemar y la SISS, y cont\u00f3 con la participaci\u00f3n de m\u00e1s de 200 funcionarios de las tres instituciones. En la actividad se abord\u00f3 el marco normativo de cada Servicio en materia ambiental y sanitaria, con foco en la fiscalizaci\u00f3n en cuerpos de agua navegables, donde los tres organismos tienen <a href=\"https:\/\/portal.sma.gob.cl\/index.php\/fortalecer-la-coordinacion-sma-siss-y-directemar-realizan-taller-orientado-en-el-sector-sanitario\/\">Leer m\u00e1s<\/a><\/p>\n","protected":false},"author":13,"featured_media":36599,"comment_status":"open","ping_status":"open","sticky":false,"template":"","format":"standard","meta":{"footnotes":""},"categories":[90,225],"tags":[],"class_list":["post-36598","post","type-post","status-publish","format-standard","has-post-thumbnail","hentry","category-comunicados-noticias","category-macrozona-centro"],"_links":{"self":[{"href":"https:\/\/portal.sma.gob.cl\/index.php\/wp-json\/wp\/v2\/posts\/36598","targetHints":{"allow":["GET"]}}],"collection":[{"href":"https:\/\/portal.sma.gob.cl\/index.php\/wp-json\/wp\/v2\/posts"}],"about":[{"href":"https:\/\/portal.sma.gob.cl\/index.php\/wp-json\/wp\/v2\/types\/post"}],"author":[{"embeddable":true,"href":"https:\/\/portal.sma.gob.cl\/index.php\/wp-json\/wp\/v2\/users\/13"}],"replies":[{"embeddable":true,"href":"https:\/\/portal.sma.gob.cl\/index.php\/wp-json\/wp\/v2\/comments?post=36598"}],"version-history":[{"count":4,"href":"https:\/\/portal.sma.gob.cl\/index.php\/wp-json\/wp\/v2\/posts\/36598\/revisions"}],"predecessor-version":[{"id":36604,"href":"https:\/\/portal.sma.gob.cl\/index.php\/wp-json\/wp\/v2\/posts\/36598\/revisions\/36604"}],"wp:featuredmedia":[{"embeddable":true,"href":"https:\/\/portal.sma.gob.cl\/index.php\/wp-json\/wp\/v2\/media\/36599"}],"wp:attachment":[{"href":"https:\/\/portal.sma.gob.cl\/index.php\/wp-json\/wp\/v2\/media?parent=36598"}],"wp:term":[{"taxonomy":"category","embeddable":true,"href":"https:\/\/portal.sma.gob.cl\/index.php\/wp-json\/wp\/v2\/categories?post=36598"},{"taxonomy":"post_tag","embeddable":true,"href":"https:\/\/portal.sma.gob.cl\/index.php\/wp-json\/wp\/v2\/tags?post=36598"}],"curies":[{"name":"wp","href":"https:\/\/api.w.org\/{rel}","templated":true}]}}