{"id":36635,"date":"2025-08-27T13:12:06","date_gmt":"2025-08-27T17:12:06","guid":{"rendered":"https:\/\/portal.sma.gob.cl\/?p=36635"},"modified":"2025-08-27T14:59:10","modified_gmt":"2025-08-27T18:59:10","slug":"tarapaca-sma-ordena-medidas-provisionales-contra-constructora-equis-spa-por-superacion-a-la-norma-de-ruido","status":"publish","type":"post","link":"https:\/\/portal.sma.gob.cl\/index.php\/tarapaca-sma-ordena-medidas-provisionales-contra-constructora-equis-spa-por-superacion-a-la-norma-de-ruido\/","title":{"rendered":"Tarapac\u00e1: SMA ordena medidas provisionales contra Constructora Equis SpA por superaci\u00f3n a la Norma de Ruido"},"content":{"rendered":"<ul>\n<li><strong>La Superintendencia recibi\u00f3 26 denuncias de los vecinos del sector donde se desarrolla la faena constructiva. Como parte de las medidas ordenadas por la SMA, el titular deber\u00e1 instalar pantallas ac\u00fasticas perimetrales en todo el per\u00edmetro de la obra.<\/strong><\/li>\n<\/ul>\n<p>La Superintendencia del Medio Ambiente (SMA) orden\u00f3 la aplicaci\u00f3n de medidas provisionales pre-procedimentales contra la Constructora Equis SpA, ubicada en la comuna de Iquique, luego de constatar superaciones a los l\u00edmites m\u00e1ximos establecidos en la Norma de Emisi\u00f3n de Ruidos para zona II (residencial), conforme al Plan Regulador de la comuna de Iquique.<\/p>\n<p>Estas medidas se originaron tras 15 denuncias ciudadanas presentadas por vecinos del sector los d\u00edas 13 y 14 de agosto, quienes reportaron ruidos molestos provenientes de la faena, donde se ejecutan labores de excavaci\u00f3n y movimiento de camiones con excavadoras y maquinaria pesada equipada con martillo hidr\u00e1ulico, en horario de lunes a viernes, entre las 08:00 y 19:00 horas. Posteriormente, se sumaron otras 11 denuncias por la misma causa.<\/p>\n<p>En respuesta a estas denuncias, fiscalizadores de la SMA realizaron dos inspecciones ambientales en el lugar, constatando que el ruido proveniente de las faenas, se deb\u00eda a uso de maquinaria pesada.<\/p>\n<p>Al respecto, la jefa de la Oficina Regional de la SMA en Tarapac\u00e1, Valeska Mu\u00f1oz destac\u00f3 que <em>\u201ccon estas medidas buscamos proteger la salud de los vecinos del sector, quienes actualmente est\u00e1n expuestos a la contaminaci\u00f3n ac\u00fastica generada por esta faena, considerando que hemos constatado la superaci\u00f3n de la norma de emisi\u00f3n de ruidos en el lugar\u201d.<\/em><\/p>\n<p>Considerando estos antecedentes, la Superintendencia orden\u00f3 a la empresa adoptar las siguientes medidas provisionales:<\/p>\n<ol>\n<li><strong>Instalar en todo el per\u00edmetro de la obra pantallas ac\u00fasticas perimetrales<\/strong>. La medida deber\u00e1 ser implementada de manera permanente, asegurando la debida estabilidad de las barreras, y la empresa contar\u00e1 con un plazo de 15 d\u00edas h\u00e1biles para su ejecuci\u00f3n.<\/li>\n<li><strong>Los camiones utilizados para el retiro de material de excavaci\u00f3n deber\u00e1n contar con revestimiento de caucho en la tolva, a fin de evitar ruidos durante la faena de carga del material extra\u00eddo del terreno.<\/strong> La medida deber\u00e1 ser implementada de manera inmediata y permanente, en un plazo de 15 d\u00edas h\u00e1biles.<\/li>\n<li><strong>Presentar un plan de coordinaci\u00f3n con la comunidad en el que se informe los d\u00edas y horarios en los que se efectuar\u00e1n las tareas m\u00e1s ruidosas y capacitaci\u00f3n a los trabajadores. <\/strong>Esta medida deber\u00e1 ser implementada de manera permanente y realizada dentro de los primeros 10 d\u00edas h\u00e1biles.<\/li>\n<li><strong>Prohibir la realizaci\u00f3n de actividades con excavadora y excavadora con martillo hidr\u00e1ulico con anterioridad a las 09:00 horas y con posterioridad a las 18:00 horas, mientras no se encuentre implementada la construcci\u00f3n de barreras ac\u00fasticas y presentado el plan de coordinaci\u00f3n con la comunidad.<\/strong> La medida deber\u00e1 ser ejecutada de manera inmediata, por 15 d\u00edas h\u00e1biles.<\/li>\n<\/ol>\n<p>M\u00e1s informaci\u00f3n sobre este caso en el Sistema Nacional de Informaci\u00f3n de Fiscalizaci\u00f3n Ambiental (SNIFA): <a href=\"https:\/\/snifa.sma.gob.cl\/MedidaProvisional\/Ficha\/517\">https:\/\/snifa.sma.gob.cl\/MedidaProvisional\/Ficha\/517<\/a><\/p>\n","protected":false},"excerpt":{"rendered":"<p>La Superintendencia recibi\u00f3 26 denuncias de los vecinos del sector donde se desarrolla la faena constructiva. Como parte de las medidas ordenadas por la SMA, el titular deber\u00e1 instalar pantallas ac\u00fasticas perimetrales en todo el per\u00edmetro de la obra. La Superintendencia del Medio Ambiente (SMA) orden\u00f3 la aplicaci\u00f3n de medidas provisionales pre-procedimentales contra la Constructora Equis <a href=\"https:\/\/portal.sma.gob.cl\/index.php\/tarapaca-sma-ordena-medidas-provisionales-contra-constructora-equis-spa-por-superacion-a-la-norma-de-ruido\/\">Leer m\u00e1s<\/a><\/p>\n","protected":false},"author":8,"featured_media":36634,"comment_status":"open","ping_status":"open","sticky":false,"template":"","format":"standard","meta":{"footnotes":""},"categories":[90,107,224,242],"tags":[],"class_list":["post-36635","post","type-post","status-publish","format-standard","has-post-thumbnail","hentry","category-comunicados-noticias","category-destacado","category-macrozona-norte","category-tarapaca"],"_links":{"self":[{"href":"https:\/\/portal.sma.gob.cl\/index.php\/wp-json\/wp\/v2\/posts\/36635","targetHints":{"allow":["GET"]}}],"collection":[{"href":"https:\/\/portal.sma.gob.cl\/index.php\/wp-json\/wp\/v2\/posts"}],"about":[{"href":"https:\/\/portal.sma.gob.cl\/index.php\/wp-json\/wp\/v2\/types\/post"}],"author":[{"embeddable":true,"href":"https:\/\/portal.sma.gob.cl\/index.php\/wp-json\/wp\/v2\/users\/8"}],"replies":[{"embeddable":true,"href":"https:\/\/portal.sma.gob.cl\/index.php\/wp-json\/wp\/v2\/comments?post=36635"}],"version-history":[{"count":3,"href":"https:\/\/portal.sma.gob.cl\/index.php\/wp-json\/wp\/v2\/posts\/36635\/revisions"}],"predecessor-version":[{"id":36638,"href":"https:\/\/portal.sma.gob.cl\/index.php\/wp-json\/wp\/v2\/posts\/36635\/revisions\/36638"}],"wp:featuredmedia":[{"embeddable":true,"href":"https:\/\/portal.sma.gob.cl\/index.php\/wp-json\/wp\/v2\/media\/36634"}],"wp:attachment":[{"href":"https:\/\/portal.sma.gob.cl\/index.php\/wp-json\/wp\/v2\/media?parent=36635"}],"wp:term":[{"taxonomy":"category","embeddable":true,"href":"https:\/\/portal.sma.gob.cl\/index.php\/wp-json\/wp\/v2\/categories?post=36635"},{"taxonomy":"post_tag","embeddable":true,"href":"https:\/\/portal.sma.gob.cl\/index.php\/wp-json\/wp\/v2\/tags?post=36635"}],"curies":[{"name":"wp","href":"https:\/\/api.w.org\/{rel}","templated":true}]}}